{"id":163,"date":"2022-06-24T15:26:14","date_gmt":"2022-06-24T18:26:14","guid":{"rendered":"https:\/\/www.paparazzinews.com.br\/?p=163"},"modified":"2022-06-24T15:26:16","modified_gmt":"2022-06-24T18:26:16","slug":"andradina-inicia-instalacao-de-aparelhos-de-ar-condicionado-em-escolas","status":"publish","type":"post","link":"https:\/\/www.paparazzinews.com.br\/?p=163","title":{"rendered":"Andradina inicia instala\u00e7\u00e3o de aparelhos de ar condicionado em escolas"},"content":{"rendered":"\n<p>A Secretaria da Educa\u00e7\u00e3o do Governo de Andradina iniciou a instala\u00e7\u00e3o de 120 aparelhos de ar condicionado em todas as unidades escolares da Rede Municipal de Andradina. Com investimento aproximado de R$ 435 mil (quatrocentos e trinta e cinco mil Reais). <\/p>\n\n\n\n<p>O projeto \u00e9 que a climatiza\u00e7\u00e3o mude a vida dos 5 mil alunos da rede, matriculados nas EMEIs (Escola Municipal de Educa\u00e7\u00e3o Infantil), nos Centros Educacionais Infat\u00eds) EMEFs (Escolas Municipais de Educa\u00e7\u00e3o Fundamental) e escolas de per\u00edodo integral. Neste processo tamb\u00e9m est\u00e3o sendo realizadas as adequa\u00e7\u00f5es nas redes el\u00e9tricas da EMEBI Humberto Passarelli e EMEF Zoraide de Carvalho Oliveira.<\/p>\n\n\n\n<p><br>Segundo a secret\u00e1ria de Educa\u00e7\u00e3o Estela Cassiolato Goda, os esfor\u00e7os da Secretaria Municipal de Educa\u00e7\u00e3o para oferecer mais conforto e qualidade para os nossos alunos \u00e9 uma miss\u00e3o di\u00e1ria; \u201cDesde o in\u00edcio da administra\u00e7\u00e3o temos descansado para atingir o n\u00cdvel de uma educa\u00e7\u00e3o de excel\u00eancia para Andradina. Estamos cada vez melhores, investindo integralmente os recurso em prol da comunidade escolar\u201d, disse Estela Goda.<\/p>\n\n\n\n<p><br>Estela afirma que a climatiza\u00e7\u00e3o das escolas \u00e9 um dos compromissos de gest\u00e3o do prefeito M\u00e1rio Celso Lopes, com o objetivo de oferecer mais conforto e qualidade aos alunos e professores, tendo em vista as altas temperaturas que s\u00e3o comumente registradas na cidade, em grande parte do ano.<\/p>\n\n\n\n<p><br>O subsecret\u00e1rio de Educa\u00e7\u00e3o, Kleberson Santos, essas a\u00e7\u00f5es d\u00e3o prosseguimento ao avan\u00e7o estrutural e tecnol\u00f3gico na Rede Municipal de Ensino, que ainda contara com instala\u00e7\u00f5es de energia fotovoltaica em todas as unidades, tornando a educa\u00e7\u00e3o o primeiro setor totalmente autosufiente em energia el\u00e9trica. \u201cCom esse investimento a Educa\u00e7\u00e3o Municipal caminha a passos largos para 100% de salas de aulas climatizadas\u201d, disse;<\/p>\n\n\n\n<p><br>Na segunda fase do projeto haver\u00e1 novas aquisi\u00e7\u00f5es de aparelhos de ar condicionado que ser\u00e3o feitas nas novas salas de aulas que est\u00e3o sendo constru\u00eddas na EMEF Leonor Salom\u00e3o, EMEF Anna Maria Marinho Nunes, EMEBI Maria Vera e EMEIF Paulo Freire.<\/p>\n\n\n\n<p><br>Ter ar condicionado \u00e9 apenas uma parte do que est\u00e1 planejado para educa\u00e7\u00e3o, que come\u00e7ou com a mudan\u00e7a do sistema de ensino para a metodologia do SESI, ativa\u00e7\u00e3o de cozinha piloto e uma verdadeira revolu\u00e7\u00e3o da merenda escolar, reformas em unidades escolares e agora a mudan\u00e7a da matriz energ\u00e9tica em todos os pr\u00e9dios da Educa\u00e7\u00e3o.<\/p>\n","protected":false},"excerpt":{"rendered":"<p>A Secretaria da Educa\u00e7\u00e3o do Governo de Andradina iniciou a instala\u00e7\u00e3o de 120 aparelhos de ar condicionado em todas as unidades escolares da Rede Municipal de Andradina. Com investimento aproximado de R$ 435 mil (quatrocentos e trinta e cinco mil Reais). O projeto \u00e9 que a climatiza\u00e7\u00e3o mude a vida dos 5 mil alunos da &hellip;<\/p>\n","protected":false},"author":1,"featured_media":164,"comment_status":"open","ping_status":"open","sticky":false,"template":"","format":"standard","meta":{"_jetpack_memberships_contains_paid_content":false,"footnotes":"","jetpack_publicize_message":"","jetpack_publicize_feature_enabled":true,"jetpack_social_post_already_shared":false,"jetpack_social_options":{"image_generator_settings":{"template":"highway","default_image_id":0,"enabled":false},"version":2}},"categories":[4],"tags":[],"class_list":["post-163","post","type-post","status-publish","format-standard","has-post-thumbnail","hentry","category-regiao"],"jetpack_publicize_connections":[],"jetpack_featured_media_url":"https:\/\/i0.wp.com\/www.paparazzinews.com.br\/wp-content\/uploads\/2022\/06\/571558c1-f053-42a3-9f12-ae8b12035606.jpg?fit=1280%2C870&ssl=1","views":"3318","jetpack_likes_enabled":true,"jetpack_sharing_enabled":true,"_links":{"self":[{"href":"https:\/\/www.paparazzinews.com.br\/index.php?rest_route=\/wp\/v2\/posts\/163","targetHints":{"allow":["GET"]}}],"collection":[{"href":"https:\/\/www.paparazzinews.com.br\/index.php?rest_route=\/wp\/v2\/posts"}],"about":[{"href":"https:\/\/www.paparazzinews.com.br\/index.php?rest_route=\/wp\/v2\/types\/post"}],"author":[{"embeddable":true,"href":"https:\/\/www.paparazzinews.com.br\/index.php?rest_route=\/wp\/v2\/users\/1"}],"replies":[{"embeddable":true,"href":"https:\/\/www.paparazzinews.com.br\/index.php?rest_route=%2Fwp%2Fv2%2Fcomments&post=163"}],"version-history":[{"count":1,"href":"https:\/\/www.paparazzinews.com.br\/index.php?rest_route=\/wp\/v2\/posts\/163\/revisions"}],"predecessor-version":[{"id":165,"href":"https:\/\/www.paparazzinews.com.br\/index.php?rest_route=\/wp\/v2\/posts\/163\/revisions\/165"}],"wp:featuredmedia":[{"embeddable":true,"href":"https:\/\/www.paparazzinews.com.br\/index.php?rest_route=\/wp\/v2\/media\/164"}],"wp:attachment":[{"href":"https:\/\/www.paparazzinews.com.br\/index.php?rest_route=%2Fwp%2Fv2%2Fmedia&parent=163"}],"wp:term":[{"taxonomy":"category","embeddable":true,"href":"https:\/\/www.paparazzinews.com.br\/index.php?rest_route=%2Fwp%2Fv2%2Fcategories&post=163"},{"taxonomy":"post_tag","embeddable":true,"href":"https:\/\/www.paparazzinews.com.br\/index.php?rest_route=%2Fwp%2Fv2%2Ftags&post=163"}],"curies":[{"name":"wp","href":"https:\/\/api.w.org\/{rel}","templated":true}]}}