{"id":16116,"date":"2025-02-05T11:35:13","date_gmt":"2025-02-05T14:35:13","guid":{"rendered":"https:\/\/www.paparazzinews.com.br\/?p=16116"},"modified":"2025-02-05T11:35:14","modified_gmt":"2025-02-05T14:35:14","slug":"sistema-prisional-e-destaque-na-19a-olimpiada-de-matematica","status":"publish","type":"post","link":"https:\/\/www.paparazzinews.com.br\/?p=16116","title":{"rendered":"Sistema prisional \u00e9 destaque na 19\u00aa Olimp\u00edada de Matem\u00e1tica"},"content":{"rendered":"\n<p>RA Olimp\u00edada Brasileira de Matem\u00e1tica das Escolas P\u00fablicas (OBMEP) para Pessoas Privadas de Liberdade (PPL), h\u00e1 13 anos, vem revelando talentos nas unidades prisionais geridas pela Pol\u00edcia Penal e vinculadas \u00e0 Secretaria da Administra\u00e7\u00e3o Penitenci\u00e1ria (SAP). A 19\u00aa prova, realizada em 2024, premiou tr\u00eas reclusos com medalhas de bronze e 14 com men\u00e7\u00f5es honrosas.<\/p>\n\n\n\n<p>Com o objetivo de estimular o estudo da matem\u00e1tica e de contribuir para a melhoria da qualidade da educa\u00e7\u00e3o b\u00e1sica, a OBMEP premia estudantes do 6\u00ba ano do Ensino Fundamental ao 3\u00ba ano do ensino m\u00e9dio, al\u00e9m de promover a inclus\u00e3o social por meio da difus\u00e3o do conhecimento. A a\u00e7\u00e3o \u00e9 uma realiza\u00e7\u00e3o do Instituto Nacional de Matem\u00e1tica Pura e Aplicada (Impa), com apoio da Sociedade Brasileira de Matem\u00e1tica (SBM) e com recursos dos Minist\u00e9rios da Educa\u00e7\u00e3o (MEC) e da Ci\u00eancia, Tecnologia, Inova\u00e7\u00f5es e Comunica\u00e7\u00f5es (MCTIC).<\/p>\n\n\n\n<p><strong>Premia\u00e7\u00f5es<br><\/strong>Reclusos de unidades prisionais das Coordenadorias de Execu\u00e7\u00f5es Penais das Regi\u00f5es Oeste, Noroeste e Metropolitana do Estado de S\u00e3o Paulo v\u00eam garantindo o merecido destaque na conquista de pr\u00eamios. Para a 19\u00aa edi\u00e7\u00e3o, por exemplo, os detentos conseguiram 14 Men\u00e7\u00f5es Honrosas. J\u00e1 na medalha de bronze, o pr\u00eamio foi para S.M.A. de 51 anos.<\/p>\n\n\n\n<p>Preso na Penitenci\u00e1ria &#8220;Cabo Marcelo Pires da Silva&#8221; de Ita\u00ed, S.M.A. \u00e9 oriundo da Espanha. De acordo com o estudante, desde sua entrada no sistema prisional no Brasil, sua decis\u00e3o foi aproveitar o tempo livre para os estudos oferecidos no estabelecimento penal. \u201cEstou muito feliz e orgulhoso por ter conquistado a medalha de bronze. Quero continuar estudando para aprimorar meu trabalho que \u00e9 na \u00e1rea de constru\u00e7\u00e3o civil&#8221;, revelou.<\/p>\n\n\n\n<p>Outro exemplo vem da Penitenci\u00e1ria I do Complexo de Lav\u00ednia. De acordo com M.S.A.S., a premia\u00e7\u00e3o da olimp\u00edada com a medalha de bronze foi algo especial em sua vida. \u201cValeu a pena a dedica\u00e7\u00e3o nos meses em que me preparei estudando\u201d, avaliou. Ele acredita que \u00e9 importante as pessoas privadas de liberdade participarem de exames como o da OBMEP por ser uma oportunidade \u00fanica.<\/p>\n\n\n\n<p>Em se tratando de Men\u00e7\u00e3o Honrosa, as penitenci\u00e1rias \u201cNilton Silva\u201d de Franco da Rocha e \u201cASP Joaquim Fonseca Lopes\u201d de Parelheiros tamb\u00e9m registraram a conquista do pr\u00eamio por detentos que cumprem pena nas unidades prisionais. Todos foram un\u00e2nimes ao declarar a import\u00e2ncia do aprendizado, mesmo quando restritos de liberdade.<\/p>\n\n\n\n<p>L.G.B cumpre pena em Parelheiros. Ele destacou que a OBMEP despertou nele o desejo de fazer curso superior na \u00e1rea cont\u00e1bil. Ele relata que aos 15 anos largou a escola para trabalhar e ajudar sua m\u00e3e. Voltar a estudar e poder participar da olimp\u00edada teve um significado especial em sua vida.<\/p>\n\n\n\n<p>L.H.F.S., tamb\u00e9m de Parelheiros, agradeceu a oportunidade de participar da prova. Destacou que essa a\u00e7\u00e3o em espec\u00edfico o fez ver a import\u00e2ncia dos estudos.<\/p>\n\n\n\n<p><strong><em><strong><em><strong><em><strong><em><strong><em><strong><em><strong><em><strong><em><strong><em><strong><em><strong><em><strong><em><strong><em><strong><em><strong><em><strong><em><strong><em><strong><em><strong><em><strong><em><strong><em><strong><em><strong><em><strong><em><strong><em><strong><em><strong><em><strong><em><strong><em><strong><em><strong><em><strong><em><strong><em><strong><em><strong><em><strong><em><strong><em><strong><em><strong><em><strong><em><strong><em><strong><em><strong><em><strong><em><strong><em><strong><em><strong><em><strong><em><strong><em><strong><em><strong><em><strong><em><strong><em><strong><em><strong><em><strong><em><strong><em><strong><em><strong><em><strong><em><strong><em><strong><em><strong><em><strong><em><strong><em><strong><em><strong><em><strong><em><strong><em><strong><em><strong><em><strong><em><strong><em><strong><em><strong><em><strong><em><strong><em><strong><em><strong><em><strong><em><strong><em><strong><em><strong><em><strong><em><strong><em><strong><em><strong><em><strong><em><strong><em><strong><em><strong><em><strong><em><strong><em><strong><em><strong><em><strong><em><strong><em><strong><em><strong><em><strong><em><strong><em><strong><em><strong><em><strong><em><strong><em><strong><em><strong><em><strong><em><strong><em><strong><em><strong><em><strong><em><strong><em><strong><em><strong><em><strong><em><strong><em><strong><em><strong><em><strong><em><strong><em><strong><em><strong><em><strong><em><strong><em><strong><em><strong><em><strong><em><strong>Siga nossas redes sociais no\u00a0<a href=\"https:\/\/www.instagram.com\/ronipaparazzi\/\">Instagram\u00a0<\/a>e\u00a0<a href=\"https:\/\/www.facebook.com\/ronipaparazzicomvoce\">Facebook<\/a>\u00a0participe da nossa comunidade do Canal Roni Paparazzi no Whatsapp e receba as principais not\u00edcias da regi\u00e3o de Ara\u00e7atuba do dia direto no seu celular.<\/strong>\u00a0<a href=\"https:\/\/chat.whatsapp.com\/GsG1XKo0jPOEfjzudWQcml\" target=\"_blank\" rel=\"noreferrer noopener\">\u00a0Clique aqui e se inscreva.<\/a><\/em><\/strong><\/em><\/strong><\/em><\/strong><\/em><\/strong><\/em><\/strong><\/em><\/strong><\/em><\/strong><\/em><\/strong><\/em><\/strong><\/em><\/strong><\/em><\/strong><\/em><\/strong><\/em><\/strong><\/em><\/strong><\/em><\/strong><\/em><\/strong><\/em><\/strong><\/em><\/strong><\/em><\/strong><\/em><\/strong><\/em><\/strong><\/em><\/strong><\/em><\/strong><\/em><\/strong><\/em><\/strong><\/em><\/strong><\/em><\/strong><\/em><\/strong><\/em><\/strong><\/em><\/strong><\/em><\/strong><\/em><\/strong><\/em><\/strong><\/em><\/strong><\/em><\/strong><\/em><\/strong><\/em><\/strong><\/em><\/strong><\/em><\/strong><\/em><\/strong><\/em><\/strong><\/em><\/strong><\/em><\/strong><\/em><\/strong><\/em><\/strong><\/em><\/strong><\/em><\/strong><\/em><\/strong><\/em><\/strong><\/em><\/strong><\/em><\/strong><\/em><\/strong><\/em><\/strong><\/em><\/strong><\/em><\/strong><\/em><\/strong><\/em><\/strong><\/em><\/strong><\/em><\/strong><\/em><\/strong><\/em><\/strong><\/em><\/strong><\/em><\/strong><\/em><\/strong><\/em><\/strong><\/em><\/strong><\/em><\/strong><\/em><\/strong><\/em><\/strong><\/em><\/strong><\/em><\/strong><\/em><\/strong><\/em><\/strong><\/em><\/strong><\/em><\/strong><\/em><\/strong><\/em><\/strong><\/em><\/strong><\/em><\/strong><\/em><\/strong><\/em><\/strong><\/em><\/strong><\/em><\/strong><\/em><\/strong><\/em><\/strong><\/em><\/strong><\/em><\/strong><\/em><\/strong><\/em><\/strong><\/em><\/strong><\/em><\/strong><\/em><\/strong><\/em><\/strong><\/em><\/strong><\/em><\/strong><\/em><\/strong><\/em><\/strong><\/em><\/strong><\/em><\/strong><\/em><\/strong><\/em><\/strong><\/em><\/strong><\/em><\/strong><\/em><\/strong><\/em><\/strong><\/em><\/strong><\/em><\/strong><\/em><\/strong><\/em><\/strong><\/em><\/strong><\/em><\/strong><\/em><\/strong><\/em><\/strong><\/em><\/strong><\/em><\/strong><\/em><\/strong><\/em><\/strong><\/em><\/strong><\/em><\/strong><\/em><\/strong><\/em><\/strong><\/em><\/strong><\/em><\/strong><\/em><\/strong><\/em><\/strong><\/em><\/strong><\/em><\/strong><\/em><\/strong><\/p>\n","protected":false},"excerpt":{"rendered":"<p>RA Olimp\u00edada Brasileira de Matem\u00e1tica das Escolas P\u00fablicas (OBMEP) para Pessoas Privadas de Liberdade (PPL), h\u00e1 13 anos, vem revelando talentos nas unidades prisionais geridas pela Pol\u00edcia Penal e vinculadas \u00e0 Secretaria da Administra\u00e7\u00e3o Penitenci\u00e1ria (SAP). A 19\u00aa prova, realizada em 2024, premiou tr\u00eas reclusos com medalhas de bronze e 14 com men\u00e7\u00f5es honrosas. Com &hellip;<\/p>\n","protected":false},"author":1,"featured_media":16117,"comment_status":"open","ping_status":"open","sticky":false,"template":"","format":"standard","meta":{"_jetpack_memberships_contains_paid_content":false,"footnotes":"","jetpack_publicize_message":"","jetpack_publicize_feature_enabled":true,"jetpack_social_post_already_shared":false,"jetpack_social_options":{"image_generator_settings":{"template":"highway","default_image_id":0,"enabled":false},"version":2}},"categories":[4],"tags":[],"class_list":["post-16116","post","type-post","status-publish","format-standard","has-post-thumbnail","hentry","category-regiao"],"jetpack_publicize_connections":[],"jetpack_featured_media_url":"https:\/\/i0.wp.com\/www.paparazzinews.com.br\/wp-content\/uploads\/2025\/02\/ff5a79d5-481d-49ad-b49c-41c10aa8f6fc.jpeg?fit=1500%2C1000&ssl=1","views":"756","jetpack_likes_enabled":true,"jetpack_sharing_enabled":true,"_links":{"self":[{"href":"https:\/\/www.paparazzinews.com.br\/index.php?rest_route=\/wp\/v2\/posts\/16116","targetHints":{"allow":["GET"]}}],"collection":[{"href":"https:\/\/www.paparazzinews.com.br\/index.php?rest_route=\/wp\/v2\/posts"}],"about":[{"href":"https:\/\/www.paparazzinews.com.br\/index.php?rest_route=\/wp\/v2\/types\/post"}],"author":[{"embeddable":true,"href":"https:\/\/www.paparazzinews.com.br\/index.php?rest_route=\/wp\/v2\/users\/1"}],"replies":[{"embeddable":true,"href":"https:\/\/www.paparazzinews.com.br\/index.php?rest_route=%2Fwp%2Fv2%2Fcomments&post=16116"}],"version-history":[{"count":1,"href":"https:\/\/www.paparazzinews.com.br\/index.php?rest_route=\/wp\/v2\/posts\/16116\/revisions"}],"predecessor-version":[{"id":16118,"href":"https:\/\/www.paparazzinews.com.br\/index.php?rest_route=\/wp\/v2\/posts\/16116\/revisions\/16118"}],"wp:featuredmedia":[{"embeddable":true,"href":"https:\/\/www.paparazzinews.com.br\/index.php?rest_route=\/wp\/v2\/media\/16117"}],"wp:attachment":[{"href":"https:\/\/www.paparazzinews.com.br\/index.php?rest_route=%2Fwp%2Fv2%2Fmedia&parent=16116"}],"wp:term":[{"taxonomy":"category","embeddable":true,"href":"https:\/\/www.paparazzinews.com.br\/index.php?rest_route=%2Fwp%2Fv2%2Fcategories&post=16116"},{"taxonomy":"post_tag","embeddable":true,"href":"https:\/\/www.paparazzinews.com.br\/index.php?rest_route=%2Fwp%2Fv2%2Ftags&post=16116"}],"curies":[{"name":"wp","href":"https:\/\/api.w.org\/{rel}","templated":true}]}}