{"id":15983,"date":"2025-02-03T15:17:45","date_gmt":"2025-02-03T18:17:45","guid":{"rendered":"https:\/\/www.paparazzinews.com.br\/?p=15983"},"modified":"2025-02-03T15:17:46","modified_gmt":"2025-02-03T18:17:46","slug":"itesp-promove-regularizacao-fundiaria-e-desenvolvimento-para-transformar-a-vida-dos-produtores","status":"publish","type":"post","link":"https:\/\/www.paparazzinews.com.br\/?p=15983","title":{"rendered":"ITESP promove regulariza\u00e7\u00e3o fundi\u00e1ria e desenvolvimento para transformar a vida dos produtores"},"content":{"rendered":"\n<p>O\u00a0<strong>ITESP<\/strong>\u00a0(<em>Instituto de Terras do Estado de S\u00e3o Paulo<\/em>) tem desempenhado um papel crucial na regulariza\u00e7\u00e3o fundi\u00e1ria e no apoio a agricultores, assentados e comunidades quilombolas. Sob a lideran\u00e7a do governador Tarc\u00edsio de Freitas e com a gest\u00e3o do secret\u00e1rio Guilherme Piai, a institui\u00e7\u00e3o tem promovido iniciativas significativas para fortalecer a seguran\u00e7a jur\u00eddica e o desenvolvimento social em diversas \u00e1reas do estado. A informa\u00e7\u00e3o \u00e9 da Conex\u00e3o Divisa.<\/p>\n\n\n\n<p><em><strong>Apoio a Comunidades<\/strong><\/em><\/p>\n\n\n\n<p>Em sua miss\u00e3o de atender comunidades rurais e urbanas, o ITESP \u00e9 vital na regulariza\u00e7\u00e3o de propriedades, permitindo que fam\u00edlias tenham acesso a documenta\u00e7\u00e3o que assegura seus direitos sobre a terra.<\/p>\n\n\n\n<p>&nbsp;Em 15 de janeiro de 2025, durante uma visita ao prefeito de Nhandeara, o ITESP anunciou a regulariza\u00e7\u00e3o de mais de 100 im\u00f3veis, uma medida que promete transformar a vida de muitas fam\u00edlias na regi\u00e3o. O prefeito expressou sua gratid\u00e3o ao governador Tarc\u00edsio, ao secret\u00e1rio de agricultura Guilherme Piai pelo apoio cont\u00ednuo e pela aten\u00e7\u00e3o \u00e0s necessidades locais.<\/p>\n\n\n\n<p>Al\u00e9m disso, na mesma data, reuni\u00e3o em Glic\u00e9rio com o prefeito Hairton Kelsine Carvalho Oliveira, mais conhecido como Hairtinho abordou a continuidade do Programa de Regulariza\u00e7\u00e3o Rural e Urbana, que j\u00e1 beneficiou mais de 46 mil fam\u00edlias em S\u00e3o Paulo. Esse programa \u00e9 uma ferramenta fundamental para promover seguran\u00e7a jur\u00eddica, desenvolvimento local e gera\u00e7\u00e3o de renda, al\u00e9m de apoiar a arrecada\u00e7\u00e3o municipal.<\/p>\n\n\n\n<p>O m\u00eas de janeiro foi de muito trabalho na regi\u00e3o noroeste para a equipe do secret\u00e1rio de Agricultura e Abastecimento do Estado de S\u00e3o Paulo Guilherme Piai. Nos munic\u00edpios onde o secret\u00e1rio n\u00e3o pode comparecer, seus assessores cumpriram agenda.&nbsp;<\/p>\n\n\n\n<p>O trabalho do governador Tarc\u00edsio e de sua equipe, incluindo Guilherme Piai, o Diretor Lucas Bressanin e Cleisson Oliveira, \u00e9 marcado por um estreito contato com as comunidades. Recentemente, eles realizaram v\u00e1rias visitas a munic\u00edpios da regi\u00e3o noroeste do estado, onde foram bem recebidos por l\u00edderes locais e prefeitos.<\/p>\n\n\n\n<p>Em Promiss\u00e3o reuni\u00f5es com o prefeito Hamilton e demais lideran\u00e7as do munic\u00edpio para debater assuntos de suma import\u00e2ncia para a agricultura local.<\/p>\n\n\n\n<p>J\u00e1 em Andradina, importante &nbsp;reuni\u00e3o com os t\u00e9cnicos Jos\u00e9 Roberto e Jos\u00e9 Luis na sede do ITESP, juntamente com o vereador de Andradina Hugo Zamboni.<\/p>\n\n\n\n<figure class=\"wp-block-image size-full\"><img data-recalc-dims=\"1\" loading=\"lazy\" decoding=\"async\" width=\"708\" height=\"398\" src=\"https:\/\/i0.wp.com\/www.paparazzinews.com.br\/wp-content\/uploads\/2025\/02\/image-1.png?resize=708%2C398&#038;ssl=1\" alt=\"\" class=\"wp-image-15984\" srcset=\"https:\/\/i0.wp.com\/www.paparazzinews.com.br\/wp-content\/uploads\/2025\/02\/image-1.png?w=1000&amp;ssl=1 1000w, https:\/\/i0.wp.com\/www.paparazzinews.com.br\/wp-content\/uploads\/2025\/02\/image-1.png?resize=300%2C169&amp;ssl=1 300w, https:\/\/i0.wp.com\/www.paparazzinews.com.br\/wp-content\/uploads\/2025\/02\/image-1.png?resize=768%2C432&amp;ssl=1 768w, https:\/\/i0.wp.com\/www.paparazzinews.com.br\/wp-content\/uploads\/2025\/02\/image-1.png?resize=390%2C220&amp;ssl=1 390w\" sizes=\"auto, (max-width: 708px) 100vw, 708px\" \/><\/figure>\n\n\n\n<p>Em Castilho, a reuni\u00e3o foi com o prefeito Paulo Boaventura.<\/p>\n\n\n\n<figure class=\"wp-block-image size-full\"><img data-recalc-dims=\"1\" loading=\"lazy\" decoding=\"async\" width=\"562\" height=\"1000\" src=\"https:\/\/i0.wp.com\/www.paparazzinews.com.br\/wp-content\/uploads\/2025\/02\/image-2.png?resize=562%2C1000&#038;ssl=1\" alt=\"\" class=\"wp-image-15985\" srcset=\"https:\/\/i0.wp.com\/www.paparazzinews.com.br\/wp-content\/uploads\/2025\/02\/image-2.png?w=562&amp;ssl=1 562w, https:\/\/i0.wp.com\/www.paparazzinews.com.br\/wp-content\/uploads\/2025\/02\/image-2.png?resize=169%2C300&amp;ssl=1 169w\" sizes=\"auto, (max-width: 562px) 100vw, 562px\" \/><\/figure>\n\n\n\n<p>Em Avanhandava a coordena\u00e7\u00e3o t\u00e9cnica do ITESP se reuniu com lideran\u00e7as locais para tratar da regulariza\u00e7\u00e3o dos t\u00edtulos de propriedade (Escritura) no municipio, com foco especial na Vila Industrial. A reuni\u00e3o foi muito produtiva.<\/p>\n\n\n\n<p>Em Murutinga do Sul, Piai participou, juntamente com o deputado estadual Itamar Borges, do primeiro encontro de lideran\u00e7a do CIENSP a convite do prefeito e presidente do CIENSP Cristiano Eleut\u00e9rio. Esse encontro tratou da tem\u00e1tica agr\u00edcola e levou a plen\u00e1rio, com prefeitos, vice-prefeitos e secret\u00e1rios de agricultura de toda a regi\u00e3o, al\u00e9m de outras autoridades.<\/p>\n\n\n\n<figure class=\"wp-block-image\"><img data-recalc-dims=\"1\" decoding=\"async\" src=\"https:\/\/i0.wp.com\/conexaodivisa.com.br\/envios\/2025\/02\/01\/7c5d03ab23b87e8cc3b17d38953a8afa.webp?w=708&#038;ssl=1\" alt=\"\"\/><\/figure>\n\n\n\n<p>Em Santa F\u00e9 do Sul, Guilherme Piai participou de uma reuni\u00e3o na \u00faltima quarta-feira (22) com demais lideran\u00e7as do estado. A reuni\u00e3o contou tamb\u00e9m com a presen\u00e7a de aproximadamente 50 prefeitos da regi\u00e3o, onde foram debatidas pautas de interesse da comunidade.<\/p>\n\n\n\n<figure class=\"wp-block-image size-full\"><img data-recalc-dims=\"1\" loading=\"lazy\" decoding=\"async\" width=\"708\" height=\"472\" src=\"https:\/\/i0.wp.com\/www.paparazzinews.com.br\/wp-content\/uploads\/2025\/02\/image-3.png?resize=708%2C472&#038;ssl=1\" alt=\"\" class=\"wp-image-15986\" srcset=\"https:\/\/i0.wp.com\/www.paparazzinews.com.br\/wp-content\/uploads\/2025\/02\/image-3.png?w=1000&amp;ssl=1 1000w, https:\/\/i0.wp.com\/www.paparazzinews.com.br\/wp-content\/uploads\/2025\/02\/image-3.png?resize=300%2C200&amp;ssl=1 300w, https:\/\/i0.wp.com\/www.paparazzinews.com.br\/wp-content\/uploads\/2025\/02\/image-3.png?resize=768%2C511&amp;ssl=1 768w\" sizes=\"auto, (max-width: 708px) 100vw, 708px\" \/><\/figure>\n\n\n\n<p>Em Fernand\u00f3polis, o secret\u00e1rio de agricultura, e equipe se reuniram com lideran\u00e7as do munic\u00edpio na tarde da \u00faltima quarta-feira (22). Na ocasi\u00e3o, Guilherme Piai destinou uma retroescavadeira para o munic\u00edpio.<\/p>\n\n\n\n<p><em><strong>Compromisso com o Desenvolvimento Sustent\u00e1vel<\/strong><\/em><\/p>\n\n\n\n<p>A confian\u00e7a do governador Tarc\u00edsio no trabalho desenvolvido por Guilherme Piai e equipe \u00e9 evidenciada pelas a\u00e7\u00f5es concretas implementadas junto aos pequenos produtores e assentados. O foco no desenvolvimento sustent\u00e1vel, na inclus\u00e3o social e na valoriza\u00e7\u00e3o das comunidades rurais reflete a estrat\u00e9gia do governo de transformar n\u00e3o apenas a realidade fundi\u00e1ria, mas tamb\u00e9m a econ\u00f4mica.<\/p>\n\n\n\n<p>A regulariza\u00e7\u00e3o fundi\u00e1ria \u00e9 um passo importante para garantir a dignidade e seguran\u00e7a jur\u00eddica a essas fam\u00edlias, permitindo que possam investir e desenvolver suas atividades produtivas de forma segura.<\/p>\n\n\n\n<p><em><strong>Conclus\u00e3o<\/strong><\/em><\/p>\n\n\n\n<p>O trabalho do ITESP, sob a importante lideran\u00e7a do governador Tarc\u00edsio de Freitas e a atua\u00e7\u00e3o diligente de Guilherme Piai e equipe, est\u00e1 contribuindo para a constru\u00e7\u00e3o de um futuro mais justo e igualit\u00e1rio para os&nbsp; produtores e assentados do Estado de S\u00e3o Paulo. Por meio de iniciativas de regulariza\u00e7\u00e3o e desenvolvimento, o governo reafirma seu compromisso com a transforma\u00e7\u00e3o da vida das comunidades, mostrando que \u00e9 poss\u00edvel unir esfor\u00e7os e fazer a diferen\u00e7a na vida das pessoas.<\/p>\n\n\n\n<p>Seguir adiante com essa agenda de apoio e desenvolvimento \u00e9 essencial para que mais fam\u00edlias tenham a oportunidade de realizar seus sonhos e prosperar em um ambiente mais justo e seguro.<\/p>\n\n\n\n<p><strong><em><strong><em><strong><em><strong><em><strong><em><strong><em><strong><em><strong><em><strong><em><strong><em><strong><em><strong><em><strong><em><strong><em><strong><em><strong><em><strong><em><strong><em><strong><em><strong><em><strong><em><strong><em><strong><em><strong><em><strong><em><strong><em><strong><em><strong><em><strong><em><strong><em><strong><em><strong><em><strong><em><strong><em><strong><em><strong><em><strong><em><strong><em><strong><em><strong><em><strong><em><strong><em><strong><em><strong><em><strong><em><strong><em><strong><em><strong><em><strong><em><strong><em><strong><em><strong><em><strong><em><strong><em><strong><em><strong><em><strong><em><strong><em><strong><em><strong><em><strong><em><strong><em><strong><em><strong><em><strong><em><strong><em><strong><em><strong><em><strong><em><strong><em><strong><em><strong><em><strong><em><strong><em><strong><em><strong><em><strong><em><strong><em><strong><em><strong><em><strong><em><strong><em><strong><em><strong><em><strong><em><strong><em><strong><em><strong><em><strong><em><strong><em><strong><em><strong><em><strong><em><strong><em><strong><em><strong><em><strong><em><strong><em><strong><em><strong><em><strong><em><strong><em><strong><em><strong><em><strong><em><strong><em><strong><em><strong><em><strong><em><strong><em><strong><em><strong><em><strong><em><strong><em><strong><em><strong><em><strong><em><strong><em><strong><em><strong><em><strong><em><strong><em><strong><em><strong><em><strong><em><strong><em><strong><em><strong><em><strong>Siga nossas redes sociais no\u00a0<a href=\"https:\/\/www.instagram.com\/ronipaparazzi\/\">Instagram\u00a0<\/a>e\u00a0<a href=\"https:\/\/www.facebook.com\/ronipaparazzicomvoce\">Facebook<\/a>\u00a0participe da nossa comunidade do Canal Roni Paparazzi no Whatsapp e receba as principais not\u00edcias da regi\u00e3o de Ara\u00e7atuba do dia direto no seu celular.<\/strong>\u00a0<a href=\"https:\/\/chat.whatsapp.com\/GsG1XKo0jPOEfjzudWQcml\" target=\"_blank\" rel=\"noreferrer noopener\">\u00a0Clique aqui e se inscreva.<\/a><\/em><\/strong><\/em><\/strong><\/em><\/strong><\/em><\/strong><\/em><\/strong><\/em><\/strong><\/em><\/strong><\/em><\/strong><\/em><\/strong><\/em><\/strong><\/em><\/strong><\/em><\/strong><\/em><\/strong><\/em><\/strong><\/em><\/strong><\/em><\/strong><\/em><\/strong><\/em><\/strong><\/em><\/strong><\/em><\/strong><\/em><\/strong><\/em><\/strong><\/em><\/strong><\/em><\/strong><\/em><\/strong><\/em><\/strong><\/em><\/strong><\/em><\/strong><\/em><\/strong><\/em><\/strong><\/em><\/strong><\/em><\/strong><\/em><\/strong><\/em><\/strong><\/em><\/strong><\/em><\/strong><\/em><\/strong><\/em><\/strong><\/em><\/strong><\/em><\/strong><\/em><\/strong><\/em><\/strong><\/em><\/strong><\/em><\/strong><\/em><\/strong><\/em><\/strong><\/em><\/strong><\/em><\/strong><\/em><\/strong><\/em><\/strong><\/em><\/strong><\/em><\/strong><\/em><\/strong><\/em><\/strong><\/em><\/strong><\/em><\/strong><\/em><\/strong><\/em><\/strong><\/em><\/strong><\/em><\/strong><\/em><\/strong><\/em><\/strong><\/em><\/strong><\/em><\/strong><\/em><\/strong><\/em><\/strong><\/em><\/strong><\/em><\/strong><\/em><\/strong><\/em><\/strong><\/em><\/strong><\/em><\/strong><\/em><\/strong><\/em><\/strong><\/em><\/strong><\/em><\/strong><\/em><\/strong><\/em><\/strong><\/em><\/strong><\/em><\/strong><\/em><\/strong><\/em><\/strong><\/em><\/strong><\/em><\/strong><\/em><\/strong><\/em><\/strong><\/em><\/strong><\/em><\/strong><\/em><\/strong><\/em><\/strong><\/em><\/strong><\/em><\/strong><\/em><\/strong><\/em><\/strong><\/em><\/strong><\/em><\/strong><\/em><\/strong><\/em><\/strong><\/em><\/strong><\/em><\/strong><\/em><\/strong><\/em><\/strong><\/em><\/strong><\/em><\/strong><\/em><\/strong><\/em><\/strong><\/em><\/strong><\/em><\/strong><\/em><\/strong><\/em><\/strong><\/em><\/strong><\/em><\/strong><\/em><\/strong><\/em><\/strong><\/em><\/strong><\/em><\/strong><\/em><\/strong><\/em><\/strong><\/em><\/strong><\/em><\/strong><\/em><\/strong><\/em><\/strong><\/em><\/strong><\/em><\/strong><\/em><\/strong><\/em><\/strong><\/em><\/strong><\/em><\/strong><\/p>\n","protected":false},"excerpt":{"rendered":"<p>O\u00a0ITESP\u00a0(Instituto de Terras do Estado de S\u00e3o Paulo) tem desempenhado um papel crucial na regulariza\u00e7\u00e3o fundi\u00e1ria e no apoio a agricultores, assentados e comunidades quilombolas. Sob a lideran\u00e7a do governador Tarc\u00edsio de Freitas e com a gest\u00e3o do secret\u00e1rio Guilherme Piai, a institui\u00e7\u00e3o tem promovido iniciativas significativas para fortalecer a seguran\u00e7a jur\u00eddica e o desenvolvimento &hellip;<\/p>\n","protected":false},"author":1,"featured_media":15987,"comment_status":"open","ping_status":"open","sticky":false,"template":"","format":"standard","meta":{"_jetpack_memberships_contains_paid_content":false,"footnotes":"","jetpack_publicize_message":"","jetpack_publicize_feature_enabled":true,"jetpack_social_post_already_shared":false,"jetpack_social_options":{"image_generator_settings":{"template":"highway","default_image_id":0,"enabled":false},"version":2}},"categories":[4],"tags":[],"class_list":["post-15983","post","type-post","status-publish","format-standard","has-post-thumbnail","hentry","category-regiao"],"jetpack_publicize_connections":[],"jetpack_featured_media_url":"https:\/\/i0.wp.com\/www.paparazzinews.com.br\/wp-content\/uploads\/2025\/02\/da4475e2-8770-48d3-8fce-d9fa2d1ecab0.jpeg?fit=640%2C480&ssl=1","views":"764","jetpack_likes_enabled":true,"jetpack_sharing_enabled":true,"_links":{"self":[{"href":"https:\/\/www.paparazzinews.com.br\/index.php?rest_route=\/wp\/v2\/posts\/15983","targetHints":{"allow":["GET"]}}],"collection":[{"href":"https:\/\/www.paparazzinews.com.br\/index.php?rest_route=\/wp\/v2\/posts"}],"about":[{"href":"https:\/\/www.paparazzinews.com.br\/index.php?rest_route=\/wp\/v2\/types\/post"}],"author":[{"embeddable":true,"href":"https:\/\/www.paparazzinews.com.br\/index.php?rest_route=\/wp\/v2\/users\/1"}],"replies":[{"embeddable":true,"href":"https:\/\/www.paparazzinews.com.br\/index.php?rest_route=%2Fwp%2Fv2%2Fcomments&post=15983"}],"version-history":[{"count":1,"href":"https:\/\/www.paparazzinews.com.br\/index.php?rest_route=\/wp\/v2\/posts\/15983\/revisions"}],"predecessor-version":[{"id":15988,"href":"https:\/\/www.paparazzinews.com.br\/index.php?rest_route=\/wp\/v2\/posts\/15983\/revisions\/15988"}],"wp:featuredmedia":[{"embeddable":true,"href":"https:\/\/www.paparazzinews.com.br\/index.php?rest_route=\/wp\/v2\/media\/15987"}],"wp:attachment":[{"href":"https:\/\/www.paparazzinews.com.br\/index.php?rest_route=%2Fwp%2Fv2%2Fmedia&parent=15983"}],"wp:term":[{"taxonomy":"category","embeddable":true,"href":"https:\/\/www.paparazzinews.com.br\/index.php?rest_route=%2Fwp%2Fv2%2Fcategories&post=15983"},{"taxonomy":"post_tag","embeddable":true,"href":"https:\/\/www.paparazzinews.com.br\/index.php?rest_route=%2Fwp%2Fv2%2Ftags&post=15983"}],"curies":[{"name":"wp","href":"https:\/\/api.w.org\/{rel}","templated":true}]}}