{"id":15947,"date":"2025-02-03T13:45:29","date_gmt":"2025-02-03T16:45:29","guid":{"rendered":"https:\/\/www.paparazzinews.com.br\/?p=15947"},"modified":"2025-02-03T13:45:30","modified_gmt":"2025-02-03T16:45:30","slug":"governo-de-sp-anuncia-reajuste-na-tabela-sus-paulista-para-2025","status":"publish","type":"post","link":"https:\/\/www.paparazzinews.com.br\/?p=15947","title":{"rendered":"Governo de SP anuncia reajuste na tabela SUS Paulista para 2025"},"content":{"rendered":"\n<p>O Governo de S\u00e3o Paulo acaba de anunciar um reajuste nos valores de 158 procedimentos da Tabela SUS Paulista para 2025. Essa medida, implementada pela Secretaria de Estado da Sa\u00fade (SES), ter\u00e1 um impacto de mais de R$ 134 milh\u00f5es e beneficiar\u00e1 \u00e1reas como diagn\u00f3stico e tratamento do c\u00e2ncer de mama, procedimentos ortop\u00e9dicos, exames e consultas especializadas, e di\u00e1rias de pacientes de longa perman\u00eancia. A informa\u00e7\u00e3o \u00e9 do Roni Paparazzi e Foto: Governo de S\u00e3o Paulo\/Divulga\u00e7\u00e3o.<\/p>\n\n\n\n<p>Os recursos, 100% do Tesouro Estadual, ajudar\u00e3o na redu\u00e7\u00e3o de filas da sa\u00fade e beneficiar\u00e3o 786 institui\u00e7\u00f5es conveniadas ao Sistema \u00danico de Sa\u00fade (SUS). &#8220;O reajuste na Tabela SUS Paulista \u00e9 um compromisso dessa gest\u00e3o e tem um impacto direto nos servi\u00e7os prestados \u00e0 popula\u00e7\u00e3o&#8221;, destaca Eleuses Paiva, secret\u00e1rio de Estado da Sa\u00fade.<\/p>\n\n\n\n<p><strong>Procedimentos com Reajuste Significativo<\/strong><\/p>\n\n\n\n<p>Entre os procedimentos que ter\u00e3o aumento com a Tabela SUS Paulista est\u00e3o:<\/p>\n\n\n\n<ul class=\"wp-block-list\">\n<li>Bi\u00f3psia de n\u00f3dulo de mama: aumento de 125%, passando de R$ 70,00 para R$ 157,50<\/li>\n\n\n\n<li>Mamografia: reajustada em 100%, passando de R$ 22,50 para R$ 45,00<\/li>\n\n\n\n<li>Pr\u00f3tese mam\u00e1ria: aumento de 100%, passando de R$ 159,60 para R$ 319,20<\/li>\n\n\n\n<li>Radioterapia da mama: aumento de 40%, passando de R$ 5.904,00 para R$ 8.265,60<\/li>\n\n\n\n<li>Quimioterapia para carcinoma: aumento de 40%, passando de R$ 2.378,90 para R$ 3.330,46<\/li>\n<\/ul>\n\n\n\n<p>Al\u00e9m disso, as cirurgias ortop\u00e9dicas tamb\u00e9m ter\u00e3o reajustes significativos, como o reimplante do ombro at\u00e9 o ter\u00e7o m\u00e9dio do antebra\u00e7o, que passar\u00e1 de R$ 2.461,12 para R$ 27.687,60, um aumento de 1.025%.<\/p>\n\n\n\n<p>Essa medida \u00e9 mais uma etapa do programa lan\u00e7ado pela gest\u00e3o Tarc\u00edsio de Freitas, que visa fortalecer a rede de assist\u00eancia e apoiar o paciente que mais precisa. Com isso, o Estado de S\u00e3o Paulo reafirma seu compromisso com a sa\u00fade p\u00fablica de qualidade e acess\u00edvel a todos.<\/p>\n\n\n\n<p><strong><em><strong><em><strong><em><strong><em><strong><em><strong><em><strong><em><strong><em><strong><em><strong><em><strong><em><strong><em><strong><em><strong><em><strong><em><strong><em><strong><em><strong><em><strong><em><strong><em><strong><em><strong><em><strong><em><strong><em><strong><em><strong><em><strong><em><strong><em><strong><em><strong><em><strong><em><strong><em><strong><em><strong><em><strong><em><strong><em><strong><em><strong><em><strong><em><strong><em><strong><em><strong><em><strong><em><strong><em><strong><em><strong><em><strong><em><strong><em><strong><em><strong><em><strong><em><strong><em><strong><em><strong><em><strong><em><strong><em><strong><em><strong><em><strong><em><strong><em><strong><em><strong><em><strong><em><strong><em><strong><em><strong><em><strong><em><strong><em><strong><em><strong><em><strong><em><strong><em><strong><em><strong><em><strong><em><strong><em><strong><em><strong><em><strong><em><strong><em><strong><em><strong><em><strong><em><strong><em><strong><em><strong><em><strong><em><strong><em><strong><em><strong><em><strong><em><strong><em><strong><em><strong><em><strong><em><strong><em><strong><em><strong><em><strong><em><strong><em><strong><em><strong><em><strong><em><strong><em><strong><em><strong><em><strong><em><strong><em><strong><em><strong><em><strong><em><strong><em><strong><em><strong><em><strong><em><strong><em><strong><em><strong><em><strong><em><strong><em><strong><em><strong><em><strong><em><strong><em><strong><em><strong><em><strong><em><strong><em><strong>Siga nossas redes sociais no\u00a0<a href=\"https:\/\/www.instagram.com\/ronipaparazzi\/\">Instagram\u00a0<\/a>e\u00a0<a href=\"https:\/\/www.facebook.com\/ronipaparazzicomvoce\">Facebook<\/a>\u00a0participe da nossa comunidade do Canal Roni Paparazzi no Whatsapp e receba as principais not\u00edcias da regi\u00e3o de Ara\u00e7atuba do dia direto no seu celular.<\/strong>\u00a0<a href=\"https:\/\/chat.whatsapp.com\/GsG1XKo0jPOEfjzudWQcml\" target=\"_blank\" rel=\"noreferrer noopener\">\u00a0Clique aqui e se inscreva.<\/a><\/em><\/strong><\/em><\/strong><\/em><\/strong><\/em><\/strong><\/em><\/strong><\/em><\/strong><\/em><\/strong><\/em><\/strong><\/em><\/strong><\/em><\/strong><\/em><\/strong><\/em><\/strong><\/em><\/strong><\/em><\/strong><\/em><\/strong><\/em><\/strong><\/em><\/strong><\/em><\/strong><\/em><\/strong><\/em><\/strong><\/em><\/strong><\/em><\/strong><\/em><\/strong><\/em><\/strong><\/em><\/strong><\/em><\/strong><\/em><\/strong><\/em><\/strong><\/em><\/strong><\/em><\/strong><\/em><\/strong><\/em><\/strong><\/em><\/strong><\/em><\/strong><\/em><\/strong><\/em><\/strong><\/em><\/strong><\/em><\/strong><\/em><\/strong><\/em><\/strong><\/em><\/strong><\/em><\/strong><\/em><\/strong><\/em><\/strong><\/em><\/strong><\/em><\/strong><\/em><\/strong><\/em><\/strong><\/em><\/strong><\/em><\/strong><\/em><\/strong><\/em><\/strong><\/em><\/strong><\/em><\/strong><\/em><\/strong><\/em><\/strong><\/em><\/strong><\/em><\/strong><\/em><\/strong><\/em><\/strong><\/em><\/strong><\/em><\/strong><\/em><\/strong><\/em><\/strong><\/em><\/strong><\/em><\/strong><\/em><\/strong><\/em><\/strong><\/em><\/strong><\/em><\/strong><\/em><\/strong><\/em><\/strong><\/em><\/strong><\/em><\/strong><\/em><\/strong><\/em><\/strong><\/em><\/strong><\/em><\/strong><\/em><\/strong><\/em><\/strong><\/em><\/strong><\/em><\/strong><\/em><\/strong><\/em><\/strong><\/em><\/strong><\/em><\/strong><\/em><\/strong><\/em><\/strong><\/em><\/strong><\/em><\/strong><\/em><\/strong><\/em><\/strong><\/em><\/strong><\/em><\/strong><\/em><\/strong><\/em><\/strong><\/em><\/strong><\/em><\/strong><\/em><\/strong><\/em><\/strong><\/em><\/strong><\/em><\/strong><\/em><\/strong><\/em><\/strong><\/em><\/strong><\/em><\/strong><\/em><\/strong><\/em><\/strong><\/em><\/strong><\/em><\/strong><\/em><\/strong><\/em><\/strong><\/em><\/strong><\/em><\/strong><\/em><\/strong><\/em><\/strong><\/em><\/strong><\/em><\/strong><\/em><\/strong><\/em><\/strong><\/em><\/strong><\/em><\/strong><\/em><\/strong><\/em><\/strong><\/em><\/strong><\/em><\/strong><\/em><\/strong><\/em><\/strong><\/p>\n","protected":false},"excerpt":{"rendered":"<p>O Governo de S\u00e3o Paulo acaba de anunciar um reajuste nos valores de 158 procedimentos da Tabela SUS Paulista para 2025. Essa medida, implementada pela Secretaria de Estado da Sa\u00fade (SES), ter\u00e1 um impacto de mais de R$ 134 milh\u00f5es e beneficiar\u00e1 \u00e1reas como diagn\u00f3stico e tratamento do c\u00e2ncer de mama, procedimentos ortop\u00e9dicos, exames e &hellip;<\/p>\n","protected":false},"author":1,"featured_media":15948,"comment_status":"open","ping_status":"open","sticky":false,"template":"","format":"standard","meta":{"_jetpack_memberships_contains_paid_content":false,"footnotes":"","jetpack_publicize_message":"","jetpack_publicize_feature_enabled":true,"jetpack_social_post_already_shared":false,"jetpack_social_options":{"image_generator_settings":{"template":"highway","default_image_id":0,"enabled":false},"version":2}},"categories":[4],"tags":[],"class_list":["post-15947","post","type-post","status-publish","format-standard","has-post-thumbnail","hentry","category-regiao"],"jetpack_publicize_connections":[],"jetpack_featured_media_url":"https:\/\/i0.wp.com\/www.paparazzinews.com.br\/wp-content\/uploads\/2025\/02\/cirurgia-1024x683-1.jpg?fit=1024%2C683&ssl=1","views":"766","jetpack_likes_enabled":true,"jetpack_sharing_enabled":true,"_links":{"self":[{"href":"https:\/\/www.paparazzinews.com.br\/index.php?rest_route=\/wp\/v2\/posts\/15947","targetHints":{"allow":["GET"]}}],"collection":[{"href":"https:\/\/www.paparazzinews.com.br\/index.php?rest_route=\/wp\/v2\/posts"}],"about":[{"href":"https:\/\/www.paparazzinews.com.br\/index.php?rest_route=\/wp\/v2\/types\/post"}],"author":[{"embeddable":true,"href":"https:\/\/www.paparazzinews.com.br\/index.php?rest_route=\/wp\/v2\/users\/1"}],"replies":[{"embeddable":true,"href":"https:\/\/www.paparazzinews.com.br\/index.php?rest_route=%2Fwp%2Fv2%2Fcomments&post=15947"}],"version-history":[{"count":1,"href":"https:\/\/www.paparazzinews.com.br\/index.php?rest_route=\/wp\/v2\/posts\/15947\/revisions"}],"predecessor-version":[{"id":15949,"href":"https:\/\/www.paparazzinews.com.br\/index.php?rest_route=\/wp\/v2\/posts\/15947\/revisions\/15949"}],"wp:featuredmedia":[{"embeddable":true,"href":"https:\/\/www.paparazzinews.com.br\/index.php?rest_route=\/wp\/v2\/media\/15948"}],"wp:attachment":[{"href":"https:\/\/www.paparazzinews.com.br\/index.php?rest_route=%2Fwp%2Fv2%2Fmedia&parent=15947"}],"wp:term":[{"taxonomy":"category","embeddable":true,"href":"https:\/\/www.paparazzinews.com.br\/index.php?rest_route=%2Fwp%2Fv2%2Fcategories&post=15947"},{"taxonomy":"post_tag","embeddable":true,"href":"https:\/\/www.paparazzinews.com.br\/index.php?rest_route=%2Fwp%2Fv2%2Ftags&post=15947"}],"curies":[{"name":"wp","href":"https:\/\/api.w.org\/{rel}","templated":true}]}}