{"id":15902,"date":"2025-01-31T08:38:19","date_gmt":"2025-01-31T11:38:19","guid":{"rendered":"https:\/\/www.paparazzinews.com.br\/?p=15902"},"modified":"2025-01-31T08:38:20","modified_gmt":"2025-01-31T11:38:20","slug":"vacinacao-contra-febre-amarela-sao-paulo-reforca-distribuicao-de-vacinas","status":"publish","type":"post","link":"https:\/\/www.paparazzinews.com.br\/?p=15902","title":{"rendered":"Vacina\u00e7\u00e3o contra Febre Amarela: S\u00e3o Paulo refor\u00e7a distribui\u00e7\u00e3o de vacinas"},"content":{"rendered":"\n<p>A Secretaria de Estado da Sa\u00fade (SES) de S\u00e3o Paulo est\u00e1 refor\u00e7ando a distribui\u00e7\u00e3o da vacina contra a febre amarela em todo o estado, ap\u00f3s o registro de casos da doen\u00e7a. A pasta est\u00e1 em tratativas com o Minist\u00e9rio da Sa\u00fade para receber 6 milh\u00f5es de doses do imunizante. A informa\u00e7\u00e3o \u00e9 do Roni Paparazzi e Foto: Governo de SP.<\/p>\n\n\n\n<p>At\u00e9 o momento, o Instituto Adolfo Lutz confirmou oito casos em humanos por febre amarela, sendo um importado de Minas Gerais. Al\u00e9m disso, foram registrados 25 casos de febre amarela em primatas n\u00e3o humanos.<\/p>\n\n\n\n<p>A vacina\u00e7\u00e3o \u00e9 a principal forma de preven\u00e7\u00e3o contra a febre amarela. A SES destaca que a vacina est\u00e1 dispon\u00edvel em todas as Unidades B\u00e1sicas de Sa\u00fade (UBS) do estado e que a conscientiza\u00e7\u00e3o da popula\u00e7\u00e3o sobre a import\u00e2ncia da imuniza\u00e7\u00e3o de rotina \u00e9 essencial para prevenir casos graves e proteger a sa\u00fade.<\/p>\n\n\n\n<p><strong>Locais com casos confirmados:<\/strong><\/p>\n\n\n\n<ul class=\"wp-block-list\">\n<li>Socorro: 4 casos<\/li>\n\n\n\n<li>Joan\u00f3polis: 2 casos<\/li>\n\n\n\n<li>Tuiuti: 1 caso<\/li>\n\n\n\n<li>Itapeva (MG): 1 caso importado<\/li>\n<\/ul>\n\n\n\n<p><strong>Sintomas da febre amarela:<\/strong><\/p>\n\n\n\n<ul class=\"wp-block-list\">\n<li>In\u00edcio s\u00fabito de febre<\/li>\n\n\n\n<li>Calafrios<\/li>\n\n\n\n<li>Dor de cabe\u00e7a intensa<\/li>\n\n\n\n<li>Dores nas costas<\/li>\n\n\n\n<li>Dores no corpo em geral<\/li>\n\n\n\n<li>N\u00e1useas e v\u00f4mitos<\/li>\n\n\n\n<li>Fadiga<\/li>\n\n\n\n<li>Fraqueza<\/li>\n<\/ul>\n\n\n\n<p>A SES ressalta que os macacos n\u00e3o transmitem a doen\u00e7a e que a transmiss\u00e3o do v\u00edrus se d\u00e1 pela picada de mosquito silvestre infectado. Caso algu\u00e9m identifique macacos mortos, deve informar imediatamente \u00e0s autoridades sanit\u00e1rias do munic\u00edpio.<\/p>\n\n\n\n<p><strong><em><strong><em><strong><em><strong><em><strong><em><strong><em><strong><em><strong><em><strong><em><strong><em><strong><em><strong><em><strong><em><strong><em><strong><em><strong><em><strong><em><strong><em><strong><em><strong><em><strong><em><strong><em><strong><em><strong><em><strong><em><strong><em><strong><em><strong><em><strong><em><strong><em><strong><em><strong><em><strong><em><strong><em><strong><em><strong><em><strong><em><strong><em><strong><em><strong><em><strong><em><strong><em><strong><em><strong><em><strong><em><strong><em><strong><em><strong><em><strong><em><strong><em><strong><em><strong><em><strong><em><strong><em><strong><em><strong><em><strong><em><strong><em><strong><em><strong><em><strong><em><strong><em><strong><em><strong><em><strong><em><strong><em><strong><em><strong><em><strong><em><strong><em><strong><em><strong><em><strong><em><strong><em><strong><em><strong><em><strong><em><strong><em><strong><em><strong><em><strong><em><strong><em><strong><em><strong><em><strong><em><strong><em><strong><em><strong><em><strong><em><strong><em><strong><em><strong><em><strong><em><strong><em><strong><em><strong><em><strong><em><strong><em><strong><em><strong><em><strong><em><strong><em><strong><em><strong><em><strong><em><strong><em><strong><em><strong><em><strong><em><strong><em><strong><em><strong><em><strong><em><strong><em><strong><em><strong><em><strong><em><strong><em><strong><em><strong><em><strong><em><strong><em><strong><em><strong><em><strong><em><strong><em><strong><em><strong><em><strong>Siga nossas redes sociais no&nbsp;<a href=\"https:\/\/www.instagram.com\/ronipaparazzi\/\">Instagram&nbsp;<\/a>e&nbsp;<a href=\"https:\/\/www.facebook.com\/ronipaparazzicomvoce\">Facebook<\/a>&nbsp;participe da nossa comunidade do Canal Roni Paparazzi no Whatsapp e receba as principais not\u00edcias da regi\u00e3o de Ara\u00e7atuba do dia direto no seu celular.<\/strong>&nbsp;<a href=\"https:\/\/chat.whatsapp.com\/GsG1XKo0jPOEfjzudWQcml\" target=\"_blank\" rel=\"noreferrer noopener\">&nbsp;Clique aqui e se inscreva.<\/a><\/em><\/strong><\/em><\/strong><\/em><\/strong><\/em><\/strong><\/em><\/strong><\/em><\/strong><\/em><\/strong><\/em><\/strong><\/em><\/strong><\/em><\/strong><\/em><\/strong><\/em><\/strong><\/em><\/strong><\/em><\/strong><\/em><\/strong><\/em><\/strong><\/em><\/strong><\/em><\/strong><\/em><\/strong><\/em><\/strong><\/em><\/strong><\/em><\/strong><\/em><\/strong><\/em><\/strong><\/em><\/strong><\/em><\/strong><\/em><\/strong><\/em><\/strong><\/em><\/strong><\/em><\/strong><\/em><\/strong><\/em><\/strong><\/em><\/strong><\/em><\/strong><\/em><\/strong><\/em><\/strong><\/em><\/strong><\/em><\/strong><\/em><\/strong><\/em><\/strong><\/em><\/strong><\/em><\/strong><\/em><\/strong><\/em><\/strong><\/em><\/strong><\/em><\/strong><\/em><\/strong><\/em><\/strong><\/em><\/strong><\/em><\/strong><\/em><\/strong><\/em><\/strong><\/em><\/strong><\/em><\/strong><\/em><\/strong><\/em><\/strong><\/em><\/strong><\/em><\/strong><\/em><\/strong><\/em><\/strong><\/em><\/strong><\/em><\/strong><\/em><\/strong><\/em><\/strong><\/em><\/strong><\/em><\/strong><\/em><\/strong><\/em><\/strong><\/em><\/strong><\/em><\/strong><\/em><\/strong><\/em><\/strong><\/em><\/strong><\/em><\/strong><\/em><\/strong><\/em><\/strong><\/em><\/strong><\/em><\/strong><\/em><\/strong><\/em><\/strong><\/em><\/strong><\/em><\/strong><\/em><\/strong><\/em><\/strong><\/em><\/strong><\/em><\/strong><\/em><\/strong><\/em><\/strong><\/em><\/strong><\/em><\/strong><\/em><\/strong><\/em><\/strong><\/em><\/strong><\/em><\/strong><\/em><\/strong><\/em><\/strong><\/em><\/strong><\/em><\/strong><\/em><\/strong><\/em><\/strong><\/em><\/strong><\/em><\/strong><\/em><\/strong><\/em><\/strong><\/em><\/strong><\/em><\/strong><\/em><\/strong><\/em><\/strong><\/em><\/strong><\/em><\/strong><\/em><\/strong><\/em><\/strong><\/em><\/strong><\/em><\/strong><\/em><\/strong><\/em><\/strong><\/em><\/strong><\/em><\/strong><\/em><\/strong><\/em><\/strong><\/em><\/strong><\/em><\/strong><\/em><\/strong><\/em><\/strong><\/em><\/strong><\/em><\/strong><\/em><\/strong><\/em><\/strong><\/p>\n","protected":false},"excerpt":{"rendered":"<p>A Secretaria de Estado da Sa\u00fade (SES) de S\u00e3o Paulo est\u00e1 refor\u00e7ando a distribui\u00e7\u00e3o da vacina contra a febre amarela em todo o estado, ap\u00f3s o registro de casos da doen\u00e7a. A pasta est\u00e1 em tratativas com o Minist\u00e9rio da Sa\u00fade para receber 6 milh\u00f5es de doses do imunizante. A informa\u00e7\u00e3o \u00e9 do Roni Paparazzi &hellip;<\/p>\n","protected":false},"author":1,"featured_media":15903,"comment_status":"open","ping_status":"open","sticky":false,"template":"","format":"standard","meta":{"_jetpack_memberships_contains_paid_content":false,"footnotes":"","jetpack_publicize_message":"","jetpack_publicize_feature_enabled":true,"jetpack_social_post_already_shared":false,"jetpack_social_options":{"image_generator_settings":{"template":"highway","default_image_id":0,"enabled":false},"version":2}},"categories":[4],"tags":[],"class_list":["post-15902","post","type-post","status-publish","format-standard","has-post-thumbnail","hentry","category-regiao"],"jetpack_publicize_connections":[],"jetpack_featured_media_url":"https:\/\/i0.wp.com\/www.paparazzinews.com.br\/wp-content\/uploads\/2025\/01\/50256237292_4e3567a951_k-1024x698-1.jpg?fit=1024%2C698&ssl=1","views":"756","jetpack_likes_enabled":true,"jetpack_sharing_enabled":true,"_links":{"self":[{"href":"https:\/\/www.paparazzinews.com.br\/index.php?rest_route=\/wp\/v2\/posts\/15902","targetHints":{"allow":["GET"]}}],"collection":[{"href":"https:\/\/www.paparazzinews.com.br\/index.php?rest_route=\/wp\/v2\/posts"}],"about":[{"href":"https:\/\/www.paparazzinews.com.br\/index.php?rest_route=\/wp\/v2\/types\/post"}],"author":[{"embeddable":true,"href":"https:\/\/www.paparazzinews.com.br\/index.php?rest_route=\/wp\/v2\/users\/1"}],"replies":[{"embeddable":true,"href":"https:\/\/www.paparazzinews.com.br\/index.php?rest_route=%2Fwp%2Fv2%2Fcomments&post=15902"}],"version-history":[{"count":1,"href":"https:\/\/www.paparazzinews.com.br\/index.php?rest_route=\/wp\/v2\/posts\/15902\/revisions"}],"predecessor-version":[{"id":15904,"href":"https:\/\/www.paparazzinews.com.br\/index.php?rest_route=\/wp\/v2\/posts\/15902\/revisions\/15904"}],"wp:featuredmedia":[{"embeddable":true,"href":"https:\/\/www.paparazzinews.com.br\/index.php?rest_route=\/wp\/v2\/media\/15903"}],"wp:attachment":[{"href":"https:\/\/www.paparazzinews.com.br\/index.php?rest_route=%2Fwp%2Fv2%2Fmedia&parent=15902"}],"wp:term":[{"taxonomy":"category","embeddable":true,"href":"https:\/\/www.paparazzinews.com.br\/index.php?rest_route=%2Fwp%2Fv2%2Fcategories&post=15902"},{"taxonomy":"post_tag","embeddable":true,"href":"https:\/\/www.paparazzinews.com.br\/index.php?rest_route=%2Fwp%2Fv2%2Ftags&post=15902"}],"curies":[{"name":"wp","href":"https:\/\/api.w.org\/{rel}","templated":true}]}}