{"id":1588,"date":"2023-01-06T18:23:27","date_gmt":"2023-01-06T21:23:27","guid":{"rendered":"https:\/\/www.paparazzinews.com.br\/?p=1588"},"modified":"2023-01-06T18:23:28","modified_gmt":"2023-01-06T21:23:28","slug":"avo-aprende-a-maquiar-para-realizar-sonho-de-neta-com-paralesia-em-andradina","status":"publish","type":"post","link":"https:\/\/www.paparazzinews.com.br\/?p=1588","title":{"rendered":"Av\u00f4 aprende a maquiar para realizar sonho de neta com paralesia em Andradina"},"content":{"rendered":"\n<p>Mesmo com limita\u00e7\u00f5es causadas por uma paralisia cerebral, uma jovem de\u00a0<a href=\"https:\/\/g1.globo.com\/sp\/sao-jose-do-rio-preto-aracatuba\/cidade\/andradina\/\">Andradina (SP)<\/a>\u00a0n\u00e3o mede esfor\u00e7os para realizar o sonho de ser influenciadora digital. Aos 23 anos, Ana Paula do Nascimento foi diagnosticada com a defici\u00eancia ainda no parto. Ela usa cadeira de rodas e tem o movimento das m\u00e3os limitado. Por isso, grava v\u00eddeos de beleza com a ajuda do av\u00f4, que aprendeu a maquiar por meio da internet.<\/p>\n\n\n\n<p>&#8220;Eu consigo me maquiar sozinha, mas tenho muita dificuldade nas m\u00e3os e chamo meu av\u00f4. Ele \u00e9 tudo na minha vida. Se hoje eu sou uma pessoa que acredita no meu sonho foi porque ele me ensinou a nunca desistir&#8221;, afirma Ana Paula ao\u00a0<a rel=\"noreferrer noopener\" href=\"http:\/\/g1.com.br\/riopreto\" target=\"_blank\">g1<\/a>.<\/p>\n\n\n\n<p>Segundo Ulysses Gomes dos Santos, de 84 anos, duas vezes por ano a neta precisa ir a S\u00e3o Jos\u00e9 do Rio Preto para fazer um tratamento e ele faz quest\u00e3o que a neta esteja arrumada. Al\u00e9m da maquiagem para o dia a dia e grava\u00e7\u00f5es, o aposentado tamb\u00e9m cuida das unhas da jovem.<\/p>\n\n\n\n<p>&#8220;Aprendi assistindo v\u00eddeos. [&#8230;] A maquiagem ainda n\u00e3o \u00e9 100%, mas a gente chega l\u00e1&#8221;, diz Ulysses. Eu uso base, p\u00f3, contorno, delineador, iluminador, que \u00e9 aquele que fica brilhando. Tem que fazer teste primeiro pra ver se a cor bate com a pele dela. Tem que dar batidinha e espalhar pra dar a cor certa&#8221;, explica.<\/p>\n\n\n\n<p>Sabendo da paix\u00e3o de Ana Paula por maquiagem e internet, o av\u00f4 tamb\u00e9m investiu no sonho da neta e comprou todos os equipamentos necess\u00e1rios para gravar v\u00eddeos de qualidade. Celular, c\u00e2mera e at\u00e9 trip\u00e9 comp\u00f5em o &#8220;kit&#8221; da influenciadora.<\/p>\n\n\n\n<h2 class=\"wp-block-heading\"><strong>Como tudo come\u00e7ou<\/strong><\/h2>\n\n\n\n<p>Ana Paula come\u00e7ou a se interessar pelo mundo da maquiagem aos 10 anos, ao ver a madrinha se arrumando. Cinco anos depois, ganhou um notebook e passou a pesquisar tutoriais na internet para aprender sobre o assunto.<\/p>\n\n\n\n<p>&#8220;Eu criei um canal no YouTube, sozinha, em 2018. A\u00ed eu comecei gravar resenha dos produtos que usava e me encontrei nesse mundo. Quando terminei de gravar falei para o meu av\u00f4 que eu tinha me encontrado, que era isso que eu ia fazer, ajudar quem n\u00e3o sabe se maquiar&#8221;, conta.<\/p>\n\n\n\n<p>Em 2020, durante a pandemia, a jovem participou de uma campanha da assessora Carla Jorge e ganhou uma consultoria para aprimorar o conhecimento nas redes sociais. Mas ao perceber o interesse de Ana Paula no assunto, a profissional segue a ajudando.<\/p>\n\n\n\n<p>Atualmente, a influenciadora em ascens\u00e3o cria os v\u00eddeos com a ajuda do av\u00f4 e os publica na internet. Ela ainda n\u00e3o tem retorno financeiro, mas nas redes sociais contabiliza mais de 20 mil seguidores e v\u00ea o sonho se tornar realidade a cada dia que passa. &#8220;Eu apoio muito. Vale a pena. Enquanto eu posso auxiliar, estarei do lado. Ela nasceu aqui, mora aqui e vai ficar por aqui&#8221;, afirma Ulysses.<\/p>\n\n\n\n<p><\/p>\n","protected":false},"excerpt":{"rendered":"<p>Mesmo com limita\u00e7\u00f5es causadas por uma paralisia cerebral, uma jovem de\u00a0Andradina (SP)\u00a0n\u00e3o mede esfor\u00e7os para realizar o sonho de ser influenciadora digital. Aos 23 anos, Ana Paula do Nascimento foi diagnosticada com a defici\u00eancia ainda no parto. Ela usa cadeira de rodas e tem o movimento das m\u00e3os limitado. Por isso, grava v\u00eddeos de beleza &hellip;<\/p>\n","protected":false},"author":1,"featured_media":1589,"comment_status":"open","ping_status":"open","sticky":false,"template":"","format":"standard","meta":{"_jetpack_memberships_contains_paid_content":false,"footnotes":"","jetpack_publicize_message":"","jetpack_publicize_feature_enabled":true,"jetpack_social_post_already_shared":false,"jetpack_social_options":{"image_generator_settings":{"template":"highway","default_image_id":0,"enabled":false},"version":2}},"categories":[4],"tags":[],"class_list":["post-1588","post","type-post","status-publish","format-standard","has-post-thumbnail","hentry","category-regiao"],"jetpack_publicize_connections":[],"jetpack_featured_media_url":"https:\/\/i0.wp.com\/www.paparazzinews.com.br\/wp-content\/uploads\/2023\/01\/324349065_874378263904922_349049545609472141_n.jpg?fit=640%2C360&ssl=1","views":"4064","jetpack_likes_enabled":true,"jetpack_sharing_enabled":true,"_links":{"self":[{"href":"https:\/\/www.paparazzinews.com.br\/index.php?rest_route=\/wp\/v2\/posts\/1588","targetHints":{"allow":["GET"]}}],"collection":[{"href":"https:\/\/www.paparazzinews.com.br\/index.php?rest_route=\/wp\/v2\/posts"}],"about":[{"href":"https:\/\/www.paparazzinews.com.br\/index.php?rest_route=\/wp\/v2\/types\/post"}],"author":[{"embeddable":true,"href":"https:\/\/www.paparazzinews.com.br\/index.php?rest_route=\/wp\/v2\/users\/1"}],"replies":[{"embeddable":true,"href":"https:\/\/www.paparazzinews.com.br\/index.php?rest_route=%2Fwp%2Fv2%2Fcomments&post=1588"}],"version-history":[{"count":1,"href":"https:\/\/www.paparazzinews.com.br\/index.php?rest_route=\/wp\/v2\/posts\/1588\/revisions"}],"predecessor-version":[{"id":1590,"href":"https:\/\/www.paparazzinews.com.br\/index.php?rest_route=\/wp\/v2\/posts\/1588\/revisions\/1590"}],"wp:featuredmedia":[{"embeddable":true,"href":"https:\/\/www.paparazzinews.com.br\/index.php?rest_route=\/wp\/v2\/media\/1589"}],"wp:attachment":[{"href":"https:\/\/www.paparazzinews.com.br\/index.php?rest_route=%2Fwp%2Fv2%2Fmedia&parent=1588"}],"wp:term":[{"taxonomy":"category","embeddable":true,"href":"https:\/\/www.paparazzinews.com.br\/index.php?rest_route=%2Fwp%2Fv2%2Fcategories&post=1588"},{"taxonomy":"post_tag","embeddable":true,"href":"https:\/\/www.paparazzinews.com.br\/index.php?rest_route=%2Fwp%2Fv2%2Ftags&post=1588"}],"curies":[{"name":"wp","href":"https:\/\/api.w.org\/{rel}","templated":true}]}}