{"id":15879,"date":"2025-01-30T17:30:17","date_gmt":"2025-01-30T20:30:17","guid":{"rendered":"https:\/\/www.paparazzinews.com.br\/?p=15879"},"modified":"2025-01-30T17:30:18","modified_gmt":"2025-01-30T20:30:18","slug":"secretaria-municipal-de-educacao-efetiva-21-novos-professores-de-andradina","status":"publish","type":"post","link":"https:\/\/www.paparazzinews.com.br\/?p=15879","title":{"rendered":"Secretaria Municipal de Educa\u00e7\u00e3o efetiva 21 novos professores de Andradina"},"content":{"rendered":"\n<p>A Secretaria Municipal de Educa\u00e7\u00e3o deu um importante passo para garantir um ensino de qualidade, efetivando 21 novos professores contratados por meio de concurso p\u00fablico. Essa medida consolida o compromisso da administra\u00e7\u00e3o com a valoriza\u00e7\u00e3o profissional e a educa\u00e7\u00e3o de qualidade. A informa\u00e7\u00e3o \u00e9 do Roni Paparazzi e Foto: Prefeitura de Andradina.<\/p>\n\n\n\n<p><strong>Distribui\u00e7\u00e3o dos Novos Professores<\/strong><\/p>\n\n\n\n<p>Os 21 educadores foram distribu\u00eddos da seguinte forma:<\/p>\n\n\n\n<ul class=\"wp-block-list\">\n<li>6 professores para as Escolas de Ensino Fundamental<\/li>\n\n\n\n<li>3 professores para as Escolas de Educa\u00e7\u00e3o Infantil<\/li>\n\n\n\n<li>12 professores para os Centros de Educa\u00e7\u00e3o Infantil<\/li>\n<\/ul>\n\n\n\n<p>Eles atuar\u00e3o nas \u00e1reas de Ensino Fundamental I e Educa\u00e7\u00e3o Infantil, desempenhando um papel fundamental no desenvolvimento educacional das crian\u00e7as.<\/p>\n\n\n\n<p><strong>Um Passo para a Estabilidade e Qualidade do Ensino<\/strong><\/p>\n\n\n\n<p>A efetiva\u00e7\u00e3o desses professores faz parte do prop\u00f3sito da Secretaria Municipal de Educa\u00e7\u00e3o de garantir um Plano de Carreira s\u00f3lido, assegurando estabilidade e melhores condi\u00e7\u00f5es de trabalho aos profissionais. Al\u00e9m disso, essa medida evita a necessidade de contratos tempor\u00e1rios, proporcionando mais seguran\u00e7a e estabilidade para os educadores.<\/p>\n\n\n\n<p><strong>Atribui\u00e7\u00e3o de Aulas e In\u00edcio das Atividades<\/strong><\/p>\n\n\n\n<p>Com a atribui\u00e7\u00e3o conclu\u00edda, os professores assumem suas fun\u00e7\u00f5es no in\u00edcio do ano letivo, j\u00e1 participando do Planejamento a partir de segunda-feira (03\/02) juntamente com as equipes pedag\u00f3gicas das Unidades Escolares.<\/p>\n\n\n\n<p><strong><em><strong><em><strong><em><strong><em><strong><em><strong><em><strong><em><strong><em><strong><em><strong><em><strong><em><strong><em><strong><em><strong><em><strong><em><strong><em><strong><em><strong><em><strong><em><strong><em><strong><em><strong><em><strong><em><strong><em><strong><em><strong><em><strong><em><strong><em><strong><em><strong><em><strong><em><strong><em><strong><em><strong><em><strong><em><strong><em><strong><em><strong><em><strong><em><strong><em><strong><em><strong><em><strong><em><strong><em><strong><em><strong><em><strong><em><strong><em><strong><em><strong><em><strong><em><strong><em><strong><em><strong><em><strong><em><strong><em><strong><em><strong><em><strong><em><strong><em><strong><em><strong><em><strong><em><strong><em><strong><em><strong><em><strong><em><strong><em><strong><em><strong><em><strong><em><strong><em><strong><em><strong><em><strong><em><strong><em><strong><em><strong><em><strong><em><strong><em><strong><em><strong><em><strong><em><strong><em><strong><em><strong><em><strong><em><strong><em><strong><em><strong><em><strong><em><strong><em><strong><em><strong><em><strong><em><strong><em><strong><em><strong><em><strong><em><strong><em><strong><em><strong><em><strong><em><strong><em><strong><em><strong><em><strong><em><strong><em><strong><em><strong><em><strong><em><strong><em><strong><em><strong><em><strong><em><strong><em><strong><em><strong><em><strong><em><strong><em><strong><em><strong><em><strong><em><strong><em><strong><em><strong><em><strong><em><strong><em><strong>Siga nossas redes sociais no\u00a0<a href=\"https:\/\/www.instagram.com\/ronipaparazzi\/\">Instagram\u00a0<\/a>e\u00a0<a href=\"https:\/\/www.facebook.com\/ronipaparazzicomvoce\">Facebook<\/a>\u00a0participe da nossa comunidade do Canal Roni Paparazzi no Whatsapp e receba as principais not\u00edcias da regi\u00e3o de Ara\u00e7atuba do dia direto no seu celular.<\/strong>\u00a0<a href=\"https:\/\/chat.whatsapp.com\/GsG1XKo0jPOEfjzudWQcml\" target=\"_blank\" rel=\"noreferrer noopener\">\u00a0Clique aqui e se inscreva.<\/a><\/em><\/strong><\/em><\/strong><\/em><\/strong><\/em><\/strong><\/em><\/strong><\/em><\/strong><\/em><\/strong><\/em><\/strong><\/em><\/strong><\/em><\/strong><\/em><\/strong><\/em><\/strong><\/em><\/strong><\/em><\/strong><\/em><\/strong><\/em><\/strong><\/em><\/strong><\/em><\/strong><\/em><\/strong><\/em><\/strong><\/em><\/strong><\/em><\/strong><\/em><\/strong><\/em><\/strong><\/em><\/strong><\/em><\/strong><\/em><\/strong><\/em><\/strong><\/em><\/strong><\/em><\/strong><\/em><\/strong><\/em><\/strong><\/em><\/strong><\/em><\/strong><\/em><\/strong><\/em><\/strong><\/em><\/strong><\/em><\/strong><\/em><\/strong><\/em><\/strong><\/em><\/strong><\/em><\/strong><\/em><\/strong><\/em><\/strong><\/em><\/strong><\/em><\/strong><\/em><\/strong><\/em><\/strong><\/em><\/strong><\/em><\/strong><\/em><\/strong><\/em><\/strong><\/em><\/strong><\/em><\/strong><\/em><\/strong><\/em><\/strong><\/em><\/strong><\/em><\/strong><\/em><\/strong><\/em><\/strong><\/em><\/strong><\/em><\/strong><\/em><\/strong><\/em><\/strong><\/em><\/strong><\/em><\/strong><\/em><\/strong><\/em><\/strong><\/em><\/strong><\/em><\/strong><\/em><\/strong><\/em><\/strong><\/em><\/strong><\/em><\/strong><\/em><\/strong><\/em><\/strong><\/em><\/strong><\/em><\/strong><\/em><\/strong><\/em><\/strong><\/em><\/strong><\/em><\/strong><\/em><\/strong><\/em><\/strong><\/em><\/strong><\/em><\/strong><\/em><\/strong><\/em><\/strong><\/em><\/strong><\/em><\/strong><\/em><\/strong><\/em><\/strong><\/em><\/strong><\/em><\/strong><\/em><\/strong><\/em><\/strong><\/em><\/strong><\/em><\/strong><\/em><\/strong><\/em><\/strong><\/em><\/strong><\/em><\/strong><\/em><\/strong><\/em><\/strong><\/em><\/strong><\/em><\/strong><\/em><\/strong><\/em><\/strong><\/em><\/strong><\/em><\/strong><\/em><\/strong><\/em><\/strong><\/em><\/strong><\/em><\/strong><\/em><\/strong><\/em><\/strong><\/em><\/strong><\/em><\/strong><\/em><\/strong><\/em><\/strong><\/em><\/strong><\/em><\/strong><\/em><\/strong><\/em><\/strong><\/em><\/strong><\/em><\/strong><\/em><\/strong><\/em><\/strong><\/p>\n","protected":false},"excerpt":{"rendered":"<p>A Secretaria Municipal de Educa\u00e7\u00e3o deu um importante passo para garantir um ensino de qualidade, efetivando 21 novos professores contratados por meio de concurso p\u00fablico. Essa medida consolida o compromisso da administra\u00e7\u00e3o com a valoriza\u00e7\u00e3o profissional e a educa\u00e7\u00e3o de qualidade. A informa\u00e7\u00e3o \u00e9 do Roni Paparazzi e Foto: Prefeitura de Andradina. Distribui\u00e7\u00e3o dos Novos &hellip;<\/p>\n","protected":false},"author":1,"featured_media":15880,"comment_status":"open","ping_status":"open","sticky":false,"template":"","format":"standard","meta":{"_jetpack_memberships_contains_paid_content":false,"footnotes":"","jetpack_publicize_message":"","jetpack_publicize_feature_enabled":true,"jetpack_social_post_already_shared":false,"jetpack_social_options":{"image_generator_settings":{"template":"highway","default_image_id":0,"enabled":false},"version":2}},"categories":[4],"tags":[],"class_list":["post-15879","post","type-post","status-publish","format-standard","has-post-thumbnail","hentry","category-regiao"],"jetpack_publicize_connections":[],"jetpack_featured_media_url":"https:\/\/i0.wp.com\/www.paparazzinews.com.br\/wp-content\/uploads\/2025\/01\/475482226_905455961761524_8873182969204463604_n.jpg?fit=1280%2C817&ssl=1","views":"774","jetpack_likes_enabled":true,"jetpack_sharing_enabled":true,"_links":{"self":[{"href":"https:\/\/www.paparazzinews.com.br\/index.php?rest_route=\/wp\/v2\/posts\/15879","targetHints":{"allow":["GET"]}}],"collection":[{"href":"https:\/\/www.paparazzinews.com.br\/index.php?rest_route=\/wp\/v2\/posts"}],"about":[{"href":"https:\/\/www.paparazzinews.com.br\/index.php?rest_route=\/wp\/v2\/types\/post"}],"author":[{"embeddable":true,"href":"https:\/\/www.paparazzinews.com.br\/index.php?rest_route=\/wp\/v2\/users\/1"}],"replies":[{"embeddable":true,"href":"https:\/\/www.paparazzinews.com.br\/index.php?rest_route=%2Fwp%2Fv2%2Fcomments&post=15879"}],"version-history":[{"count":1,"href":"https:\/\/www.paparazzinews.com.br\/index.php?rest_route=\/wp\/v2\/posts\/15879\/revisions"}],"predecessor-version":[{"id":15881,"href":"https:\/\/www.paparazzinews.com.br\/index.php?rest_route=\/wp\/v2\/posts\/15879\/revisions\/15881"}],"wp:featuredmedia":[{"embeddable":true,"href":"https:\/\/www.paparazzinews.com.br\/index.php?rest_route=\/wp\/v2\/media\/15880"}],"wp:attachment":[{"href":"https:\/\/www.paparazzinews.com.br\/index.php?rest_route=%2Fwp%2Fv2%2Fmedia&parent=15879"}],"wp:term":[{"taxonomy":"category","embeddable":true,"href":"https:\/\/www.paparazzinews.com.br\/index.php?rest_route=%2Fwp%2Fv2%2Fcategories&post=15879"},{"taxonomy":"post_tag","embeddable":true,"href":"https:\/\/www.paparazzinews.com.br\/index.php?rest_route=%2Fwp%2Fv2%2Ftags&post=15879"}],"curies":[{"name":"wp","href":"https:\/\/api.w.org\/{rel}","templated":true}]}}