{"id":15784,"date":"2025-01-28T17:38:41","date_gmt":"2025-01-28T20:38:41","guid":{"rendered":"https:\/\/www.paparazzinews.com.br\/?p=15784"},"modified":"2025-01-28T17:38:42","modified_gmt":"2025-01-28T20:38:42","slug":"castilho-em-alerta-prefeito-convoca-reuniao-emergencial-para-combater-dengue","status":"publish","type":"post","link":"https:\/\/www.paparazzinews.com.br\/?p=15784","title":{"rendered":"Castilho em Alerta: prefeito convoca reuni\u00e3o emergencial para combater Dengue"},"content":{"rendered":"\n<p>Com 13 casos confirmados de dengue, sendo um deles grave, o prefeito Paulo Duarte Boaventura convocou uma reuni\u00e3o emergencial com a equipe da Secretaria Municipal de Sa\u00fade para tra\u00e7ar estrat\u00e9gias de combate \u00e0 doen\u00e7a. A reuni\u00e3o contou com a participa\u00e7\u00e3o do secret\u00e1rio Demilson Cordeiro, do m\u00e9dico da Vigil\u00e2ncia Epidemiol\u00f3gica Jos\u00e9 Eduardo Garbellini, da enfermeira Naira Janaina e dos agentes de Sa\u00fade e de Vetores. A informa\u00e7\u00e3o \u00e9 do Roni Paparazzi e Foto: Divulga\u00e7\u00e3o.<\/p>\n\n\n\n<p>O prefeito ressaltou a import\u00e2ncia de unir for\u00e7as para combater a dengue, conscientizando a popula\u00e7\u00e3o de que o combate \u00e0 doen\u00e7a n\u00e3o \u00e9 apenas responsabilidade do Poder P\u00fablico, mas de todos. A iniciativa do prefeito vai ao encontro das a\u00e7\u00f5es propostas pelo governador de S\u00e3o Paulo, Tarc\u00edsio de Freitas, que est\u00e1 repassando recursos aos munic\u00edpios para enfrentar o mosquito transmissor.<\/p>\n\n\n\n<p><strong>Entre as estrat\u00e9gias definidas, est\u00e3o:<\/strong><\/p>\n\n\n\n<ul class=\"wp-block-list\">\n<li>Mutir\u00e3o de visitas casa a casa: Avalia\u00e7\u00e3o dos domic\u00edlios e quintais, com oferta de sacos de lixo para recolhimento de criadouros e destina\u00e7\u00e3o dos mesmos na coleta de rotina.<\/li>\n\n\n\n<li>A\u00e7\u00f5es de orienta\u00e7\u00e3o e educa\u00e7\u00e3o nas escolas: Com abordagem l\u00fadica, para que as crian\u00e7as sejam sentinelas na cobran\u00e7a por limpeza dos quintais.<\/li>\n\n\n\n<li>Capacita\u00e7\u00e3o das equipes de sa\u00fade: Na pr\u00f3xima quinta-feira (30) e sexta-feira (31), para seguimento e notifica\u00e7\u00e3o dos casos.<\/li>\n<\/ul>\n\n\n\n<p>O secret\u00e1rio de Sa\u00fade, Demilson Cordeiro, destacou que a rede de sa\u00fade est\u00e1 organizada para atender todos os suspeitos sem a necessidade de buscar atendimento no Pronto Socorro. &#8220;Ao identificar sintomas como febre, dores no corpo, cansa\u00e7o, dor de cabe\u00e7a, \u00e9 s\u00f3 procurar a unidade de sa\u00fade mais pr\u00f3xima que ser\u00e1 prontamente atendido, notificado e realizado o seguimento&#8221;, finalizou.<\/p>\n\n\n\n<p><strong><em><strong><em><strong><em><strong><em><strong><em><strong><em><strong><em><strong><em><strong><em><strong><em><strong><em><strong><em><strong><em><strong><em><strong><em><strong><em><strong><em><strong><em><strong><em><strong><em><strong><em><strong><em><strong><em><strong><em><strong><em><strong><em><strong><em><strong><em><strong><em><strong><em><strong><em><strong><em><strong><em><strong><em><strong><em><strong><em><strong><em><strong><em><strong><em><strong><em><strong><em><strong><em><strong><em><strong><em><strong><em><strong><em><strong><em><strong><em><strong><em><strong><em><strong><em><strong><em><strong><em><strong><em><strong><em><strong><em><strong><em><strong><em><strong><em><strong><em><strong><em><strong><em><strong><em><strong><em><strong><em><strong><em><strong><em><strong><em><strong><em><strong><em><strong><em><strong><em><strong><em><strong><em><strong><em><strong><em><strong><em><strong><em><strong><em><strong><em><strong><em><strong><em><strong><em><strong><em><strong><em><strong><em><strong><em><strong><em><strong><em><strong><em><strong><em><strong><em><strong><em><strong><em><strong><em><strong><em><strong><em><strong><em><strong><em><strong><em><strong><em><strong><em><strong><em><strong><em><strong><em><strong><em><strong><em><strong><em><strong><em><strong><em><strong><em><strong><em><strong><em><strong><em><strong><em><strong><em><strong><em><strong><em><strong><em><strong><em><strong><em><strong><em><strong><em><strong><em><strong><em><strong><em><strong><em><strong><em><strong>Siga nossas redes sociais no\u00a0<a href=\"https:\/\/www.instagram.com\/ronipaparazzi\/\">Instagram\u00a0<\/a>e\u00a0<a href=\"https:\/\/www.facebook.com\/ronipaparazzicomvoce\">Facebook<\/a>\u00a0participe da nossa comunidade do Canal Roni Paparazzi no Whatsapp e receba as principais not\u00edcias da regi\u00e3o de Ara\u00e7atuba do dia direto no seu celular.<\/strong>\u00a0<a href=\"https:\/\/chat.whatsapp.com\/GsG1XKo0jPOEfjzudWQcml\" target=\"_blank\" rel=\"noreferrer noopener\">\u00a0Clique aqui e se inscreva.<\/a><\/em><\/strong><\/em><\/strong><\/em><\/strong><\/em><\/strong><\/em><\/strong><\/em><\/strong><\/em><\/strong><\/em><\/strong><\/em><\/strong><\/em><\/strong><\/em><\/strong><\/em><\/strong><\/em><\/strong><\/em><\/strong><\/em><\/strong><\/em><\/strong><\/em><\/strong><\/em><\/strong><\/em><\/strong><\/em><\/strong><\/em><\/strong><\/em><\/strong><\/em><\/strong><\/em><\/strong><\/em><\/strong><\/em><\/strong><\/em><\/strong><\/em><\/strong><\/em><\/strong><\/em><\/strong><\/em><\/strong><\/em><\/strong><\/em><\/strong><\/em><\/strong><\/em><\/strong><\/em><\/strong><\/em><\/strong><\/em><\/strong><\/em><\/strong><\/em><\/strong><\/em><\/strong><\/em><\/strong><\/em><\/strong><\/em><\/strong><\/em><\/strong><\/em><\/strong><\/em><\/strong><\/em><\/strong><\/em><\/strong><\/em><\/strong><\/em><\/strong><\/em><\/strong><\/em><\/strong><\/em><\/strong><\/em><\/strong><\/em><\/strong><\/em><\/strong><\/em><\/strong><\/em><\/strong><\/em><\/strong><\/em><\/strong><\/em><\/strong><\/em><\/strong><\/em><\/strong><\/em><\/strong><\/em><\/strong><\/em><\/strong><\/em><\/strong><\/em><\/strong><\/em><\/strong><\/em><\/strong><\/em><\/strong><\/em><\/strong><\/em><\/strong><\/em><\/strong><\/em><\/strong><\/em><\/strong><\/em><\/strong><\/em><\/strong><\/em><\/strong><\/em><\/strong><\/em><\/strong><\/em><\/strong><\/em><\/strong><\/em><\/strong><\/em><\/strong><\/em><\/strong><\/em><\/strong><\/em><\/strong><\/em><\/strong><\/em><\/strong><\/em><\/strong><\/em><\/strong><\/em><\/strong><\/em><\/strong><\/em><\/strong><\/em><\/strong><\/em><\/strong><\/em><\/strong><\/em><\/strong><\/em><\/strong><\/em><\/strong><\/em><\/strong><\/em><\/strong><\/em><\/strong><\/em><\/strong><\/em><\/strong><\/em><\/strong><\/em><\/strong><\/em><\/strong><\/em><\/strong><\/em><\/strong><\/em><\/strong><\/em><\/strong><\/em><\/strong><\/em><\/strong><\/em><\/strong><\/em><\/strong><\/em><\/strong><\/em><\/strong><\/em><\/strong><\/em><\/strong><\/em><\/strong><\/em><\/strong><\/em><\/strong><\/em><\/strong><\/em><\/strong><\/em><\/strong><\/p>\n","protected":false},"excerpt":{"rendered":"<p>Com 13 casos confirmados de dengue, sendo um deles grave, o prefeito Paulo Duarte Boaventura convocou uma reuni\u00e3o emergencial com a equipe da Secretaria Municipal de Sa\u00fade para tra\u00e7ar estrat\u00e9gias de combate \u00e0 doen\u00e7a. A reuni\u00e3o contou com a participa\u00e7\u00e3o do secret\u00e1rio Demilson Cordeiro, do m\u00e9dico da Vigil\u00e2ncia Epidemiol\u00f3gica Jos\u00e9 Eduardo Garbellini, da enfermeira Naira &hellip;<\/p>\n","protected":false},"author":1,"featured_media":15785,"comment_status":"open","ping_status":"open","sticky":false,"template":"","format":"standard","meta":{"_jetpack_memberships_contains_paid_content":false,"footnotes":"","jetpack_publicize_message":"","jetpack_publicize_feature_enabled":true,"jetpack_social_post_already_shared":false,"jetpack_social_options":{"image_generator_settings":{"template":"highway","default_image_id":0,"enabled":false},"version":2}},"categories":[4],"tags":[],"class_list":["post-15784","post","type-post","status-publish","format-standard","has-post-thumbnail","hentry","category-regiao"],"jetpack_publicize_connections":[],"jetpack_featured_media_url":"https:\/\/i0.wp.com\/www.paparazzinews.com.br\/wp-content\/uploads\/2025\/01\/d56db768-e27c-44de-97f7-ab392022b641-scaled-e1738096704297.jpeg?fit=1000%2C563&ssl=1","views":"770","jetpack_likes_enabled":true,"jetpack_sharing_enabled":true,"_links":{"self":[{"href":"https:\/\/www.paparazzinews.com.br\/index.php?rest_route=\/wp\/v2\/posts\/15784","targetHints":{"allow":["GET"]}}],"collection":[{"href":"https:\/\/www.paparazzinews.com.br\/index.php?rest_route=\/wp\/v2\/posts"}],"about":[{"href":"https:\/\/www.paparazzinews.com.br\/index.php?rest_route=\/wp\/v2\/types\/post"}],"author":[{"embeddable":true,"href":"https:\/\/www.paparazzinews.com.br\/index.php?rest_route=\/wp\/v2\/users\/1"}],"replies":[{"embeddable":true,"href":"https:\/\/www.paparazzinews.com.br\/index.php?rest_route=%2Fwp%2Fv2%2Fcomments&post=15784"}],"version-history":[{"count":1,"href":"https:\/\/www.paparazzinews.com.br\/index.php?rest_route=\/wp\/v2\/posts\/15784\/revisions"}],"predecessor-version":[{"id":15786,"href":"https:\/\/www.paparazzinews.com.br\/index.php?rest_route=\/wp\/v2\/posts\/15784\/revisions\/15786"}],"wp:featuredmedia":[{"embeddable":true,"href":"https:\/\/www.paparazzinews.com.br\/index.php?rest_route=\/wp\/v2\/media\/15785"}],"wp:attachment":[{"href":"https:\/\/www.paparazzinews.com.br\/index.php?rest_route=%2Fwp%2Fv2%2Fmedia&parent=15784"}],"wp:term":[{"taxonomy":"category","embeddable":true,"href":"https:\/\/www.paparazzinews.com.br\/index.php?rest_route=%2Fwp%2Fv2%2Fcategories&post=15784"},{"taxonomy":"post_tag","embeddable":true,"href":"https:\/\/www.paparazzinews.com.br\/index.php?rest_route=%2Fwp%2Fv2%2Ftags&post=15784"}],"curies":[{"name":"wp","href":"https:\/\/api.w.org\/{rel}","templated":true}]}}