{"id":157,"date":"2022-06-24T15:15:28","date_gmt":"2022-06-24T18:15:28","guid":{"rendered":"https:\/\/www.paparazzinews.com.br\/?p=157"},"modified":"2022-06-24T15:15:29","modified_gmt":"2022-06-24T18:15:29","slug":"revisao-do-plano-diretor-de-turismo-de-andradina-e-aprovada","status":"publish","type":"post","link":"https:\/\/www.paparazzinews.com.br\/?p=157","title":{"rendered":"Revis\u00e3o do Plano Diretor de Turismo de Andradina \u00e9 aprovada"},"content":{"rendered":"\n<p>Foi realizada no \u00faltimo dia 22, na sede da Associa\u00e7\u00e3o Comercial e Industrial de Andradina, a audi\u00eancia p\u00fablica de Revis\u00e3o do Plano Diretor do Turismo de Andradina. O documento original \u00e9 de 2019 e sofreu altera\u00e7\u00f5es sugeridas pelo atual Governo de Andradina.<\/p>\n\n\n\n<p><br>Al\u00e9m do Plano diretor, a reuni\u00e3o ainda apresentou a revis\u00e3o e atualiza\u00e7\u00e3o do Invent\u00e1rio Tur\u00edstico e Estudo de Demanda Tur\u00edstica. Esses mecanismos, trabalhando juntos, funcionam como um verdadeiro \u201cguia para que interessados do setor p\u00fablico e privado saibam que caminho percorrer para atingir seus objetivos de desenvolvimento.<\/p>\n\n\n\n<p>A audi\u00eancia foi presidida pelo presidente do Conselho Municipal de Turismo (Comtur) de Andradina Leonardo Konno, tendo a presen\u00e7a do vereador Hugo Zamboni, do subsecret\u00e1rio de Desenvolvimento Marcos Okajima e da subsecret\u00e1ria de Turismo Viviane Elois. Durante a audi\u00eancia os participantes puderam apresentar sugest\u00f5es, esclarecer d\u00favidas e propor melhorias para o desenvolvimento do turismo receptivo no munic\u00edpio.<\/p>\n\n\n\n<p>\u201cO Plano Diretor ap\u00f3s explana\u00e7\u00e3o foi aprovado por unanimidade e agora seguir\u00e1 para a C\u00e2mara Municipal para se tornar lei\u201d, explicou Viviane.<\/p>\n\n\n\n<p>O Plano Diretor de Turismo cont\u00e9m diretrizes, programas, projetos e as a\u00e7\u00f5es definidas para o desenvolvimento do setor no munic\u00edpio e tem prazo de 3 anos para revis\u00e3o. A estrutura\u00e7\u00e3o do Plano Diretor \u00e9 um dos principais requisitos para que uma cidade possa pleitear a sua inclus\u00e3o em programas governamentais de desenvolvimento da atividade tur\u00edstica, como Munic\u00edpio de Interesse Tur\u00edstico (MIT) ou Est\u00e2ncia Tur\u00edstica.<\/p>\n","protected":false},"excerpt":{"rendered":"<p>Foi realizada no \u00faltimo dia 22, na sede da Associa\u00e7\u00e3o Comercial e Industrial de Andradina, a audi\u00eancia p\u00fablica de Revis\u00e3o do Plano Diretor do Turismo de Andradina. O documento original \u00e9 de 2019 e sofreu altera\u00e7\u00f5es sugeridas pelo atual Governo de Andradina. Al\u00e9m do Plano diretor, a reuni\u00e3o ainda apresentou a revis\u00e3o e atualiza\u00e7\u00e3o do &hellip;<\/p>\n","protected":false},"author":1,"featured_media":158,"comment_status":"open","ping_status":"open","sticky":false,"template":"","format":"standard","meta":{"_jetpack_memberships_contains_paid_content":false,"footnotes":"","jetpack_publicize_message":"","jetpack_publicize_feature_enabled":true,"jetpack_social_post_already_shared":false,"jetpack_social_options":{"image_generator_settings":{"template":"highway","default_image_id":0,"enabled":false},"version":2}},"categories":[4],"tags":[],"class_list":["post-157","post","type-post","status-publish","format-standard","has-post-thumbnail","hentry","category-regiao"],"jetpack_publicize_connections":[],"jetpack_featured_media_url":"https:\/\/i0.wp.com\/www.paparazzinews.com.br\/wp-content\/uploads\/2022\/06\/ecbd9ec6-01fd-44eb-ad03-c1ccc7179c3d.jpg?fit=1280%2C853&ssl=1","views":"3350","jetpack_likes_enabled":true,"jetpack_sharing_enabled":true,"_links":{"self":[{"href":"https:\/\/www.paparazzinews.com.br\/index.php?rest_route=\/wp\/v2\/posts\/157","targetHints":{"allow":["GET"]}}],"collection":[{"href":"https:\/\/www.paparazzinews.com.br\/index.php?rest_route=\/wp\/v2\/posts"}],"about":[{"href":"https:\/\/www.paparazzinews.com.br\/index.php?rest_route=\/wp\/v2\/types\/post"}],"author":[{"embeddable":true,"href":"https:\/\/www.paparazzinews.com.br\/index.php?rest_route=\/wp\/v2\/users\/1"}],"replies":[{"embeddable":true,"href":"https:\/\/www.paparazzinews.com.br\/index.php?rest_route=%2Fwp%2Fv2%2Fcomments&post=157"}],"version-history":[{"count":1,"href":"https:\/\/www.paparazzinews.com.br\/index.php?rest_route=\/wp\/v2\/posts\/157\/revisions"}],"predecessor-version":[{"id":159,"href":"https:\/\/www.paparazzinews.com.br\/index.php?rest_route=\/wp\/v2\/posts\/157\/revisions\/159"}],"wp:featuredmedia":[{"embeddable":true,"href":"https:\/\/www.paparazzinews.com.br\/index.php?rest_route=\/wp\/v2\/media\/158"}],"wp:attachment":[{"href":"https:\/\/www.paparazzinews.com.br\/index.php?rest_route=%2Fwp%2Fv2%2Fmedia&parent=157"}],"wp:term":[{"taxonomy":"category","embeddable":true,"href":"https:\/\/www.paparazzinews.com.br\/index.php?rest_route=%2Fwp%2Fv2%2Fcategories&post=157"},{"taxonomy":"post_tag","embeddable":true,"href":"https:\/\/www.paparazzinews.com.br\/index.php?rest_route=%2Fwp%2Fv2%2Ftags&post=157"}],"curies":[{"name":"wp","href":"https:\/\/api.w.org\/{rel}","templated":true}]}}