{"id":15698,"date":"2025-01-25T17:59:59","date_gmt":"2025-01-25T20:59:59","guid":{"rendered":"https:\/\/www.paparazzinews.com.br\/?p=15698"},"modified":"2025-01-25T18:00:01","modified_gmt":"2025-01-25T21:00:01","slug":"policia-civil-recupera-veiculo-e-gado-furtados-em-murutinga-do-sul","status":"publish","type":"post","link":"https:\/\/www.paparazzinews.com.br\/?p=15698","title":{"rendered":"Policia Civil recupera ve\u00edculo e gado furtados em Murutinga do Sul"},"content":{"rendered":"\n<p>Na tarde de quarta-feira (22\/01), policiais civis da DIG e DISE recuperaram um ve\u00edculo furtado e cinco cabe\u00e7as de gado roubadas em Andradina. A informa\u00e7\u00e3o \u00e9 do Roni Paparazzi e Foto: Divulga\u00e7\u00e3o. <br><br>A a\u00e7\u00e3o foi realizada ap\u00f3s uma den\u00fancia an\u00f4nima sobre o paradeiro do ve\u00edculo. Os objetos foram devolvidos aos propriet\u00e1rios ap\u00f3s reconhecimento. A opera\u00e7\u00e3o contou com a participa\u00e7\u00e3o da Pol\u00edcia\u00a0Cient\u00edfica.<\/p>\n\n\n\n<p><strong><em><strong><em><strong><em><strong><em><strong><em><strong><em><strong><em><strong><em><strong><em><strong><em><strong><em><strong><em><strong><em><strong><em><strong><em><strong><em><strong><em><strong><em><strong><em><strong><em><strong><em><strong><em><strong><em><strong><em><strong><em><strong><em><strong><em><strong><em><strong><em><strong><em><strong><em><strong><em><strong><em><strong><em><strong><em><strong><em><strong><em><strong><em><strong><em><strong><em><strong><em><strong><em><strong><em><strong><em><strong><em><strong><em><strong><em><strong><em><strong><em><strong><em><strong><em><strong><em><strong><em><strong><em><strong><em><strong><em><strong><em><strong><em><strong><em><strong><em><strong><em><strong><em><strong><em><strong><em><strong><em><strong><em><strong><em><strong><em><strong><em><strong><em><strong><em><strong><em><strong><em><strong><em><strong><em><strong><em><strong><em><strong><em><strong><em><strong><em><strong><em><strong><em><strong><em><strong><em><strong><em><strong><em><strong><em><strong><em><strong><em><strong><em><strong><em><strong><em><strong><em><strong><em><strong><em><strong><em><strong><em><strong><em><strong><em><strong><em><strong><em><strong><em><strong><em><strong><em><strong><em><strong><em><strong><em><strong><em><strong><em><strong><em><strong><em><strong><em><strong><em><strong><em><strong><em><strong><em><strong><em><strong><em><strong><em><strong><em><strong><em><strong><em><strong><em><strong><em><strong><em><strong><em><strong><em><strong><em><strong>Siga nossas redes sociais no\u00a0<a href=\"https:\/\/www.instagram.com\/ronipaparazzi\/\">Instagram\u00a0<\/a>e\u00a0<a href=\"https:\/\/www.facebook.com\/ronipaparazzicomvoce\">Facebook<\/a>\u00a0participe da nossa comunidade do Canal Roni Paparazzi no Whatsapp e receba as principais not\u00edcias da regi\u00e3o de Ara\u00e7atuba do dia direto no seu celular.<\/strong>\u00a0<a href=\"https:\/\/chat.whatsapp.com\/GsG1XKo0jPOEfjzudWQcml\" target=\"_blank\" rel=\"noreferrer noopener\">\u00a0Clique aqui e se inscreva.<\/a><\/em><\/strong><\/em><\/strong><\/em><\/strong><\/em><\/strong><\/em><\/strong><\/em><\/strong><\/em><\/strong><\/em><\/strong><\/em><\/strong><\/em><\/strong><\/em><\/strong><\/em><\/strong><\/em><\/strong><\/em><\/strong><\/em><\/strong><\/em><\/strong><\/em><\/strong><\/em><\/strong><\/em><\/strong><\/em><\/strong><\/em><\/strong><\/em><\/strong><\/em><\/strong><\/em><\/strong><\/em><\/strong><\/em><\/strong><\/em><\/strong><\/em><\/strong><\/em><\/strong><\/em><\/strong><\/em><\/strong><\/em><\/strong><\/em><\/strong><\/em><\/strong><\/em><\/strong><\/em><\/strong><\/em><\/strong><\/em><\/strong><\/em><\/strong><\/em><\/strong><\/em><\/strong><\/em><\/strong><\/em><\/strong><\/em><\/strong><\/em><\/strong><\/em><\/strong><\/em><\/strong><\/em><\/strong><\/em><\/strong><\/em><\/strong><\/em><\/strong><\/em><\/strong><\/em><\/strong><\/em><\/strong><\/em><\/strong><\/em><\/strong><\/em><\/strong><\/em><\/strong><\/em><\/strong><\/em><\/strong><\/em><\/strong><\/em><\/strong><\/em><\/strong><\/em><\/strong><\/em><\/strong><\/em><\/strong><\/em><\/strong><\/em><\/strong><\/em><\/strong><\/em><\/strong><\/em><\/strong><\/em><\/strong><\/em><\/strong><\/em><\/strong><\/em><\/strong><\/em><\/strong><\/em><\/strong><\/em><\/strong><\/em><\/strong><\/em><\/strong><\/em><\/strong><\/em><\/strong><\/em><\/strong><\/em><\/strong><\/em><\/strong><\/em><\/strong><\/em><\/strong><\/em><\/strong><\/em><\/strong><\/em><\/strong><\/em><\/strong><\/em><\/strong><\/em><\/strong><\/em><\/strong><\/em><\/strong><\/em><\/strong><\/em><\/strong><\/em><\/strong><\/em><\/strong><\/em><\/strong><\/em><\/strong><\/em><\/strong><\/em><\/strong><\/em><\/strong><\/em><\/strong><\/em><\/strong><\/em><\/strong><\/em><\/strong><\/em><\/strong><\/em><\/strong><\/em><\/strong><\/em><\/strong><\/em><\/strong><\/em><\/strong><\/em><\/strong><\/em><\/strong><\/em><\/strong><\/em><\/strong><\/em><\/strong><\/em><\/strong><\/em><\/strong><\/em><\/strong><\/em><\/strong><\/em><\/strong><\/em><\/strong><\/em><\/strong><\/em><\/strong><\/em><\/strong><\/p>\n","protected":false},"excerpt":{"rendered":"<p>Na tarde de quarta-feira (22\/01), policiais civis da DIG e DISE recuperaram um ve\u00edculo furtado e cinco cabe\u00e7as de gado roubadas em Andradina. A informa\u00e7\u00e3o \u00e9 do Roni Paparazzi e Foto: Divulga\u00e7\u00e3o. A a\u00e7\u00e3o foi realizada ap\u00f3s uma den\u00fancia an\u00f4nima sobre o paradeiro do ve\u00edculo. Os objetos foram devolvidos aos propriet\u00e1rios ap\u00f3s reconhecimento. A opera\u00e7\u00e3o &hellip;<\/p>\n","protected":false},"author":1,"featured_media":15699,"comment_status":"open","ping_status":"open","sticky":false,"template":"","format":"standard","meta":{"_jetpack_memberships_contains_paid_content":false,"footnotes":"","jetpack_publicize_message":"","jetpack_publicize_feature_enabled":true,"jetpack_social_post_already_shared":false,"jetpack_social_options":{"image_generator_settings":{"template":"highway","default_image_id":0,"enabled":false},"version":2}},"categories":[3],"tags":[],"class_list":["post-15698","post","type-post","status-publish","format-standard","has-post-thumbnail","hentry","category-policial"],"jetpack_publicize_connections":[],"jetpack_featured_media_url":"https:\/\/i0.wp.com\/www.paparazzinews.com.br\/wp-content\/uploads\/2025\/01\/Imagem-do-WhatsApp-de-2025-01-22-as-18.46.50_0f6fb5b7.jpg?fit=1599%2C1200&ssl=1","views":"937","jetpack_likes_enabled":true,"jetpack_sharing_enabled":true,"_links":{"self":[{"href":"https:\/\/www.paparazzinews.com.br\/index.php?rest_route=\/wp\/v2\/posts\/15698","targetHints":{"allow":["GET"]}}],"collection":[{"href":"https:\/\/www.paparazzinews.com.br\/index.php?rest_route=\/wp\/v2\/posts"}],"about":[{"href":"https:\/\/www.paparazzinews.com.br\/index.php?rest_route=\/wp\/v2\/types\/post"}],"author":[{"embeddable":true,"href":"https:\/\/www.paparazzinews.com.br\/index.php?rest_route=\/wp\/v2\/users\/1"}],"replies":[{"embeddable":true,"href":"https:\/\/www.paparazzinews.com.br\/index.php?rest_route=%2Fwp%2Fv2%2Fcomments&post=15698"}],"version-history":[{"count":1,"href":"https:\/\/www.paparazzinews.com.br\/index.php?rest_route=\/wp\/v2\/posts\/15698\/revisions"}],"predecessor-version":[{"id":15700,"href":"https:\/\/www.paparazzinews.com.br\/index.php?rest_route=\/wp\/v2\/posts\/15698\/revisions\/15700"}],"wp:featuredmedia":[{"embeddable":true,"href":"https:\/\/www.paparazzinews.com.br\/index.php?rest_route=\/wp\/v2\/media\/15699"}],"wp:attachment":[{"href":"https:\/\/www.paparazzinews.com.br\/index.php?rest_route=%2Fwp%2Fv2%2Fmedia&parent=15698"}],"wp:term":[{"taxonomy":"category","embeddable":true,"href":"https:\/\/www.paparazzinews.com.br\/index.php?rest_route=%2Fwp%2Fv2%2Fcategories&post=15698"},{"taxonomy":"post_tag","embeddable":true,"href":"https:\/\/www.paparazzinews.com.br\/index.php?rest_route=%2Fwp%2Fv2%2Ftags&post=15698"}],"curies":[{"name":"wp","href":"https:\/\/api.w.org\/{rel}","templated":true}]}}