{"id":1557,"date":"2023-01-06T17:12:20","date_gmt":"2023-01-06T20:12:20","guid":{"rendered":"https:\/\/www.paparazzinews.com.br\/?p=1557"},"modified":"2023-01-06T17:12:21","modified_gmt":"2023-01-06T20:12:21","slug":"ong-de-jornalista-tem-feito-diferenca-em-andradina","status":"publish","type":"post","link":"https:\/\/www.paparazzinews.com.br\/?p=1557","title":{"rendered":"ONG de jornalista tem feito diferen\u00e7a em Andradina"},"content":{"rendered":"\n<p>A ONG Impacto Verde Recuperando e Humanizando Espa\u00e7os Urbanos \u2013 avan\u00e7a de maneira gradativa na revitaliza\u00e7\u00e3o de \u00e1reas adjacentes ao Cento Cultural Pioneiros de Andradina. Desde a ado\u00e7\u00e3o do espa\u00e7o pergolado, no \u00faltimo ano da gest\u00e3o anterior, a ONG vem tentando dar uma nova cara \u00e0quele ambiente, agora florido e gramado, com mesas e assentos em cimento e lumin\u00e1rias.<\/p>\n\n\n\n<p>Com a doa\u00e7\u00e3o de pedras da Pedreira Tr\u00eas Irm\u00e3os e transporte da Skalla Terraplanagem e Pavimenta\u00e7\u00e3o, a Ong agora visa a cria\u00e7\u00e3o de um jardim des\u00e9rtico no cruzamento da linha f\u00e9rrea, na rua Ac\u00e1cio e Silva [no prolongamento do pergolado].<\/p>\n\n\n\n<p>Sem recursos, entretanto, a entidade depende da parceria com o Setor de Obras do Governo Municipal para execu\u00e7\u00e3o do projeto, que envolve constru\u00e7\u00e3o de cal\u00e7ada, guias e traslado das pedras j\u00e1 depositadas nas imedia\u00e7\u00f5es, num raio de 50 metros aproximadamente.<\/p>\n\n\n\n<p>E de outro lado, depende da parceria da Secretaria de Meio Ambiente para aquisi\u00e7\u00e3o de acess\u00f3rios e plantas a serem cultivadas no novo jardim. O Objetivo \u00e9 deixar aquela \u00e1rea ainda mais atrativa, tanto para os mun\u00edcipes como visitantes.<\/p>\n\n\n\n<p>\u201cO quadro reduzido do setor de Obras, a alta demanda de servi\u00e7os e o tempo chuvoso t\u00eam dificultado suporte ao projeto, mas dentro do poss\u00edvel o fiscal geral Paul\u00e3o tem nos atendido. No momento, aguardo a reloca\u00e7\u00e3o das pedras para formar a base do canteiro e simultaneamente a constru\u00e7\u00e3o do passeio\u201d, comenta o rep\u00f3rter Mois\u00e9s Eust\u00e1quio, presidente da Ong.<\/p>\n\n\n\n<p><strong>IMPACTO VERDE E MEIO AMBIENTE<\/strong><br>Independente disso, Mois\u00e9s Eust\u00e1quio se mantem focado no cuidado para com a \u00e1rea p\u00fablica. Esse trabalho vem sendo refor\u00e7ado com a parceria do Meio Ambiente, administrado pela secret\u00e1ria Leila Rodrigues.<\/p>\n\n\n\n<p>Dessa uni\u00e3o de esfor\u00e7os tem nascido projetos de jardinagem na \u00e1rea de amplia\u00e7\u00e3o do estacionamento no novo centro comercial ao longo da rua Manoel Teixeira de Freitas, entre as ruas Paes Leme e Euclides da Cunha, margem da ferrovia.<\/p>\n\n\n\n<p>\u201cV\u00e1rias esp\u00e9cies v\u00eam sendo cultivadas nos canteiros erguidos aos p\u00e9s das palmeiras, desde primaveras, resed\u00e1 gigante, grama comum e amendoim, rabo de gato, entre outras. A meta \u00e9 mudar o visual desses locais e deix\u00e1-los atraentes\u201d, acrescenta o presidente da ONG.<\/p>\n\n\n\n<p><strong>TRABALHO VOLUNT\u00c1RIO<\/strong><br>\u201cVoc\u00ea \u00e9 o que voc\u00ea faz, n\u00e3o o que voc\u00ea diz que vai fazer\u201d. Essa frase \u00e9 inspiradora, mas \u00e9 Deus e o amor pela cidade quem me motivam a persistir nesses projetos voltados \u00e0 natureza ao bem-estar da comunidade. Acho que todos deveriam colaborar um pouquinho, especialmente na preserva\u00e7\u00e3o dos espa\u00e7os p\u00fablicos\u201d, afirma Mois\u00e9s Eust\u00e1quio, que desenvolve trabalho volunt\u00e1rio.<\/p>\n\n\n\n<p>Segundo o rep\u00f3rter, no momento a ONG aguarda emenda de R$ 100 mil para investir no paisagismo dos canteiros que ladeiam o Centro Cultural. \u201cInfelizmente, h\u00e1 quase 2 anos o processo est\u00e1 emperrado no Governo do Estado\u201d, observa ele, destacando o deputado Sargento Neri pelo envio do recurso<br>SANTA CEC\u00cdLIA &#8211; Na entrada deste bairro, de frente para a rua Bandeirantes, o Projeto Impacto Verde mant\u00e9m cinco belas palmeiras azuis rodeadas de lantanas camar\u00e1s, uma esp\u00e9cie de cart\u00e3o de visitas.<\/p>\n","protected":false},"excerpt":{"rendered":"<p>A ONG Impacto Verde Recuperando e Humanizando Espa\u00e7os Urbanos \u2013 avan\u00e7a de maneira gradativa na revitaliza\u00e7\u00e3o de \u00e1reas adjacentes ao Cento Cultural Pioneiros de Andradina. Desde a ado\u00e7\u00e3o do espa\u00e7o pergolado, no \u00faltimo ano da gest\u00e3o anterior, a ONG vem tentando dar uma nova cara \u00e0quele ambiente, agora florido e gramado, com mesas e assentos &hellip;<\/p>\n","protected":false},"author":1,"featured_media":1558,"comment_status":"open","ping_status":"open","sticky":false,"template":"","format":"standard","meta":{"_jetpack_memberships_contains_paid_content":false,"footnotes":"","jetpack_publicize_message":"","jetpack_publicize_feature_enabled":true,"jetpack_social_post_already_shared":false,"jetpack_social_options":{"image_generator_settings":{"template":"highway","default_image_id":0,"enabled":false},"version":2}},"categories":[4],"tags":[],"class_list":["post-1557","post","type-post","status-publish","format-standard","has-post-thumbnail","hentry","category-regiao"],"jetpack_publicize_connections":[],"jetpack_featured_media_url":"https:\/\/i0.wp.com\/www.paparazzinews.com.br\/wp-content\/uploads\/2023\/01\/3ca3df65-a6a3-43e9-8740-1e86bfd2f570.jpg?fit=800%2C483&ssl=1","views":"2891","jetpack_likes_enabled":true,"jetpack_sharing_enabled":true,"_links":{"self":[{"href":"https:\/\/www.paparazzinews.com.br\/index.php?rest_route=\/wp\/v2\/posts\/1557","targetHints":{"allow":["GET"]}}],"collection":[{"href":"https:\/\/www.paparazzinews.com.br\/index.php?rest_route=\/wp\/v2\/posts"}],"about":[{"href":"https:\/\/www.paparazzinews.com.br\/index.php?rest_route=\/wp\/v2\/types\/post"}],"author":[{"embeddable":true,"href":"https:\/\/www.paparazzinews.com.br\/index.php?rest_route=\/wp\/v2\/users\/1"}],"replies":[{"embeddable":true,"href":"https:\/\/www.paparazzinews.com.br\/index.php?rest_route=%2Fwp%2Fv2%2Fcomments&post=1557"}],"version-history":[{"count":1,"href":"https:\/\/www.paparazzinews.com.br\/index.php?rest_route=\/wp\/v2\/posts\/1557\/revisions"}],"predecessor-version":[{"id":1559,"href":"https:\/\/www.paparazzinews.com.br\/index.php?rest_route=\/wp\/v2\/posts\/1557\/revisions\/1559"}],"wp:featuredmedia":[{"embeddable":true,"href":"https:\/\/www.paparazzinews.com.br\/index.php?rest_route=\/wp\/v2\/media\/1558"}],"wp:attachment":[{"href":"https:\/\/www.paparazzinews.com.br\/index.php?rest_route=%2Fwp%2Fv2%2Fmedia&parent=1557"}],"wp:term":[{"taxonomy":"category","embeddable":true,"href":"https:\/\/www.paparazzinews.com.br\/index.php?rest_route=%2Fwp%2Fv2%2Fcategories&post=1557"},{"taxonomy":"post_tag","embeddable":true,"href":"https:\/\/www.paparazzinews.com.br\/index.php?rest_route=%2Fwp%2Fv2%2Ftags&post=1557"}],"curies":[{"name":"wp","href":"https:\/\/api.w.org\/{rel}","templated":true}]}}