{"id":15527,"date":"2025-01-20T19:01:24","date_gmt":"2025-01-20T22:01:24","guid":{"rendered":"https:\/\/www.paparazzinews.com.br\/?p=15527"},"modified":"2025-01-20T19:01:25","modified_gmt":"2025-01-20T22:01:25","slug":"calor-intenso-atinge-sao-paulo-defesa-civil-alerta-para-temperaturas-de-ate-38c","status":"publish","type":"post","link":"https:\/\/www.paparazzinews.com.br\/?p=15527","title":{"rendered":"Calor intenso atinge S\u00e3o Paulo: Defesa Civil alerta para temperaturas de at\u00e9 38\u00b0C"},"content":{"rendered":"\n<p>A Defesa Civil de S\u00e3o Paulo emitiu um alerta para um per\u00edodo de calor intenso nos pr\u00f3ximos dias, com temperaturas m\u00e1ximas alcan\u00e7ando at\u00e9 38\u00b0C em algumas regi\u00f5es. A informa\u00e7\u00e3o \u00e9 do Roni Paparazzi e Foto: Governo de SP;<\/p>\n\n\n\n<p><strong>Principais regi\u00f5es afetadas:<\/strong><\/p>\n\n\n\n<p>Regi\u00f5es com temperaturas mais altas<\/p>\n\n\n\n<ol class=\"wp-block-list\">\n<li>Oeste e norte do estado: at\u00e9 38\u00b0C<\/li>\n\n\n\n<li>Ara\u00e7atuba e Presidente Prudente: at\u00e9 38\u00b0C<\/li>\n\n\n\n<li>Ribeir\u00e3o Preto, Araraquara e Barretos: at\u00e9 37\u00b0C<\/li>\n\n\n\n<li>Registro e S\u00e3o Jos\u00e9 do Rio Preto: at\u00e9 36\u00b0C<\/li>\n\n\n\n<li>Baixada Santista, Campinas e Bauru: at\u00e9 35\u00b0C<\/li>\n<\/ol>\n\n\n\n<p><strong>Recomenda\u00e7\u00f5es de seguran\u00e7a<\/strong><\/p>\n\n\n\n<ol class=\"wp-block-list\">\n<li>Hidrate-se constantemente.<\/li>\n\n\n\n<li>Evite exposi\u00e7\u00e3o direta ao sol entre 10h e 16h.<\/li>\n\n\n\n<li>Fique em locais com sombra e ventila\u00e7\u00e3o.<\/li>\n\n\n\n<li>Evite atividades f\u00edsicas intensas.<\/li>\n\n\n\n<li>Alimenta\u00e7\u00e3o leve e fresca.<\/li>\n<\/ol>\n\n\n\n<p><strong><em><strong><em><strong><em><strong><em><strong><em><strong><em><strong><em><strong><em><strong><em><strong><em><strong><em><strong><em><strong><em><strong><em><strong><em><strong><em><strong><em><strong><em><strong><em><strong><em><strong><em><strong><em><strong><em><strong><em><strong><em><strong><em><strong><em><strong><em><strong><em><strong><em><strong><em><strong><em><strong><em><strong><em><strong><em><strong><em><strong><em><strong><em><strong><em><strong><em><strong><em><strong><em><strong><em><strong><em><strong><em><strong><em><strong><em><strong><em><strong><em><strong><em><strong><em><strong><em><strong><em><strong><em><strong><em><strong><em><strong><em><strong><em><strong><em><strong><em><strong><em><strong><em><strong><em><strong><em><strong><em><strong><em><strong><em><strong><em><strong><em><strong><em><strong><em><strong><em><strong><em><strong><em><strong><em><strong><em><strong><em><strong><em><strong><em><strong><em><strong><em><strong><em><strong><em><strong><em><strong><em><strong><em><strong><em><strong><em><strong><em><strong><em><strong><em><strong><em><strong><em><strong><em><strong><em><strong><em><strong><em><strong><em><strong><em><strong><em><strong><em><strong><em><strong><em><strong><em><strong><em><strong><em><strong><em><strong><em><strong><em><strong><em><strong><em><strong><em><strong><em><strong><em><strong><em><strong><em><strong><em><strong><em><strong><em><strong><em><strong><em><strong><em><strong><em><strong><em><strong><em><strong><em><strong><em><strong><em><strong>Siga nossas redes sociais no\u00a0<a href=\"https:\/\/www.instagram.com\/ronipaparazzi\/\">Instagram\u00a0<\/a>e\u00a0<a href=\"https:\/\/www.facebook.com\/ronipaparazzicomvoce\">Facebook<\/a>\u00a0participe da nossa comunidade do Canal Roni Paparazzi no Whatsapp e receba as principais not\u00edcias da regi\u00e3o de Ara\u00e7atuba do dia direto no seu celular.<\/strong>\u00a0<a href=\"https:\/\/chat.whatsapp.com\/GsG1XKo0jPOEfjzudWQcml\" target=\"_blank\" rel=\"noreferrer noopener\">\u00a0Clique aqui e se inscreva.<\/a><\/em><\/strong><\/em><\/strong><\/em><\/strong><\/em><\/strong><\/em><\/strong><\/em><\/strong><\/em><\/strong><\/em><\/strong><\/em><\/strong><\/em><\/strong><\/em><\/strong><\/em><\/strong><\/em><\/strong><\/em><\/strong><\/em><\/strong><\/em><\/strong><\/em><\/strong><\/em><\/strong><\/em><\/strong><\/em><\/strong><\/em><\/strong><\/em><\/strong><\/em><\/strong><\/em><\/strong><\/em><\/strong><\/em><\/strong><\/em><\/strong><\/em><\/strong><\/em><\/strong><\/em><\/strong><\/em><\/strong><\/em><\/strong><\/em><\/strong><\/em><\/strong><\/em><\/strong><\/em><\/strong><\/em><\/strong><\/em><\/strong><\/em><\/strong><\/em><\/strong><\/em><\/strong><\/em><\/strong><\/em><\/strong><\/em><\/strong><\/em><\/strong><\/em><\/strong><\/em><\/strong><\/em><\/strong><\/em><\/strong><\/em><\/strong><\/em><\/strong><\/em><\/strong><\/em><\/strong><\/em><\/strong><\/em><\/strong><\/em><\/strong><\/em><\/strong><\/em><\/strong><\/em><\/strong><\/em><\/strong><\/em><\/strong><\/em><\/strong><\/em><\/strong><\/em><\/strong><\/em><\/strong><\/em><\/strong><\/em><\/strong><\/em><\/strong><\/em><\/strong><\/em><\/strong><\/em><\/strong><\/em><\/strong><\/em><\/strong><\/em><\/strong><\/em><\/strong><\/em><\/strong><\/em><\/strong><\/em><\/strong><\/em><\/strong><\/em><\/strong><\/em><\/strong><\/em><\/strong><\/em><\/strong><\/em><\/strong><\/em><\/strong><\/em><\/strong><\/em><\/strong><\/em><\/strong><\/em><\/strong><\/em><\/strong><\/em><\/strong><\/em><\/strong><\/em><\/strong><\/em><\/strong><\/em><\/strong><\/em><\/strong><\/em><\/strong><\/em><\/strong><\/em><\/strong><\/em><\/strong><\/em><\/strong><\/em><\/strong><\/em><\/strong><\/em><\/strong><\/em><\/strong><\/em><\/strong><\/em><\/strong><\/em><\/strong><\/em><\/strong><\/em><\/strong><\/em><\/strong><\/em><\/strong><\/em><\/strong><\/em><\/strong><\/em><\/strong><\/em><\/strong><\/em><\/strong><\/em><\/strong><\/em><\/strong><\/em><\/strong><\/em><\/strong><\/em><\/strong><\/em><\/strong><\/em><\/strong><\/em><\/strong><\/em><\/strong><\/em><\/strong><\/em><\/strong><\/p>\n","protected":false},"excerpt":{"rendered":"<p>A Defesa Civil de S\u00e3o Paulo emitiu um alerta para um per\u00edodo de calor intenso nos pr\u00f3ximos dias, com temperaturas m\u00e1ximas alcan\u00e7ando at\u00e9 38\u00b0C em algumas regi\u00f5es. A informa\u00e7\u00e3o \u00e9 do Roni Paparazzi e Foto: Governo de SP; Principais regi\u00f5es afetadas: Regi\u00f5es com temperaturas mais altas Oeste e norte do estado: at\u00e9 38\u00b0C Ara\u00e7atuba e &hellip;<\/p>\n","protected":false},"author":1,"featured_media":15528,"comment_status":"open","ping_status":"open","sticky":false,"template":"","format":"standard","meta":{"_jetpack_memberships_contains_paid_content":false,"footnotes":"","jetpack_publicize_message":"","jetpack_publicize_feature_enabled":true,"jetpack_social_post_already_shared":false,"jetpack_social_options":{"image_generator_settings":{"template":"highway","default_image_id":0,"enabled":false},"version":2}},"categories":[4],"tags":[],"class_list":["post-15527","post","type-post","status-publish","format-standard","has-post-thumbnail","hentry","category-regiao"],"jetpack_publicize_connections":[],"jetpack_featured_media_url":"https:\/\/i0.wp.com\/www.paparazzinews.com.br\/wp-content\/uploads\/2025\/01\/Tempo-seco-calor-e1737404016326-1024x497-1.jpg?fit=1024%2C497&ssl=1","views":"763","jetpack_likes_enabled":true,"jetpack_sharing_enabled":true,"_links":{"self":[{"href":"https:\/\/www.paparazzinews.com.br\/index.php?rest_route=\/wp\/v2\/posts\/15527","targetHints":{"allow":["GET"]}}],"collection":[{"href":"https:\/\/www.paparazzinews.com.br\/index.php?rest_route=\/wp\/v2\/posts"}],"about":[{"href":"https:\/\/www.paparazzinews.com.br\/index.php?rest_route=\/wp\/v2\/types\/post"}],"author":[{"embeddable":true,"href":"https:\/\/www.paparazzinews.com.br\/index.php?rest_route=\/wp\/v2\/users\/1"}],"replies":[{"embeddable":true,"href":"https:\/\/www.paparazzinews.com.br\/index.php?rest_route=%2Fwp%2Fv2%2Fcomments&post=15527"}],"version-history":[{"count":1,"href":"https:\/\/www.paparazzinews.com.br\/index.php?rest_route=\/wp\/v2\/posts\/15527\/revisions"}],"predecessor-version":[{"id":15529,"href":"https:\/\/www.paparazzinews.com.br\/index.php?rest_route=\/wp\/v2\/posts\/15527\/revisions\/15529"}],"wp:featuredmedia":[{"embeddable":true,"href":"https:\/\/www.paparazzinews.com.br\/index.php?rest_route=\/wp\/v2\/media\/15528"}],"wp:attachment":[{"href":"https:\/\/www.paparazzinews.com.br\/index.php?rest_route=%2Fwp%2Fv2%2Fmedia&parent=15527"}],"wp:term":[{"taxonomy":"category","embeddable":true,"href":"https:\/\/www.paparazzinews.com.br\/index.php?rest_route=%2Fwp%2Fv2%2Fcategories&post=15527"},{"taxonomy":"post_tag","embeddable":true,"href":"https:\/\/www.paparazzinews.com.br\/index.php?rest_route=%2Fwp%2Fv2%2Ftags&post=15527"}],"curies":[{"name":"wp","href":"https:\/\/api.w.org\/{rel}","templated":true}]}}