{"id":15444,"date":"2025-01-17T16:12:17","date_gmt":"2025-01-17T19:12:17","guid":{"rendered":"https:\/\/www.paparazzinews.com.br\/?p=15444"},"modified":"2025-01-17T16:12:18","modified_gmt":"2025-01-17T19:12:18","slug":"etecs-recebem-documentacao-para-matricula-de-convocados-em-processo-seletivo-ate-sexta-feira","status":"publish","type":"post","link":"https:\/\/www.paparazzinews.com.br\/?p=15444","title":{"rendered":"Etecs recebem documenta\u00e7\u00e3o para matr\u00edcula de convocados em processo seletivo at\u00e9 sexta-feira"},"content":{"rendered":"\n<p>As Escolas T\u00e9cnicas Estaduais (Etecs) recebem at\u00e9 sexta-feira (17\/01) a documenta\u00e7\u00e3o dos candidatos convocados na primeira chamada do processo seletivo para o primeiro semestre de 2025. A matr\u00edcula \u00e9 presencial para cursos presenciais e semipresenciais. A informa\u00e7\u00e3o \u00e9 do Roni Paparazzi e Foto: Roberto Sungi.<\/p>\n\n\n\n<p><strong>Documenta\u00e7\u00e3o necess\u00e1ria<\/strong><\/p>\n\n\n\n<ul class=\"wp-block-list\">\n<li>Documento de identidade<\/li>\n\n\n\n<li>CPF<\/li>\n\n\n\n<li>Foto 3&#215;4<\/li>\n\n\n\n<li>Hist\u00f3rico Escolar<\/li>\n\n\n\n<li>Certificado de conclus\u00e3o do Ensino Fundamental ou M\u00e9dio (conforme o curso)<\/li>\n<\/ul>\n\n\n\n<p><strong>Calend\u00e1rio<\/strong><\/p>\n\n\n\n<ul class=\"wp-block-list\">\n<li>16 e 17\/01: Apresenta\u00e7\u00e3o de documentos<\/li>\n\n\n\n<li>21\/01: Divulga\u00e7\u00e3o da an\u00e1lise da documenta\u00e7\u00e3o<\/li>\n\n\n\n<li>22\/01: Segunda chamada para matr\u00edcula<\/li>\n\n\n\n<li>27\/01: Divulga\u00e7\u00e3o do resultado do recurso<\/li>\n\n\n\n<li>30\/01: Segunda convoca\u00e7\u00e3o para matr\u00edcula<\/li>\n<\/ul>\n\n\n\n<p><strong>Informa\u00e7\u00f5es adicionais<\/strong><\/p>\n\n\n\n<ul class=\"wp-block-list\">\n<li>Telefones: (11) 3471-4071 e 0800-772 2829<\/li>\n\n\n\n<li>Site: (<a href=\"http:\/\/vestibulinhoetec.com.br\" data-type=\"link\" data-id=\"vestibulinhoetec.com.br\">vestibulinhoetec.com.br<\/a>)<\/li>\n<\/ul>\n\n\n\n<p><strong>Observa\u00e7\u00f5es<\/strong><\/p>\n\n\n\n<ul class=\"wp-block-list\">\n<li>Menores de 16 anos devem ser acompanhados por representante legal.<\/li>\n\n\n\n<li>Convocados para cursos online enviam documentos at\u00e9 20\/01.<\/li>\n<\/ul>\n\n\n\n<p><strong><em><strong><em><strong><em><strong><em><strong><em><strong><em><strong><em><strong><em><strong><em><strong><em><strong><em><strong><em><strong><em><strong><em><strong><em><strong><em><strong><em><strong><em><strong><em><strong><em><strong><em><strong><em><strong><em><strong><em><strong><em><strong><em><strong><em><strong><em><strong><em><strong><em><strong><em><strong><em><strong><em><strong><em><strong><em><strong><em><strong><em><strong><em><strong><em><strong><em><strong><em><strong><em><strong><em><strong><em><strong><em><strong><em><strong><em><strong><em><strong><em><strong><em><strong><em><strong><em><strong><em><strong><em><strong><em><strong><em><strong><em><strong><em><strong><em><strong><em><strong><em><strong><em><strong><em><strong><em><strong><em><strong><em><strong><em><strong><em><strong><em><strong><em><strong><em><strong><em><strong><em><strong><em><strong><em><strong><em><strong><em><strong><em><strong><em><strong><em><strong><em><strong><em><strong><em><strong><em><strong><em><strong><em><strong><em><strong><em><strong><em><strong><em><strong><em><strong><em><strong><em><strong><em><strong><em><strong><em><strong><em><strong><em><strong><em><strong><em><strong><em><strong><em><strong><em><strong><em><strong><em><strong><em><strong><em><strong><em><strong><em><strong><em><strong><em><strong><em><strong><em><strong><em><strong><em><strong><em><strong><em><strong><em><strong><em><strong><em><strong><em><strong><em><strong><em><strong><em><strong><em><strong><em><strong><em><strong><em><strong>Siga nossas redes sociais no&nbsp;<a href=\"https:\/\/www.instagram.com\/ronipaparazzi\/\">Instagram&nbsp;<\/a>e&nbsp;<a href=\"https:\/\/www.facebook.com\/ronipaparazzicomvoce\">Facebook<\/a>&nbsp;participe da nossa comunidade do Canal Roni Paparazzi no Whatsapp e receba as principais not\u00edcias da regi\u00e3o de Ara\u00e7atuba do dia direto no seu celular.<\/strong>&nbsp;<a href=\"https:\/\/chat.whatsapp.com\/GsG1XKo0jPOEfjzudWQcml\" target=\"_blank\" rel=\"noreferrer noopener\">&nbsp;Clique aqui e se inscreva.<\/a><\/em><\/strong><\/em><\/strong><\/em><\/strong><\/em><\/strong><\/em><\/strong><\/em><\/strong><\/em><\/strong><\/em><\/strong><\/em><\/strong><\/em><\/strong><\/em><\/strong><\/em><\/strong><\/em><\/strong><\/em><\/strong><\/em><\/strong><\/em><\/strong><\/em><\/strong><\/em><\/strong><\/em><\/strong><\/em><\/strong><\/em><\/strong><\/em><\/strong><\/em><\/strong><\/em><\/strong><\/em><\/strong><\/em><\/strong><\/em><\/strong><\/em><\/strong><\/em><\/strong><\/em><\/strong><\/em><\/strong><\/em><\/strong><\/em><\/strong><\/em><\/strong><\/em><\/strong><\/em><\/strong><\/em><\/strong><\/em><\/strong><\/em><\/strong><\/em><\/strong><\/em><\/strong><\/em><\/strong><\/em><\/strong><\/em><\/strong><\/em><\/strong><\/em><\/strong><\/em><\/strong><\/em><\/strong><\/em><\/strong><\/em><\/strong><\/em><\/strong><\/em><\/strong><\/em><\/strong><\/em><\/strong><\/em><\/strong><\/em><\/strong><\/em><\/strong><\/em><\/strong><\/em><\/strong><\/em><\/strong><\/em><\/strong><\/em><\/strong><\/em><\/strong><\/em><\/strong><\/em><\/strong><\/em><\/strong><\/em><\/strong><\/em><\/strong><\/em><\/strong><\/em><\/strong><\/em><\/strong><\/em><\/strong><\/em><\/strong><\/em><\/strong><\/em><\/strong><\/em><\/strong><\/em><\/strong><\/em><\/strong><\/em><\/strong><\/em><\/strong><\/em><\/strong><\/em><\/strong><\/em><\/strong><\/em><\/strong><\/em><\/strong><\/em><\/strong><\/em><\/strong><\/em><\/strong><\/em><\/strong><\/em><\/strong><\/em><\/strong><\/em><\/strong><\/em><\/strong><\/em><\/strong><\/em><\/strong><\/em><\/strong><\/em><\/strong><\/em><\/strong><\/em><\/strong><\/em><\/strong><\/em><\/strong><\/em><\/strong><\/em><\/strong><\/em><\/strong><\/em><\/strong><\/em><\/strong><\/em><\/strong><\/em><\/strong><\/em><\/strong><\/em><\/strong><\/em><\/strong><\/em><\/strong><\/em><\/strong><\/em><\/strong><\/em><\/strong><\/em><\/strong><\/em><\/strong><\/em><\/strong><\/em><\/strong><\/em><\/strong><\/em><\/strong><\/em><\/strong><\/em><\/strong><\/em><\/strong><\/em><\/strong><\/em><\/strong><\/em><\/strong><\/em><\/strong><\/p>\n","protected":false},"excerpt":{"rendered":"<p>As Escolas T\u00e9cnicas Estaduais (Etecs) recebem at\u00e9 sexta-feira (17\/01) a documenta\u00e7\u00e3o dos candidatos convocados na primeira chamada do processo seletivo para o primeiro semestre de 2025. A matr\u00edcula \u00e9 presencial para cursos presenciais e semipresenciais. A informa\u00e7\u00e3o \u00e9 do Roni Paparazzi e Foto: Roberto Sungi. Documenta\u00e7\u00e3o necess\u00e1ria Documento de identidade CPF Foto 3&#215;4 Hist\u00f3rico Escolar &hellip;<\/p>\n","protected":false},"author":1,"featured_media":15445,"comment_status":"open","ping_status":"open","sticky":false,"template":"","format":"standard","meta":{"_jetpack_memberships_contains_paid_content":false,"footnotes":"","jetpack_publicize_message":"","jetpack_publicize_feature_enabled":true,"jetpack_social_post_already_shared":false,"jetpack_social_options":{"image_generator_settings":{"template":"highway","default_image_id":0,"enabled":false},"version":2}},"categories":[4],"tags":[],"class_list":["post-15444","post","type-post","status-publish","format-standard","has-post-thumbnail","hentry","category-regiao"],"jetpack_publicize_connections":[],"jetpack_featured_media_url":"https:\/\/i0.wp.com\/www.paparazzinews.com.br\/wp-content\/uploads\/2025\/01\/WhatsApp-Image-2025-01-16-at-11.35.10-1024x682-1.jpeg?fit=1024%2C682&ssl=1","views":"741","jetpack_likes_enabled":true,"jetpack_sharing_enabled":true,"_links":{"self":[{"href":"https:\/\/www.paparazzinews.com.br\/index.php?rest_route=\/wp\/v2\/posts\/15444","targetHints":{"allow":["GET"]}}],"collection":[{"href":"https:\/\/www.paparazzinews.com.br\/index.php?rest_route=\/wp\/v2\/posts"}],"about":[{"href":"https:\/\/www.paparazzinews.com.br\/index.php?rest_route=\/wp\/v2\/types\/post"}],"author":[{"embeddable":true,"href":"https:\/\/www.paparazzinews.com.br\/index.php?rest_route=\/wp\/v2\/users\/1"}],"replies":[{"embeddable":true,"href":"https:\/\/www.paparazzinews.com.br\/index.php?rest_route=%2Fwp%2Fv2%2Fcomments&post=15444"}],"version-history":[{"count":1,"href":"https:\/\/www.paparazzinews.com.br\/index.php?rest_route=\/wp\/v2\/posts\/15444\/revisions"}],"predecessor-version":[{"id":15446,"href":"https:\/\/www.paparazzinews.com.br\/index.php?rest_route=\/wp\/v2\/posts\/15444\/revisions\/15446"}],"wp:featuredmedia":[{"embeddable":true,"href":"https:\/\/www.paparazzinews.com.br\/index.php?rest_route=\/wp\/v2\/media\/15445"}],"wp:attachment":[{"href":"https:\/\/www.paparazzinews.com.br\/index.php?rest_route=%2Fwp%2Fv2%2Fmedia&parent=15444"}],"wp:term":[{"taxonomy":"category","embeddable":true,"href":"https:\/\/www.paparazzinews.com.br\/index.php?rest_route=%2Fwp%2Fv2%2Fcategories&post=15444"},{"taxonomy":"post_tag","embeddable":true,"href":"https:\/\/www.paparazzinews.com.br\/index.php?rest_route=%2Fwp%2Fv2%2Ftags&post=15444"}],"curies":[{"name":"wp","href":"https:\/\/api.w.org\/{rel}","templated":true}]}}