{"id":15386,"date":"2025-01-13T17:45:13","date_gmt":"2025-01-13T20:45:13","guid":{"rendered":"https:\/\/www.paparazzinews.com.br\/?p=15386"},"modified":"2025-01-13T17:45:16","modified_gmt":"2025-01-13T20:45:16","slug":"estudante-de-15-anos-de-castilho-parte-para-intercambio-de-tres-meses-no-reino-unido","status":"publish","type":"post","link":"https:\/\/www.paparazzinews.com.br\/?p=15386","title":{"rendered":"Estudante de 15 anos de Castilho parte para interc\u00e2mbio de tr\u00eas meses no Reino Unido"},"content":{"rendered":"\n<p>Fernanda Souza dos Santos, aluna da escola Armel Miranda, embarcou nesta segunda-feira, 13, para o Reino Unido, onde far\u00e1 um interc\u00e2mbio de tr\u00eas meses. Ela foi selecionada pelo programa &#8220;Prontos Pro Mundo&#8221;, uma iniciativa do Governo do Estado. A informa\u00e7\u00e3o \u00e9 do Roni Paparazzi e Foto: Divulga\u00e7\u00e3o.<\/p>\n\n\n\n<p>Fernanda ir\u00e1 cursar o ensino m\u00e9dio na cidade de Brighton e ficar\u00e1 hospedada em uma casa de fam\u00edlia que recebe intercambistas. O governador Tarc\u00edsio de Freitas e o secret\u00e1rio estadual de Educa\u00e7\u00e3o, Renato Feder, estiveram no aeroporto para desejar boa sorte ao grupo de alunos.<\/p>\n\n\n\n<p>A estudante foi escolhida ap\u00f3s obter excelentes resultados no Saresp em 2023, enquanto cursava o 9\u00ba ano do Ensino Fundamental. Ela tamb\u00e9m participou de um curso intensivo de idioma e atendeu aos crit\u00e9rios de sele\u00e7\u00e3o do programa, que inclu\u00edam ter no m\u00ednimo 14 anos e estar matriculado em uma escola da rede p\u00fablica do Estado.<\/p>\n\n\n\n<p>A Seduc-SP estima que o custo por aluno no trimestre ser\u00e1 R$ 75 mil, e cada estudante receber\u00e1 uma bolsa-aux\u00edlio para suas despesas pessoais durante a estadia no exterior.<\/p>\n\n\n\n<p>A fam\u00edlia de Fernanda se despediu dela na Pra\u00e7a da Matriz em Castilho, e a m\u00e3e da estudante, Alyne Souza, declarou: &#8220;Foi uma mistura de sentimentos. Senti muito orgulho e tamb\u00e9m um aperto no cora\u00e7\u00e3o de saber que vai ficar esse tempo longe.&#8221;<\/p>\n\n\n\n<p><strong><em><strong><em><strong><em><strong><em><strong><em><strong><em><strong><em><strong><em><strong><em><strong><em><strong><em><strong><em><strong><em><strong><em><strong><em><strong><em><strong><em><strong><em><strong><em><strong><em><strong><em><strong><em><strong><em><strong><em><strong><em><strong><em><strong><em><strong><em><strong><em><strong><em><strong><em><strong><em><strong><em><strong><em><strong><em><strong><em><strong><em><strong><em><strong><em><strong><em><strong><em><strong><em><strong><em><strong><em><strong><em><strong><em><strong><em><strong><em><strong><em><strong><em><strong><em><strong><em><strong><em><strong><em><strong><em><strong><em><strong><em><strong><em><strong><em><strong><em><strong><em><strong><em><strong><em><strong><em><strong>Siga nossas redes sociais no\u00a0<a href=\"https:\/\/www.instagram.com\/ronipaparazzi\/\">Instagram\u00a0<\/a>e\u00a0<a href=\"https:\/\/www.facebook.com\/ronipaparazzicomvoce\">Facebook<\/a>\u00a0participe da nossa comunidade do Canal Roni Paparazzi no Whatsapp e receba as principais not\u00edcias da regi\u00e3o de Ara\u00e7atuba do dia direto no seu celular.<\/strong>\u00a0<a href=\"https:\/\/chat.whatsapp.com\/GsG1XKo0jPOEfjzudWQcml\" target=\"_blank\" rel=\"noreferrer noopener\">\u00a0Clique aqui e se inscreva.<\/a><\/em><\/strong><\/em><\/strong><\/em><\/strong><\/em><\/strong><\/em><\/strong><\/em><\/strong><\/em><\/strong><\/em><\/strong><\/em><\/strong><\/em><\/strong><\/em><\/strong><\/em><\/strong><\/em><\/strong><\/em><\/strong><\/em><\/strong><\/em><\/strong><\/em><\/strong><\/em><\/strong><\/em><\/strong><\/em><\/strong><\/em><\/strong><\/em><\/strong><\/em><\/strong><\/em><\/strong><\/em><\/strong><\/em><\/strong><\/em><\/strong><\/em><\/strong><\/em><\/strong><\/em><\/strong><\/em><\/strong><\/em><\/strong><\/em><\/strong><\/em><\/strong><\/em><\/strong><\/em><\/strong><\/em><\/strong><\/em><\/strong><\/em><\/strong><\/em><\/strong><\/em><\/strong><\/em><\/strong><\/em><\/strong><\/em><\/strong><\/em><\/strong><\/em><\/strong><\/em><\/strong><\/em><\/strong><\/em><\/strong><\/em><\/strong><\/em><\/strong><\/em><\/strong><\/em><\/strong><\/em><\/strong><\/em><\/strong><\/em><\/strong><\/em><\/strong><\/em><\/strong><\/em><\/strong><\/em><\/strong><\/em><\/strong><\/em><\/strong><\/em><\/strong><\/em><\/strong><\/p>\n","protected":false},"excerpt":{"rendered":"<p>Fernanda Souza dos Santos, aluna da escola Armel Miranda, embarcou nesta segunda-feira, 13, para o Reino Unido, onde far\u00e1 um interc\u00e2mbio de tr\u00eas meses. Ela foi selecionada pelo programa &#8220;Prontos Pro Mundo&#8221;, uma iniciativa do Governo do Estado. A informa\u00e7\u00e3o \u00e9 do Roni Paparazzi e Foto: Divulga\u00e7\u00e3o. Fernanda ir\u00e1 cursar o ensino m\u00e9dio na cidade &hellip;<\/p>\n","protected":false},"author":1,"featured_media":15387,"comment_status":"open","ping_status":"open","sticky":false,"template":"","format":"standard","meta":{"_jetpack_memberships_contains_paid_content":false,"footnotes":"","jetpack_publicize_message":"","jetpack_publicize_feature_enabled":true,"jetpack_social_post_already_shared":false,"jetpack_social_options":{"image_generator_settings":{"template":"highway","default_image_id":0,"enabled":false},"version":2}},"categories":[6],"tags":[],"class_list":["post-15386","post","type-post","status-publish","format-standard","has-post-thumbnail","hentry","category-entretenimento"],"jetpack_publicize_connections":[],"jetpack_featured_media_url":"https:\/\/i0.wp.com\/www.paparazzinews.com.br\/wp-content\/uploads\/2025\/01\/SD.jpg?fit=1000%2C404&ssl=1","views":"3093","jetpack_likes_enabled":true,"jetpack_sharing_enabled":true,"_links":{"self":[{"href":"https:\/\/www.paparazzinews.com.br\/index.php?rest_route=\/wp\/v2\/posts\/15386","targetHints":{"allow":["GET"]}}],"collection":[{"href":"https:\/\/www.paparazzinews.com.br\/index.php?rest_route=\/wp\/v2\/posts"}],"about":[{"href":"https:\/\/www.paparazzinews.com.br\/index.php?rest_route=\/wp\/v2\/types\/post"}],"author":[{"embeddable":true,"href":"https:\/\/www.paparazzinews.com.br\/index.php?rest_route=\/wp\/v2\/users\/1"}],"replies":[{"embeddable":true,"href":"https:\/\/www.paparazzinews.com.br\/index.php?rest_route=%2Fwp%2Fv2%2Fcomments&post=15386"}],"version-history":[{"count":1,"href":"https:\/\/www.paparazzinews.com.br\/index.php?rest_route=\/wp\/v2\/posts\/15386\/revisions"}],"predecessor-version":[{"id":15388,"href":"https:\/\/www.paparazzinews.com.br\/index.php?rest_route=\/wp\/v2\/posts\/15386\/revisions\/15388"}],"wp:featuredmedia":[{"embeddable":true,"href":"https:\/\/www.paparazzinews.com.br\/index.php?rest_route=\/wp\/v2\/media\/15387"}],"wp:attachment":[{"href":"https:\/\/www.paparazzinews.com.br\/index.php?rest_route=%2Fwp%2Fv2%2Fmedia&parent=15386"}],"wp:term":[{"taxonomy":"category","embeddable":true,"href":"https:\/\/www.paparazzinews.com.br\/index.php?rest_route=%2Fwp%2Fv2%2Fcategories&post=15386"},{"taxonomy":"post_tag","embeddable":true,"href":"https:\/\/www.paparazzinews.com.br\/index.php?rest_route=%2Fwp%2Fv2%2Ftags&post=15386"}],"curies":[{"name":"wp","href":"https:\/\/api.w.org\/{rel}","templated":true}]}}