{"id":15258,"date":"2025-01-08T11:02:20","date_gmt":"2025-01-08T14:02:20","guid":{"rendered":"https:\/\/www.paparazzinews.com.br\/?p=15258"},"modified":"2025-01-08T11:02:21","modified_gmt":"2025-01-08T14:02:21","slug":"casa-grande-familia-da-neide-de-selviria-ms-recebe-subvencao-social-de-r-214-mil-para-assistencia-social-em-2025","status":"publish","type":"post","link":"https:\/\/www.paparazzinews.com.br\/?p=15258","title":{"rendered":"Casa Grande Fam\u00edlia da Neide de Selv\u00edria\/MS recebe subven\u00e7\u00e3o social de R$ 214 mil para assist\u00eancia social em 2025"},"content":{"rendered":"\n<p>A C\u00e2mara Municipal de Castilho aprovou e promulgou a Lei n\u00ba 3.416\/2024, autorizando o Poder Executivo a conceder subven\u00e7\u00e3o social \u00e0 Casa Grande Fam\u00edlia da Neide de Selv\u00edria\/MS. O valor total \u00e9 de at\u00e9 R$ 214 mil, destinados \u00e0 assist\u00eancia social. A informa\u00e7\u00e3o \u00e9 do Roni Paparazzi e Foto: Ricardo Peixoto.<\/p>\n\n\n\n<p>A lei estabelece que a entidade benefici\u00e1ria deve seguir as disposi\u00e7\u00f5es da Lei Federal 13.019\/2014 e realizar presta\u00e7\u00e3o de contas. O financiamento ocorrer\u00e1 por conta das dota\u00e7\u00f5es or\u00e7ament\u00e1rias de 2025.<\/p>\n\n\n\n<p>A lei entra em vigor na data de publica\u00e7\u00e3o e produzir\u00e1 efeitos a partir de 1\u00ba de janeiro de 2025.<\/p>\n\n\n\n<p><strong><em><strong><em><strong><em><strong><em><strong><em><strong><em><strong><em><strong><em><strong><em><strong><em><strong><em><strong><em><strong><em><strong><em><strong><em><strong><em><strong><em><strong><em><strong><em><strong><em><strong><em><strong><em><strong><em><strong><em><strong><em><strong><em><strong><em><strong><em><strong><em><strong><em><strong><em><strong><em><strong><em><strong><em><strong><em><strong><em><strong><em><strong><em><strong><em><strong><em><strong><em><strong><em><strong><em><strong><em><strong><em><strong><em><strong><em><strong><em><strong><em><strong><em><strong><em><strong><em><strong><em><strong><em><strong><em><strong><em><strong><em><strong><em><strong><em><strong><em><strong><em><strong><em><strong><em><strong><em><strong>Siga nossas redes sociais no\u00a0<a href=\"https:\/\/www.instagram.com\/ronipaparazzi\/\">Instagram\u00a0<\/a>e\u00a0<a href=\"https:\/\/www.facebook.com\/ronipaparazzicomvoce\">Facebook<\/a>\u00a0participe da nossa comunidade do Canal Roni Paparazzi no Whatsapp e receba as principais not\u00edcias da regi\u00e3o de Ara\u00e7atuba do dia direto no seu celular.<\/strong>\u00a0<a href=\"https:\/\/chat.whatsapp.com\/GsG1XKo0jPOEfjzudWQcml\" target=\"_blank\" rel=\"noreferrer noopener\">\u00a0Clique aqui e se inscreva.<\/a><\/em><\/strong><\/em><\/strong><\/em><\/strong><\/em><\/strong><\/em><\/strong><\/em><\/strong><\/em><\/strong><\/em><\/strong><\/em><\/strong><\/em><\/strong><\/em><\/strong><\/em><\/strong><\/em><\/strong><\/em><\/strong><\/em><\/strong><\/em><\/strong><\/em><\/strong><\/em><\/strong><\/em><\/strong><\/em><\/strong><\/em><\/strong><\/em><\/strong><\/em><\/strong><\/em><\/strong><\/em><\/strong><\/em><\/strong><\/em><\/strong><\/em><\/strong><\/em><\/strong><\/em><\/strong><\/em><\/strong><\/em><\/strong><\/em><\/strong><\/em><\/strong><\/em><\/strong><\/em><\/strong><\/em><\/strong><\/em><\/strong><\/em><\/strong><\/em><\/strong><\/em><\/strong><\/em><\/strong><\/em><\/strong><\/em><\/strong><\/em><\/strong><\/em><\/strong><\/em><\/strong><\/em><\/strong><\/em><\/strong><\/em><\/strong><\/em><\/strong><\/em><\/strong><\/em><\/strong><\/em><\/strong><\/em><\/strong><\/em><\/strong><\/em><\/strong><\/em><\/strong><\/em><\/strong><\/em><\/strong><\/em><\/strong><\/em><\/strong><\/em><\/strong><\/em><\/strong><\/p>\n","protected":false},"excerpt":{"rendered":"<p>A C\u00e2mara Municipal de Castilho aprovou e promulgou a Lei n\u00ba 3.416\/2024, autorizando o Poder Executivo a conceder subven\u00e7\u00e3o social \u00e0 Casa Grande Fam\u00edlia da Neide de Selv\u00edria\/MS. O valor total \u00e9 de at\u00e9 R$ 214 mil, destinados \u00e0 assist\u00eancia social. A informa\u00e7\u00e3o \u00e9 do Roni Paparazzi e Foto: Ricardo Peixoto. A lei estabelece que &hellip;<\/p>\n","protected":false},"author":1,"featured_media":15259,"comment_status":"open","ping_status":"open","sticky":false,"template":"","format":"standard","meta":{"_jetpack_memberships_contains_paid_content":false,"footnotes":"","jetpack_publicize_message":"","jetpack_publicize_feature_enabled":true,"jetpack_social_post_already_shared":false,"jetpack_social_options":{"image_generator_settings":{"template":"highway","default_image_id":0,"enabled":false},"version":2}},"categories":[4],"tags":[],"class_list":["post-15258","post","type-post","status-publish","format-standard","has-post-thumbnail","hentry","category-regiao"],"jetpack_publicize_connections":[],"jetpack_featured_media_url":"https:\/\/i0.wp.com\/www.paparazzinews.com.br\/wp-content\/uploads\/2025\/01\/IMG_7857.jpg?fit=1361%2C869&ssl=1","views":"732","jetpack_likes_enabled":true,"jetpack_sharing_enabled":true,"_links":{"self":[{"href":"https:\/\/www.paparazzinews.com.br\/index.php?rest_route=\/wp\/v2\/posts\/15258","targetHints":{"allow":["GET"]}}],"collection":[{"href":"https:\/\/www.paparazzinews.com.br\/index.php?rest_route=\/wp\/v2\/posts"}],"about":[{"href":"https:\/\/www.paparazzinews.com.br\/index.php?rest_route=\/wp\/v2\/types\/post"}],"author":[{"embeddable":true,"href":"https:\/\/www.paparazzinews.com.br\/index.php?rest_route=\/wp\/v2\/users\/1"}],"replies":[{"embeddable":true,"href":"https:\/\/www.paparazzinews.com.br\/index.php?rest_route=%2Fwp%2Fv2%2Fcomments&post=15258"}],"version-history":[{"count":1,"href":"https:\/\/www.paparazzinews.com.br\/index.php?rest_route=\/wp\/v2\/posts\/15258\/revisions"}],"predecessor-version":[{"id":15260,"href":"https:\/\/www.paparazzinews.com.br\/index.php?rest_route=\/wp\/v2\/posts\/15258\/revisions\/15260"}],"wp:featuredmedia":[{"embeddable":true,"href":"https:\/\/www.paparazzinews.com.br\/index.php?rest_route=\/wp\/v2\/media\/15259"}],"wp:attachment":[{"href":"https:\/\/www.paparazzinews.com.br\/index.php?rest_route=%2Fwp%2Fv2%2Fmedia&parent=15258"}],"wp:term":[{"taxonomy":"category","embeddable":true,"href":"https:\/\/www.paparazzinews.com.br\/index.php?rest_route=%2Fwp%2Fv2%2Fcategories&post=15258"},{"taxonomy":"post_tag","embeddable":true,"href":"https:\/\/www.paparazzinews.com.br\/index.php?rest_route=%2Fwp%2Fv2%2Ftags&post=15258"}],"curies":[{"name":"wp","href":"https:\/\/api.w.org\/{rel}","templated":true}]}}