{"id":15224,"date":"2025-01-08T10:16:02","date_gmt":"2025-01-08T13:16:02","guid":{"rendered":"https:\/\/www.paparazzinews.com.br\/?p=15224"},"modified":"2025-01-08T10:16:03","modified_gmt":"2025-01-08T13:16:03","slug":"primeira-arara-azul-de-lear-de-2025-nasce-em-centro-de-conservacao-em-sao-paulo","status":"publish","type":"post","link":"https:\/\/www.paparazzinews.com.br\/?p=15224","title":{"rendered":"Primeira arara-azul-de-lear de 2025 nasce em centro de conserva\u00e7\u00e3o em S\u00e3o Paulo"},"content":{"rendered":"\n<p>O N\u00facleo de Conserva\u00e7\u00e3o da Fauna Silvestre (Cecfau), em Ara\u00e7oiaba da Serra (SP), recebeu o primeiro filhote de arara-azul-de-lear de 2025. Esse \u00e9 o 14\u00ba exemplar da esp\u00e9cie no local, considerado um ber\u00e7\u00e1rio para aves amea\u00e7adas de extin\u00e7\u00e3o. A informa\u00e7\u00e3o \u00e9 do Roni Paparazzi <\/p>\n\n\n\n<p><strong>Detalhes<\/strong><\/p>\n\n\n\n<ol class=\"wp-block-list\">\n<li>O filhote nasceu em 3 de janeiro e est\u00e1 sendo cuidado &#8220;na m\u00e3o&#8221; pelos profissionais.<\/li>\n\n\n\n<li>Os pais, Maria Eduarda e Dumont, s\u00e3o v\u00edtimas do tr\u00e1fico de animais e foram recuperados pelo Cecfau.<\/li>\n\n\n\n<li>A arara-azul-de-lear \u00e9 uma esp\u00e9cie end\u00eamica brasileira, encontrada na regi\u00e3o da caatinga baiana.<\/li>\n\n\n\n<li>O Cecfau j\u00e1 registrou 22 nascimentos da esp\u00e9cie desde 2019.<\/li>\n<\/ol>\n\n\n\n<p><strong>Conserva\u00e7\u00e3o<\/strong><\/p>\n\n\n\n<ol class=\"wp-block-list\">\n<li>O centro integra o Programa de Manejo Populacional da Arara-azul-de-lear.<\/li>\n\n\n\n<li>10 indiv\u00edduos j\u00e1 foram soltos na natureza.<\/li>\n\n\n\n<li>O tr\u00e1fico de animais e destrui\u00e7\u00e3o do habitat s\u00e3o principais amea\u00e7as \u00e0 esp\u00e9cie.<\/li>\n<\/ol>\n\n\n\n<p><strong><em><strong><em><strong><em><strong><em><strong><em><strong><em><strong><em><strong><em><strong><em><strong><em><strong><em><strong><em><strong><em><strong><em><strong><em><strong><em><strong><em><strong><em><strong><em><strong><em><strong><em><strong><em><strong><em><strong><em><strong><em><strong><em><strong><em><strong><em><strong><em><strong><em><strong><em><strong><em><strong><em><strong><em><strong><em><strong><em><strong><em><strong><em><strong><em><strong><em><strong><em><strong><em><strong><em><strong><em><strong><em><strong><em><strong><em><strong><em><strong><em><strong><em><strong><em><strong><em><strong><em><strong><em><strong><em><strong><em><strong><em><strong><em><strong><em><strong><em><strong><em><strong><em><strong><em><strong><em><strong>Siga nossas redes sociais no\u00a0<a href=\"https:\/\/www.instagram.com\/ronipaparazzi\/\">Instagram\u00a0<\/a>e\u00a0<a href=\"https:\/\/www.facebook.com\/ronipaparazzicomvoce\">Facebook<\/a>\u00a0participe da nossa comunidade do Canal Roni Paparazzi no Whatsapp e receba as principais not\u00edcias da regi\u00e3o de Ara\u00e7atuba do dia direto no seu celular.<\/strong>\u00a0<a href=\"https:\/\/chat.whatsapp.com\/GsG1XKo0jPOEfjzudWQcml\" target=\"_blank\" rel=\"noreferrer noopener\">\u00a0Clique aqui e se inscreva.<\/a><\/em><\/strong><\/em><\/strong><\/em><\/strong><\/em><\/strong><\/em><\/strong><\/em><\/strong><\/em><\/strong><\/em><\/strong><\/em><\/strong><\/em><\/strong><\/em><\/strong><\/em><\/strong><\/em><\/strong><\/em><\/strong><\/em><\/strong><\/em><\/strong><\/em><\/strong><\/em><\/strong><\/em><\/strong><\/em><\/strong><\/em><\/strong><\/em><\/strong><\/em><\/strong><\/em><\/strong><\/em><\/strong><\/em><\/strong><\/em><\/strong><\/em><\/strong><\/em><\/strong><\/em><\/strong><\/em><\/strong><\/em><\/strong><\/em><\/strong><\/em><\/strong><\/em><\/strong><\/em><\/strong><\/em><\/strong><\/em><\/strong><\/em><\/strong><\/em><\/strong><\/em><\/strong><\/em><\/strong><\/em><\/strong><\/em><\/strong><\/em><\/strong><\/em><\/strong><\/em><\/strong><\/em><\/strong><\/em><\/strong><\/em><\/strong><\/em><\/strong><\/em><\/strong><\/em><\/strong><\/em><\/strong><\/em><\/strong><\/em><\/strong><\/em><\/strong><\/em><\/strong><\/em><\/strong><\/em><\/strong><\/em><\/strong><\/em><\/strong><\/em><\/strong><\/em><\/strong><\/p>\n","protected":false},"excerpt":{"rendered":"<p>O N\u00facleo de Conserva\u00e7\u00e3o da Fauna Silvestre (Cecfau), em Ara\u00e7oiaba da Serra (SP), recebeu o primeiro filhote de arara-azul-de-lear de 2025. Esse \u00e9 o 14\u00ba exemplar da esp\u00e9cie no local, considerado um ber\u00e7\u00e1rio para aves amea\u00e7adas de extin\u00e7\u00e3o. A informa\u00e7\u00e3o \u00e9 do Roni Paparazzi Detalhes O filhote nasceu em 3 de janeiro e est\u00e1 sendo &hellip;<\/p>\n","protected":false},"author":1,"featured_media":15226,"comment_status":"open","ping_status":"open","sticky":false,"template":"","format":"standard","meta":{"_jetpack_memberships_contains_paid_content":false,"footnotes":"","jetpack_publicize_message":"","jetpack_publicize_feature_enabled":true,"jetpack_social_post_already_shared":false,"jetpack_social_options":{"image_generator_settings":{"template":"highway","default_image_id":0,"enabled":false},"version":2}},"categories":[4],"tags":[],"class_list":["post-15224","post","type-post","status-publish","format-standard","has-post-thumbnail","hentry","category-regiao"],"jetpack_publicize_connections":[],"jetpack_featured_media_url":"https:\/\/i0.wp.com\/www.paparazzinews.com.br\/wp-content\/uploads\/2025\/01\/arara_03.01.25-1024x575-1.jpg?fit=1024%2C575&ssl=1","views":"680","jetpack_likes_enabled":true,"jetpack_sharing_enabled":true,"_links":{"self":[{"href":"https:\/\/www.paparazzinews.com.br\/index.php?rest_route=\/wp\/v2\/posts\/15224","targetHints":{"allow":["GET"]}}],"collection":[{"href":"https:\/\/www.paparazzinews.com.br\/index.php?rest_route=\/wp\/v2\/posts"}],"about":[{"href":"https:\/\/www.paparazzinews.com.br\/index.php?rest_route=\/wp\/v2\/types\/post"}],"author":[{"embeddable":true,"href":"https:\/\/www.paparazzinews.com.br\/index.php?rest_route=\/wp\/v2\/users\/1"}],"replies":[{"embeddable":true,"href":"https:\/\/www.paparazzinews.com.br\/index.php?rest_route=%2Fwp%2Fv2%2Fcomments&post=15224"}],"version-history":[{"count":1,"href":"https:\/\/www.paparazzinews.com.br\/index.php?rest_route=\/wp\/v2\/posts\/15224\/revisions"}],"predecessor-version":[{"id":15225,"href":"https:\/\/www.paparazzinews.com.br\/index.php?rest_route=\/wp\/v2\/posts\/15224\/revisions\/15225"}],"wp:featuredmedia":[{"embeddable":true,"href":"https:\/\/www.paparazzinews.com.br\/index.php?rest_route=\/wp\/v2\/media\/15226"}],"wp:attachment":[{"href":"https:\/\/www.paparazzinews.com.br\/index.php?rest_route=%2Fwp%2Fv2%2Fmedia&parent=15224"}],"wp:term":[{"taxonomy":"category","embeddable":true,"href":"https:\/\/www.paparazzinews.com.br\/index.php?rest_route=%2Fwp%2Fv2%2Fcategories&post=15224"},{"taxonomy":"post_tag","embeddable":true,"href":"https:\/\/www.paparazzinews.com.br\/index.php?rest_route=%2Fwp%2Fv2%2Ftags&post=15224"}],"curies":[{"name":"wp","href":"https:\/\/api.w.org\/{rel}","templated":true}]}}