{"id":1521,"date":"2023-01-02T21:16:46","date_gmt":"2023-01-03T00:16:46","guid":{"rendered":"https:\/\/www.paparazzinews.com.br\/?p=1521"},"modified":"2023-01-02T21:16:47","modified_gmt":"2023-01-03T00:16:47","slug":"homem-ameaca-mae-de-morte-em-andradina","status":"publish","type":"post","link":"https:\/\/www.paparazzinews.com.br\/?p=1521","title":{"rendered":"Homem amea\u00e7a m\u00e3e de morte em Andradina"},"content":{"rendered":"\n<p>Um homem de 33 anos foi preso pela Pol\u00edcia Militar de Andradina (SP) no domingo dia 1 de janeiro por amea\u00e7ar de morte a pr\u00f3pria m\u00e3e.<\/p>\n\n\n\n<p>Consta que a ocorr\u00eancia de viol\u00eancia dom\u00e9stica foi com um usu\u00e1rio de drogas e \u00e1lcool, com a presen\u00e7a da PM no local dos fatos, o autor ficou agressivo e de posse de uma pedra na m\u00e3o desacatou os policiais. Antes o alvo j\u00e1 tinha danificado moveis existentes na casa, a ocorr\u00eancia foi encaminhada para a Pol\u00edcia Civil onde permaneceu preso \u00e0 disposi\u00e7\u00e3o da Justi\u00e7a.<\/p>\n","protected":false},"excerpt":{"rendered":"<p>Um homem de 33 anos foi preso pela Pol\u00edcia Militar de Andradina (SP) no domingo dia 1 de janeiro por amea\u00e7ar de morte a pr\u00f3pria m\u00e3e. Consta que a ocorr\u00eancia de viol\u00eancia dom\u00e9stica foi com um usu\u00e1rio de drogas e \u00e1lcool, com a presen\u00e7a da PM no local dos fatos, o autor ficou agressivo e &hellip;<\/p>\n","protected":false},"author":1,"featured_media":1522,"comment_status":"open","ping_status":"open","sticky":false,"template":"","format":"standard","meta":{"_jetpack_memberships_contains_paid_content":false,"footnotes":"","jetpack_publicize_message":"","jetpack_publicize_feature_enabled":true,"jetpack_social_post_already_shared":false,"jetpack_social_options":{"image_generator_settings":{"template":"highway","default_image_id":0,"enabled":false},"version":2}},"categories":[3],"tags":[],"class_list":["post-1521","post","type-post","status-publish","format-standard","has-post-thumbnail","hentry","category-policial"],"jetpack_publicize_connections":[],"jetpack_featured_media_url":"https:\/\/i0.wp.com\/www.paparazzinews.com.br\/wp-content\/uploads\/2023\/01\/d0744465-34b1-4cef-bc1b-08802c8272c8-e1672704995790.jpg?fit=1000%2C466&ssl=1","views":"6474","jetpack_likes_enabled":true,"jetpack_sharing_enabled":true,"_links":{"self":[{"href":"https:\/\/www.paparazzinews.com.br\/index.php?rest_route=\/wp\/v2\/posts\/1521","targetHints":{"allow":["GET"]}}],"collection":[{"href":"https:\/\/www.paparazzinews.com.br\/index.php?rest_route=\/wp\/v2\/posts"}],"about":[{"href":"https:\/\/www.paparazzinews.com.br\/index.php?rest_route=\/wp\/v2\/types\/post"}],"author":[{"embeddable":true,"href":"https:\/\/www.paparazzinews.com.br\/index.php?rest_route=\/wp\/v2\/users\/1"}],"replies":[{"embeddable":true,"href":"https:\/\/www.paparazzinews.com.br\/index.php?rest_route=%2Fwp%2Fv2%2Fcomments&post=1521"}],"version-history":[{"count":1,"href":"https:\/\/www.paparazzinews.com.br\/index.php?rest_route=\/wp\/v2\/posts\/1521\/revisions"}],"predecessor-version":[{"id":1523,"href":"https:\/\/www.paparazzinews.com.br\/index.php?rest_route=\/wp\/v2\/posts\/1521\/revisions\/1523"}],"wp:featuredmedia":[{"embeddable":true,"href":"https:\/\/www.paparazzinews.com.br\/index.php?rest_route=\/wp\/v2\/media\/1522"}],"wp:attachment":[{"href":"https:\/\/www.paparazzinews.com.br\/index.php?rest_route=%2Fwp%2Fv2%2Fmedia&parent=1521"}],"wp:term":[{"taxonomy":"category","embeddable":true,"href":"https:\/\/www.paparazzinews.com.br\/index.php?rest_route=%2Fwp%2Fv2%2Fcategories&post=1521"},{"taxonomy":"post_tag","embeddable":true,"href":"https:\/\/www.paparazzinews.com.br\/index.php?rest_route=%2Fwp%2Fv2%2Ftags&post=1521"}],"curies":[{"name":"wp","href":"https:\/\/api.w.org\/{rel}","templated":true}]}}