{"id":15178,"date":"2025-01-07T11:43:53","date_gmt":"2025-01-07T14:43:53","guid":{"rendered":"https:\/\/www.paparazzinews.com.br\/?p=15178"},"modified":"2025-01-07T11:43:54","modified_gmt":"2025-01-07T14:43:54","slug":"febre-amarela-quatro-macacos-em-ribeirao-preto-testam-positivo-e-55-mil-doses-de-vacina-sao-remanejadas","status":"publish","type":"post","link":"https:\/\/www.paparazzinews.com.br\/?p=15178","title":{"rendered":"Febre Amarela: Quatro Macacos em Ribeir\u00e3o Preto Testam Positivo e 55 Mil Doses de Vacina s\u00e3o Remanejadas"},"content":{"rendered":"\n<p>A Secretaria de Estado da Sa\u00fade de S\u00e3o Paulo (SES-SP) confirmou que quatro primatas em Ribeir\u00e3o Preto testaram positivo para febre amarela. A SES-SP, por meio do Instituto Adolfo Lutz (IAL), intensificou as a\u00e7\u00f5es de vigil\u00e2ncia em sa\u00fade e vacina\u00e7\u00e3o na regi\u00e3o. A informa\u00e7\u00e3o \u00e9 do Roni Paparazzi e Foto: Governo de SP.<\/p>\n\n\n\n<p><strong>Medidas Preventivas<\/strong><\/p>\n\n\n\n<ul class=\"wp-block-list\">\n<li>A SES-SP remanejou 55 mil doses da vacina contra a febre amarela para o Grupo de Vigil\u00e2ncia Epidemiol\u00f3gica de Ribeir\u00e3o Preto.<\/li>\n\n\n\n<li>Vacina\u00e7\u00e3o seletiva para a popula\u00e7\u00e3o n\u00e3o vacinada na \u00e1rea onde ocorreu a epizootia.<\/li>\n\n\n\n<li>Orienta\u00e7\u00e3o para informar imediatamente \u00e0s autoridades sanit\u00e1rias em caso de identifica\u00e7\u00e3o de macacos mortos.<\/li>\n<\/ul>\n\n\n\n<p><strong>Sintomas Iniciais<\/strong><\/p>\n\n\n\n<ul class=\"wp-block-list\">\n<li>In\u00edcio s\u00fabito de febre<\/li>\n\n\n\n<li>Calafrios<\/li>\n\n\n\n<li>Dor de cabe\u00e7a intensa<\/li>\n\n\n\n<li>Dores nas costas<\/li>\n\n\n\n<li>Dores no corpo em geral<\/li>\n\n\n\n<li>N\u00e1useas e v\u00f4mitos<\/li>\n\n\n\n<li>Fadiga<\/li>\n\n\n\n<li>Fraqueza<\/li>\n<\/ul>\n\n\n\n<p><strong>Vacina\u00e7\u00e3o<\/strong><\/p>\n\n\n\n<ul class=\"wp-block-list\">\n<li>A vacina contra a febre amarela faz parte do calend\u00e1rio de imuniza\u00e7\u00e3o.<\/li>\n\n\n\n<li>Dispon\u00edvel em todos os postos de sa\u00fade do estado.<\/li>\n\n\n\n<li>Uma dose durante toda a vida, conforme recomenda\u00e7\u00f5es da Organiza\u00e7\u00e3o Mundial de Sa\u00fade (OMS).<\/li>\n\n\n\n<li>Pessoas que residem em \u00e1reas com recomenda\u00e7\u00e3o da vacina devem se imunizar pelo menos 10 dias antes do deslocamento.<\/li>\n<\/ul>\n\n\n\n<p><strong><em><strong><em><strong><em><strong><em><strong><em><strong><em><strong><em><strong><em><strong><em><strong><em><strong><em><strong><em><strong><em><strong><em><strong><em><strong><em><strong><em><strong><em><strong><em><strong><em><strong><em><strong><em><strong><em><strong><em><strong><em><strong><em><strong><em><strong><em><strong><em><strong><em><strong><em><strong><em><strong><em><strong><em><strong><em><strong><em><strong><em><strong><em><strong><em><strong><em><strong><em><strong><em><strong><em><strong><em><strong><em><strong><em><strong><em><strong><em><strong><em><strong><em><strong><em><strong><em><strong><em><strong><em><strong><em><strong><em><strong><em><strong><em><strong><em><strong><em><strong><em><strong><em><strong><em><strong><em><strong>Siga nossas redes sociais no\u00a0<a href=\"https:\/\/www.instagram.com\/ronipaparazzi\/\">Instagram\u00a0<\/a>e\u00a0<a href=\"https:\/\/www.facebook.com\/ronipaparazzicomvoce\">Facebook<\/a>\u00a0participe da nossa comunidade do Canal Roni Paparazzi no Whatsapp e receba as principais not\u00edcias da regi\u00e3o de Ara\u00e7atuba do dia direto no seu celular.<\/strong>\u00a0<a href=\"https:\/\/chat.whatsapp.com\/GsG1XKo0jPOEfjzudWQcml\" target=\"_blank\" rel=\"noreferrer noopener\">\u00a0Clique aqui e se inscreva.<\/a><\/em><\/strong><\/em><\/strong><\/em><\/strong><\/em><\/strong><\/em><\/strong><\/em><\/strong><\/em><\/strong><\/em><\/strong><\/em><\/strong><\/em><\/strong><\/em><\/strong><\/em><\/strong><\/em><\/strong><\/em><\/strong><\/em><\/strong><\/em><\/strong><\/em><\/strong><\/em><\/strong><\/em><\/strong><\/em><\/strong><\/em><\/strong><\/em><\/strong><\/em><\/strong><\/em><\/strong><\/em><\/strong><\/em><\/strong><\/em><\/strong><\/em><\/strong><\/em><\/strong><\/em><\/strong><\/em><\/strong><\/em><\/strong><\/em><\/strong><\/em><\/strong><\/em><\/strong><\/em><\/strong><\/em><\/strong><\/em><\/strong><\/em><\/strong><\/em><\/strong><\/em><\/strong><\/em><\/strong><\/em><\/strong><\/em><\/strong><\/em><\/strong><\/em><\/strong><\/em><\/strong><\/em><\/strong><\/em><\/strong><\/em><\/strong><\/em><\/strong><\/em><\/strong><\/em><\/strong><\/em><\/strong><\/em><\/strong><\/em><\/strong><\/em><\/strong><\/em><\/strong><\/em><\/strong><\/em><\/strong><\/em><\/strong><\/em><\/strong><\/em><\/strong><\/em><\/strong><\/p>\n","protected":false},"excerpt":{"rendered":"<p>A Secretaria de Estado da Sa\u00fade de S\u00e3o Paulo (SES-SP) confirmou que quatro primatas em Ribeir\u00e3o Preto testaram positivo para febre amarela. A SES-SP, por meio do Instituto Adolfo Lutz (IAL), intensificou as a\u00e7\u00f5es de vigil\u00e2ncia em sa\u00fade e vacina\u00e7\u00e3o na regi\u00e3o. A informa\u00e7\u00e3o \u00e9 do Roni Paparazzi e Foto: Governo de SP. Medidas Preventivas &hellip;<\/p>\n","protected":false},"author":1,"featured_media":15179,"comment_status":"open","ping_status":"open","sticky":false,"template":"","format":"standard","meta":{"_jetpack_memberships_contains_paid_content":false,"footnotes":"","jetpack_publicize_message":"","jetpack_publicize_feature_enabled":true,"jetpack_social_post_already_shared":false,"jetpack_social_options":{"image_generator_settings":{"template":"highway","default_image_id":0,"enabled":false},"version":2}},"categories":[4],"tags":[],"class_list":["post-15178","post","type-post","status-publish","format-standard","has-post-thumbnail","hentry","category-regiao"],"jetpack_publicize_connections":[],"jetpack_featured_media_url":"https:\/\/i0.wp.com\/www.paparazzinews.com.br\/wp-content\/uploads\/2025\/01\/Pessoa-tomando-vacina.jpg?fit=750%2C500&ssl=1","views":"654","jetpack_likes_enabled":true,"jetpack_sharing_enabled":true,"_links":{"self":[{"href":"https:\/\/www.paparazzinews.com.br\/index.php?rest_route=\/wp\/v2\/posts\/15178","targetHints":{"allow":["GET"]}}],"collection":[{"href":"https:\/\/www.paparazzinews.com.br\/index.php?rest_route=\/wp\/v2\/posts"}],"about":[{"href":"https:\/\/www.paparazzinews.com.br\/index.php?rest_route=\/wp\/v2\/types\/post"}],"author":[{"embeddable":true,"href":"https:\/\/www.paparazzinews.com.br\/index.php?rest_route=\/wp\/v2\/users\/1"}],"replies":[{"embeddable":true,"href":"https:\/\/www.paparazzinews.com.br\/index.php?rest_route=%2Fwp%2Fv2%2Fcomments&post=15178"}],"version-history":[{"count":1,"href":"https:\/\/www.paparazzinews.com.br\/index.php?rest_route=\/wp\/v2\/posts\/15178\/revisions"}],"predecessor-version":[{"id":15180,"href":"https:\/\/www.paparazzinews.com.br\/index.php?rest_route=\/wp\/v2\/posts\/15178\/revisions\/15180"}],"wp:featuredmedia":[{"embeddable":true,"href":"https:\/\/www.paparazzinews.com.br\/index.php?rest_route=\/wp\/v2\/media\/15179"}],"wp:attachment":[{"href":"https:\/\/www.paparazzinews.com.br\/index.php?rest_route=%2Fwp%2Fv2%2Fmedia&parent=15178"}],"wp:term":[{"taxonomy":"category","embeddable":true,"href":"https:\/\/www.paparazzinews.com.br\/index.php?rest_route=%2Fwp%2Fv2%2Fcategories&post=15178"},{"taxonomy":"post_tag","embeddable":true,"href":"https:\/\/www.paparazzinews.com.br\/index.php?rest_route=%2Fwp%2Fv2%2Ftags&post=15178"}],"curies":[{"name":"wp","href":"https:\/\/api.w.org\/{rel}","templated":true}]}}