{"id":15168,"date":"2025-01-06T13:06:17","date_gmt":"2025-01-06T16:06:17","guid":{"rendered":"https:\/\/www.paparazzinews.com.br\/?p=15168"},"modified":"2025-01-06T13:06:18","modified_gmt":"2025-01-06T16:06:18","slug":"homem-e-preso-por-violencia-domestica-em-andradina-3","status":"publish","type":"post","link":"https:\/\/www.paparazzinews.com.br\/?p=15168","title":{"rendered":"Homem \u00e9 preso por viol\u00eancia dom\u00e9stica em Andradina"},"content":{"rendered":"\n<p>Um homem foi preso na noite de s\u00e1bado (4\/1) ap\u00f3s agredir sua companheira na Rua Fernando Prado, bairro Santa Cec\u00edlia, em Andradina. A informa\u00e7\u00e3o \u00e9 do Roni Paparazzi e Foto: Divulga\u00e7\u00e3o.<\/p>\n\n\n\n<p><strong>Detalhes do caso<\/strong><\/p>\n\n\n\n<ul class=\"wp-block-list\">\n<li>A v\u00edtima relatou agress\u00f5es no pesco\u00e7o e bra\u00e7os.<\/li>\n\n\n\n<li>O agressor estava visivelmente embriagado e exaltado.<\/li>\n\n\n\n<li>A ocorr\u00eancia foi atendida pela Pol\u00edcia Militar.<\/li>\n<\/ul>\n\n\n\n<p><strong>Medidas tomadas<\/strong><\/p>\n\n\n\n<ul class=\"wp-block-list\">\n<li>O agressor foi levado \u00e0 Delegacia de Pol\u00edcia Judici\u00e1ria.<\/li>\n\n\n\n<li>Permanece preso \u00e0 disposi\u00e7\u00e3o da Justi\u00e7a.<\/li>\n<\/ul>\n\n\n\n<p>Se voc\u00ea ou algu\u00e9m conhece est\u00e1 enfrentando viol\u00eancia dom\u00e9stica, ligue 180 (Disque 180) ou 190 (Pol\u00edcia Militar).<\/p>\n\n\n\n<p><strong><em><strong><em><strong><em><strong><em><strong><em><strong><em><strong><em><strong><em><strong><em><strong><em><strong><em><strong><em><strong><em><strong><em><strong><em><strong><em><strong><em><strong><em><strong><em><strong><em><strong><em><strong><em><strong><em><strong><em><strong><em><strong><em><strong><em><strong><em><strong><em><strong><em><strong><em><strong><em><strong><em><strong><em><strong><em><strong><em><strong><em><strong><em><strong><em><strong><em><strong><em><strong><em><strong><em><strong><em><strong><em><strong><em><strong><em><strong><em><strong><em><strong><em><strong><em><strong><em><strong><em><strong><em><strong><em><strong><em><strong><em><strong><em><strong><em><strong><em><strong><em><strong><em><strong><em><strong><em><strong>Siga nossas redes sociais no\u00a0<a href=\"https:\/\/www.instagram.com\/ronipaparazzi\/\">Instagram\u00a0<\/a>e\u00a0<a href=\"https:\/\/www.facebook.com\/ronipaparazzicomvoce\">Facebook<\/a>\u00a0participe da nossa comunidade do Canal Roni Paparazzi no Whatsapp e receba as principais not\u00edcias da regi\u00e3o de Ara\u00e7atuba do dia direto no seu celular.<\/strong>\u00a0<a href=\"https:\/\/chat.whatsapp.com\/GsG1XKo0jPOEfjzudWQcml\" target=\"_blank\" rel=\"noreferrer noopener\">\u00a0Clique aqui e se inscreva.<\/a><\/em><\/strong><\/em><\/strong><\/em><\/strong><\/em><\/strong><\/em><\/strong><\/em><\/strong><\/em><\/strong><\/em><\/strong><\/em><\/strong><\/em><\/strong><\/em><\/strong><\/em><\/strong><\/em><\/strong><\/em><\/strong><\/em><\/strong><\/em><\/strong><\/em><\/strong><\/em><\/strong><\/em><\/strong><\/em><\/strong><\/em><\/strong><\/em><\/strong><\/em><\/strong><\/em><\/strong><\/em><\/strong><\/em><\/strong><\/em><\/strong><\/em><\/strong><\/em><\/strong><\/em><\/strong><\/em><\/strong><\/em><\/strong><\/em><\/strong><\/em><\/strong><\/em><\/strong><\/em><\/strong><\/em><\/strong><\/em><\/strong><\/em><\/strong><\/em><\/strong><\/em><\/strong><\/em><\/strong><\/em><\/strong><\/em><\/strong><\/em><\/strong><\/em><\/strong><\/em><\/strong><\/em><\/strong><\/em><\/strong><\/em><\/strong><\/em><\/strong><\/em><\/strong><\/em><\/strong><\/em><\/strong><\/em><\/strong><\/em><\/strong><\/em><\/strong><\/em><\/strong><\/em><\/strong><\/em><\/strong><\/em><\/strong><\/em><\/strong><\/em><\/strong><\/em><\/strong><\/p>\n","protected":false},"excerpt":{"rendered":"<p>Um homem foi preso na noite de s\u00e1bado (4\/1) ap\u00f3s agredir sua companheira na Rua Fernando Prado, bairro Santa Cec\u00edlia, em Andradina. A informa\u00e7\u00e3o \u00e9 do Roni Paparazzi e Foto: Divulga\u00e7\u00e3o. Detalhes do caso A v\u00edtima relatou agress\u00f5es no pesco\u00e7o e bra\u00e7os. O agressor estava visivelmente embriagado e exaltado. A ocorr\u00eancia foi atendida pela Pol\u00edcia &hellip;<\/p>\n","protected":false},"author":1,"featured_media":15170,"comment_status":"open","ping_status":"open","sticky":false,"template":"","format":"standard","meta":{"_jetpack_memberships_contains_paid_content":false,"footnotes":"","jetpack_publicize_message":"","jetpack_publicize_feature_enabled":true,"jetpack_social_post_already_shared":false,"jetpack_social_options":{"image_generator_settings":{"template":"highway","default_image_id":0,"enabled":false},"version":2}},"categories":[3],"tags":[],"class_list":["post-15168","post","type-post","status-publish","format-standard","has-post-thumbnail","hentry","category-policial"],"jetpack_publicize_connections":[],"jetpack_featured_media_url":"https:\/\/i0.wp.com\/www.paparazzinews.com.br\/wp-content\/uploads\/2025\/01\/c9b84b4e-eff8-4994-8897-782b7ce72b72.jpeg?fit=1600%2C1247&ssl=1","views":"762","jetpack_likes_enabled":true,"jetpack_sharing_enabled":true,"_links":{"self":[{"href":"https:\/\/www.paparazzinews.com.br\/index.php?rest_route=\/wp\/v2\/posts\/15168","targetHints":{"allow":["GET"]}}],"collection":[{"href":"https:\/\/www.paparazzinews.com.br\/index.php?rest_route=\/wp\/v2\/posts"}],"about":[{"href":"https:\/\/www.paparazzinews.com.br\/index.php?rest_route=\/wp\/v2\/types\/post"}],"author":[{"embeddable":true,"href":"https:\/\/www.paparazzinews.com.br\/index.php?rest_route=\/wp\/v2\/users\/1"}],"replies":[{"embeddable":true,"href":"https:\/\/www.paparazzinews.com.br\/index.php?rest_route=%2Fwp%2Fv2%2Fcomments&post=15168"}],"version-history":[{"count":1,"href":"https:\/\/www.paparazzinews.com.br\/index.php?rest_route=\/wp\/v2\/posts\/15168\/revisions"}],"predecessor-version":[{"id":15171,"href":"https:\/\/www.paparazzinews.com.br\/index.php?rest_route=\/wp\/v2\/posts\/15168\/revisions\/15171"}],"wp:featuredmedia":[{"embeddable":true,"href":"https:\/\/www.paparazzinews.com.br\/index.php?rest_route=\/wp\/v2\/media\/15170"}],"wp:attachment":[{"href":"https:\/\/www.paparazzinews.com.br\/index.php?rest_route=%2Fwp%2Fv2%2Fmedia&parent=15168"}],"wp:term":[{"taxonomy":"category","embeddable":true,"href":"https:\/\/www.paparazzinews.com.br\/index.php?rest_route=%2Fwp%2Fv2%2Fcategories&post=15168"},{"taxonomy":"post_tag","embeddable":true,"href":"https:\/\/www.paparazzinews.com.br\/index.php?rest_route=%2Fwp%2Fv2%2Ftags&post=15168"}],"curies":[{"name":"wp","href":"https:\/\/api.w.org\/{rel}","templated":true}]}}