{"id":15128,"date":"2025-01-06T11:33:04","date_gmt":"2025-01-06T14:33:04","guid":{"rendered":"https:\/\/www.paparazzinews.com.br\/?p=15128"},"modified":"2025-01-06T11:33:05","modified_gmt":"2025-01-06T14:33:05","slug":"lider-de-faccao-criminosa-preso-em-campo-limpo-paulista-com-mais-de-uma-tonelada-de-drogas","status":"publish","type":"post","link":"https:\/\/www.paparazzinews.com.br\/?p=15128","title":{"rendered":"L\u00edder de fac\u00e7\u00e3o criminosa preso em Campo Limpo Paulista com mais de uma tonelada de drogas"},"content":{"rendered":"\n<p>Uma opera\u00e7\u00e3o integrada entre o Comando e Opera\u00e7\u00f5es Especiais (COE) da Pol\u00edcia Militar de S\u00e3o Paulo, o Servi\u00e7o de Intelig\u00eancia e a For\u00e7a Integrada de Combate ao Crime Organizado do Cear\u00e1 e S\u00e3o Paulo resultou na pris\u00e3o de um l\u00edder de uma fac\u00e7\u00e3o criminosa que atua em diversas regi\u00f5es do pa\u00eds. A a\u00e7\u00e3o ocorreu na sexta-feira (3\/01), no munic\u00edpio de Campo Limpo Paulista, regi\u00e3o de Jundia\u00ed. A informa\u00e7\u00e3o \u00e9 do Roni Paparazzi e Foto: Divulga\u00e7\u00e3o.<\/p>\n\n\n\n<p>O suspeito, conhecido como &#8220;Peixinho&#8221;, \u00e9 apontado como respons\u00e1vel pelo controle do tr\u00e1fico de drogas no interior do Cear\u00e1 e possui acusa\u00e7\u00f5es por homic\u00eddio, roubo, recepta\u00e7\u00e3o, associa\u00e7\u00e3o criminosa, posse e porte ilegal de arma de fogo. Ele foi preso junto com sua namorada ap\u00f3s uma abordagem policial em Campo Limpo Paulista.<\/p>\n\n\n\n<p>Durante a opera\u00e7\u00e3o, os policiais encontraram mais de uma tonelada de maconha e um quilo de pasta base de coca\u00edna no im\u00f3vel do casal, localizado em Jarinu. A per\u00edcia foi chamada para acompanhar a apreens\u00e3o das drogas.<\/p>\n\n\n\n<p>O secret\u00e1rio da Seguran\u00e7a P\u00fablica de S\u00e3o Paulo, Guilherme Derrite, destacou que a captura de lideran\u00e7as criminosas e a apreens\u00e3o de grandes volumes de entorpecentes s\u00e3o pilares fundamentais na estrat\u00e9gia de combate ao crime organizado. O caso foi registrado como tr\u00e1fico de drogas e captura de procurado.<\/p>\n\n\n\n<p><strong><em><strong><em><strong><em><strong><em><strong><em><strong><em><strong><em><strong><em><strong><em><strong><em><strong><em><strong><em><strong><em><strong><em><strong><em><strong><em><strong><em><strong><em><strong><em><strong><em><strong><em><strong><em><strong><em><strong><em><strong><em><strong><em><strong><em><strong><em><strong><em><strong><em><strong><em><strong><em><strong><em><strong><em><strong><em><strong><em><strong><em><strong><em><strong><em><strong><em><strong><em><strong><em><strong><em><strong><em><strong><em><strong><em><strong><em><strong><em><strong><em><strong><em><strong><em><strong><em><strong><em><strong><em><strong><em><strong><em><strong><em><strong><em><strong><em><strong><em><strong><em><strong><em><strong><em><strong><em><strong>Siga nossas redes sociais no&nbsp;<a href=\"https:\/\/www.instagram.com\/ronipaparazzi\/\">Instagram&nbsp;<\/a>e&nbsp;<a href=\"https:\/\/www.facebook.com\/ronipaparazzicomvoce\">Facebook<\/a>&nbsp;participe da nossa comunidade do Canal Roni Paparazzi no Whatsapp e receba as principais not\u00edcias da regi\u00e3o de Ara\u00e7atuba do dia direto no seu celular.<\/strong>&nbsp;<a href=\"https:\/\/chat.whatsapp.com\/GsG1XKo0jPOEfjzudWQcml\" target=\"_blank\" rel=\"noreferrer noopener\">&nbsp;Clique aqui e se inscreva.<\/a><\/em><\/strong><\/em><\/strong><\/em><\/strong><\/em><\/strong><\/em><\/strong><\/em><\/strong><\/em><\/strong><\/em><\/strong><\/em><\/strong><\/em><\/strong><\/em><\/strong><\/em><\/strong><\/em><\/strong><\/em><\/strong><\/em><\/strong><\/em><\/strong><\/em><\/strong><\/em><\/strong><\/em><\/strong><\/em><\/strong><\/em><\/strong><\/em><\/strong><\/em><\/strong><\/em><\/strong><\/em><\/strong><\/em><\/strong><\/em><\/strong><\/em><\/strong><\/em><\/strong><\/em><\/strong><\/em><\/strong><\/em><\/strong><\/em><\/strong><\/em><\/strong><\/em><\/strong><\/em><\/strong><\/em><\/strong><\/em><\/strong><\/em><\/strong><\/em><\/strong><\/em><\/strong><\/em><\/strong><\/em><\/strong><\/em><\/strong><\/em><\/strong><\/em><\/strong><\/em><\/strong><\/em><\/strong><\/em><\/strong><\/em><\/strong><\/em><\/strong><\/em><\/strong><\/em><\/strong><\/em><\/strong><\/em><\/strong><\/em><\/strong><\/em><\/strong><\/em><\/strong><\/em><\/strong><\/em><\/strong><\/em><\/strong><\/em><\/strong><\/em><\/strong><\/em><\/strong><\/p>\n\n\n\n<p><a href=\"https:\/\/www.paparazzinews.com.br\/wp-admin\/post.php?post=15117&amp;action=edit\"><\/a><\/p>\n","protected":false},"excerpt":{"rendered":"<p>Uma opera\u00e7\u00e3o integrada entre o Comando e Opera\u00e7\u00f5es Especiais (COE) da Pol\u00edcia Militar de S\u00e3o Paulo, o Servi\u00e7o de Intelig\u00eancia e a For\u00e7a Integrada de Combate ao Crime Organizado do Cear\u00e1 e S\u00e3o Paulo resultou na pris\u00e3o de um l\u00edder de uma fac\u00e7\u00e3o criminosa que atua em diversas regi\u00f5es do pa\u00eds. A a\u00e7\u00e3o ocorreu na &hellip;<\/p>\n","protected":false},"author":1,"featured_media":15129,"comment_status":"open","ping_status":"open","sticky":false,"template":"","format":"standard","meta":{"_jetpack_memberships_contains_paid_content":false,"footnotes":"","jetpack_publicize_message":"","jetpack_publicize_feature_enabled":true,"jetpack_social_post_already_shared":false,"jetpack_social_options":{"image_generator_settings":{"template":"highway","default_image_id":0,"enabled":false},"version":2}},"categories":[3],"tags":[],"class_list":["post-15128","post","type-post","status-publish","format-standard","has-post-thumbnail","hentry","category-policial"],"jetpack_publicize_connections":[],"jetpack_featured_media_url":"https:\/\/i0.wp.com\/www.paparazzinews.com.br\/wp-content\/uploads\/2025\/01\/Captura-de-lider-do-trafico-do-ceara-1024x574-1.jpg?fit=1024%2C574&ssl=1","views":"676","jetpack_likes_enabled":true,"jetpack_sharing_enabled":true,"_links":{"self":[{"href":"https:\/\/www.paparazzinews.com.br\/index.php?rest_route=\/wp\/v2\/posts\/15128","targetHints":{"allow":["GET"]}}],"collection":[{"href":"https:\/\/www.paparazzinews.com.br\/index.php?rest_route=\/wp\/v2\/posts"}],"about":[{"href":"https:\/\/www.paparazzinews.com.br\/index.php?rest_route=\/wp\/v2\/types\/post"}],"author":[{"embeddable":true,"href":"https:\/\/www.paparazzinews.com.br\/index.php?rest_route=\/wp\/v2\/users\/1"}],"replies":[{"embeddable":true,"href":"https:\/\/www.paparazzinews.com.br\/index.php?rest_route=%2Fwp%2Fv2%2Fcomments&post=15128"}],"version-history":[{"count":1,"href":"https:\/\/www.paparazzinews.com.br\/index.php?rest_route=\/wp\/v2\/posts\/15128\/revisions"}],"predecessor-version":[{"id":15130,"href":"https:\/\/www.paparazzinews.com.br\/index.php?rest_route=\/wp\/v2\/posts\/15128\/revisions\/15130"}],"wp:featuredmedia":[{"embeddable":true,"href":"https:\/\/www.paparazzinews.com.br\/index.php?rest_route=\/wp\/v2\/media\/15129"}],"wp:attachment":[{"href":"https:\/\/www.paparazzinews.com.br\/index.php?rest_route=%2Fwp%2Fv2%2Fmedia&parent=15128"}],"wp:term":[{"taxonomy":"category","embeddable":true,"href":"https:\/\/www.paparazzinews.com.br\/index.php?rest_route=%2Fwp%2Fv2%2Fcategories&post=15128"},{"taxonomy":"post_tag","embeddable":true,"href":"https:\/\/www.paparazzinews.com.br\/index.php?rest_route=%2Fwp%2Fv2%2Ftags&post=15128"}],"curies":[{"name":"wp","href":"https:\/\/api.w.org\/{rel}","templated":true}]}}