{"id":151,"date":"2022-06-23T18:08:44","date_gmt":"2022-06-23T21:08:44","guid":{"rendered":"https:\/\/www.paparazzinews.com.br\/?p=151"},"modified":"2022-06-23T18:08:45","modified_gmt":"2022-06-23T21:08:45","slug":"mais-de-mil-soldados-da-pm-estao-formados","status":"publish","type":"post","link":"https:\/\/www.paparazzinews.com.br\/?p=151","title":{"rendered":"Mais de mil soldados da PM est\u00e3o formados"},"content":{"rendered":"\n<p>A Pol\u00edcia Militar formou, na tarde desta quinta-feira (23), 1.412 soldados de 2\u00aa classe. Os novos profissionais foram selecionados por meio de concurso p\u00fablico e passaram por um ano de treinamento na Escola Superior de Soldados. O evento aconteceu no Polo Cultural &#8220;Grande Otelo&#8221;, no samb\u00f3dromo do Anhembi, na zona norte da Capital.<\/p>\n\n\n\n<p>\u201c\u00c9 uma alegria compartilhar esse importante momento ao lado de homens e mulheres que lutam todos os dias para criar melhores condi\u00e7\u00f5es de trabalho e respeito \u00e0 nossa Pol\u00edcia Militar. A For\u00e7a P\u00fablica de S\u00e3o Paulo \u00e9 um orgulho para o nosso estado e para o nosso pa\u00eds\u201d, disse o governador Rodrigo Garcia.<\/p>\n\n\n\n<p>Composta por 1.147 homens e 265 mulheres, a turma concluiu o Curso Superior T\u00e9cnico de Pol\u00edcia Ostensiva e Preserva\u00e7\u00e3o da Ordem P\u00fablica, que teve in\u00edcio em 03 de agosto de 2021. Foram mais de 2,6 mil horas de aulas que abordaram disciplinas, como Direitos Humanos, Criminal\u00edstica, Tiro Defensivo pela Preserva\u00e7\u00e3o da Vida, Defesa Pessoa, Intelig\u00eancia Policial, Psicologia, Medicina Legal, Doutrina de Pol\u00edcia Comunit\u00e1ria, entre outras<\/p>\n\n\n\n<p>Cada aluno somou pontua\u00e7\u00f5es pelo seu desempenho ao longo do treinamento e durante a solenidade o primeiro colocado foi agraciado com a Medalha Pedro Dias de Campos no grau bronze. Os soldados que ficaram em segundo e terceiro lugar tamb\u00e9m receberam homenagens.<\/p>\n\n\n\n<p>Ap\u00f3s a formatura, os novos soldados ser\u00e3o distribu\u00eddos em 52 unidades da Pol\u00edcia Militar por todo Estado.<\/p>\n\n\n\n<p><strong>Sobre a Escola Superior de Soldados<\/strong><\/p>\n\n\n\n<p>A Escola Superior de Soldados foi fundada em 1984 e atua na forma\u00e7\u00e3o de homens e mulheres que ingressam na Institui\u00e7\u00e3o por meio de concurso p\u00fablico para soldados de 2\u00aa classe. O curso oferecido pela unidade confere ao formando o grau de T\u00e9cnico de N\u00edvel Superior em Pol\u00edcia Ostensiva e Preserva\u00e7\u00e3o da Ordem P\u00fablica. Ao se formar, o novo policial militar estar\u00e1 apto \u00e0s fun\u00e7\u00f5es de pol\u00edcia ostensiva e preserva\u00e7\u00e3o da ordem p\u00fablica, bem como para as fun\u00e7\u00f5es de bombeiro e execu\u00e7\u00e3o das atividades de defesa civil.<\/p>\n\n\n\n<p>A escola tamb\u00e9m produz novos conhecimentos acad\u00eamico-profissionais e presta servi\u00e7os \u00e0 comunidade, al\u00e9m de ser respons\u00e1vel pela fiscaliza\u00e7\u00e3o t\u00e9cnica de Cursos de Forma\u00e7\u00e3o de Soldados PM, que funcionam em outras Unidades.<\/p>\n\n\n\n<p><strong>Novos policiais<\/strong><\/p>\n\n\n\n<p>Atualmente, h\u00e1 1.286 policiais militares em forma\u00e7\u00e3o, sendo 386 alunos oficiais e 900 soldados PM de 2\u00b0 classe. Nesta quarta-feira (22) tamb\u00e9m foi lan\u00e7ado edital para a contrata\u00e7\u00e3o de mais 2,7 mil soldados PM de 2\u00ba classe. Essas novas vagas fazem parte do despacho do governador autorizando a realiza\u00e7\u00e3o do concurso publicado do Di\u00e1rio Oficial (DOE) em 2021.<\/p>\n","protected":false},"excerpt":{"rendered":"<p>A Pol\u00edcia Militar formou, na tarde desta quinta-feira (23), 1.412 soldados de 2\u00aa classe. Os novos profissionais foram selecionados por meio de concurso p\u00fablico e passaram por um ano de treinamento na Escola Superior de Soldados. O evento aconteceu no Polo Cultural &#8220;Grande Otelo&#8221;, no samb\u00f3dromo do Anhembi, na zona norte da Capital. \u201c\u00c9 uma &hellip;<\/p>\n","protected":false},"author":1,"featured_media":152,"comment_status":"open","ping_status":"open","sticky":false,"template":"","format":"standard","meta":{"_jetpack_memberships_contains_paid_content":false,"footnotes":"","jetpack_publicize_message":"","jetpack_publicize_feature_enabled":true,"jetpack_social_post_already_shared":false,"jetpack_social_options":{"image_generator_settings":{"template":"highway","default_image_id":0,"enabled":false},"version":2}},"categories":[3],"tags":[],"class_list":["post-151","post","type-post","status-publish","format-standard","has-post-thumbnail","hentry","category-policial"],"jetpack_publicize_connections":[],"jetpack_featured_media_url":"https:\/\/i0.wp.com\/www.paparazzinews.com.br\/wp-content\/uploads\/2022\/06\/52167244747_368478dc65_c.jpg?fit=799%2C533&ssl=1","views":"3587","jetpack_likes_enabled":true,"jetpack_sharing_enabled":true,"_links":{"self":[{"href":"https:\/\/www.paparazzinews.com.br\/index.php?rest_route=\/wp\/v2\/posts\/151","targetHints":{"allow":["GET"]}}],"collection":[{"href":"https:\/\/www.paparazzinews.com.br\/index.php?rest_route=\/wp\/v2\/posts"}],"about":[{"href":"https:\/\/www.paparazzinews.com.br\/index.php?rest_route=\/wp\/v2\/types\/post"}],"author":[{"embeddable":true,"href":"https:\/\/www.paparazzinews.com.br\/index.php?rest_route=\/wp\/v2\/users\/1"}],"replies":[{"embeddable":true,"href":"https:\/\/www.paparazzinews.com.br\/index.php?rest_route=%2Fwp%2Fv2%2Fcomments&post=151"}],"version-history":[{"count":1,"href":"https:\/\/www.paparazzinews.com.br\/index.php?rest_route=\/wp\/v2\/posts\/151\/revisions"}],"predecessor-version":[{"id":153,"href":"https:\/\/www.paparazzinews.com.br\/index.php?rest_route=\/wp\/v2\/posts\/151\/revisions\/153"}],"wp:featuredmedia":[{"embeddable":true,"href":"https:\/\/www.paparazzinews.com.br\/index.php?rest_route=\/wp\/v2\/media\/152"}],"wp:attachment":[{"href":"https:\/\/www.paparazzinews.com.br\/index.php?rest_route=%2Fwp%2Fv2%2Fmedia&parent=151"}],"wp:term":[{"taxonomy":"category","embeddable":true,"href":"https:\/\/www.paparazzinews.com.br\/index.php?rest_route=%2Fwp%2Fv2%2Fcategories&post=151"},{"taxonomy":"post_tag","embeddable":true,"href":"https:\/\/www.paparazzinews.com.br\/index.php?rest_route=%2Fwp%2Fv2%2Ftags&post=151"}],"curies":[{"name":"wp","href":"https:\/\/api.w.org\/{rel}","templated":true}]}}