{"id":15097,"date":"2025-01-03T18:38:20","date_gmt":"2025-01-03T21:38:20","guid":{"rendered":"https:\/\/www.paparazzinews.com.br\/?p=15097"},"modified":"2025-01-03T18:38:21","modified_gmt":"2025-01-03T21:38:21","slug":"mandato-transparente-e-moderno-prega-joao-paulo-presidente-da-camara-de-castilho","status":"publish","type":"post","link":"https:\/\/www.paparazzinews.com.br\/?p=15097","title":{"rendered":"\u201cMandato transparente e moderno\u201d, prega Jo\u00e3o Paulo, presidente da C\u00e2mara de Castilho"},"content":{"rendered":"\n<p>Eleito por unanimidade para comandar a C\u00e2mara de Castilho nos pr\u00f3ximos dois anos, o vereador Jo\u00e3o Paulo Ara\u00fajo traz um discurso simples, mas bastante inovador. \u201cQuero trabalhar por um mandato transparente e moderno\u201d, respondeu ele \u00e0 reportagem ao ser questionado como gostaria que seu legado na Presid\u00eancia do Legislativo fosse marcado.<\/p>\n\n\n\n<p>Na manh\u00e3 da \u00faltima quarta-feira, 1\u00ba de janeiro, logo ap\u00f3s a sess\u00e3o de posse foi realizada a Sess\u00e3o extra para elei\u00e7\u00e3o da Mesa Diretora. Dos 11 vereadores castilhenses, a Chapa encabe\u00e7ada por Jo\u00e3o Paulo obteve 11 votos favor\u00e1veis. A nova mesa \u00e9 composta ainda por Daniel Batista de Oliveira (vice-presidente), Itamar Vieira (1\u00ba secret\u00e1rio), Chic\u00e3o da Ambul\u00e2ncia (2\u00ba Secret\u00e1rio), Lorinho (1\u00ba Tesoureiro), e Odair do Caminh\u00e3o (2\u00ba Tesoureiro).<\/p>\n\n\n\n<p>\u201cSou muito grato aos pares por terem confiado a mim a Presid\u00eancia e farei o meu melhor, destaca o vereador.<\/p>\n\n\n\n<p>Esta ser\u00e1 a primeira vez de Jo\u00e3o Paulo Ara\u00fajo como presidente da C\u00e2mara em Castilho. Apesar de ser ainda bastante jovem, apenas 32 anos, Jo\u00e3o Paulo J\u00e1 desfruta de grande experi\u00eancia no Legislativo. Este \u00e9 o seu 3\u00ba mandato como vereador.<\/p>\n\n\n\n<p>Nas \u00faltimas tr\u00eas elei\u00e7\u00f5es viu seu eleitorado aumentar gradativamente. Em 2016 quando saiu candidato pela primeira vez obteve 272 votos, sendo o oitavo vereador mais votado naquela ocasi\u00e3o. Quatro anos depois, tamb\u00e9m como o oitavo mais votado, obteve 303 votos. J\u00e1 nas elei\u00e7\u00f5es de 2024, se tornou o quarto vereador mais votado e alcan\u00e7ou expressivos 450 votos.<\/p>\n\n\n\n<p><strong>QUEM \u00c9 JO\u00c3O PAULO ARA\u00daJO?:<\/strong> Nascido em Castilho, \u00e9 filho de Jo\u00e3o Carlos de Ara\u00fajo e Maria Soraya Paulino Soares. Tem como irm\u00e3 Isabela Ara\u00fajo. Formado em Direito pela Unitoledo\/Ara\u00e7atuba, Jo\u00e3o Paulo \u00e9 p\u00f3s graduado em Direito Previdenci\u00e1rio.<\/p>\n\n\n\n<p>\u00c0 reportagem revelou que optou pelo curso de Direito justamente por amar a pol\u00edtica. Embora n\u00e3o teve ningu\u00e9m da fam\u00edlia ligado a pol\u00edtica, esse gosto pessoal dele veio desde pequeno. Na inf\u00e2ncia foi aluno da escola dr. Youssef Neif Kassab e na adolesc\u00eancia fez o ensino m\u00e9dio na escola Armel Miranda. Para os pr\u00f3ximos quatro anos o vereador diz que se manter\u00e1 como refer\u00eancia aos jovens castilhense, mas que seu trabalho ser\u00e1 em prol de todos.<\/p>\n\n\n\n<p>(<strong>Por AG\u00caNCIA OS NEWS &#8211; Cons\u00f3rcio dos sites Portal de Not\u00edcias, Grupo Portal, Roni Paparazzi e Urubupung\u00e1 News<\/strong>)<\/p>\n\n\n\n<p><strong><em><strong><em><strong><em><strong><em><strong><em><strong><em><strong><em><strong><em><strong><em><strong><em><strong><em><strong><em><strong><em><strong><em><strong><em><strong><em><strong><em><strong><em><strong><em><strong><em><strong><em><strong><em><strong><em><strong><em><strong><em><strong><em><strong><em><strong><em><strong><em><strong><em><strong><em><strong><em><strong><em><strong><em><strong><em><strong><em><strong><em><strong><em><strong><em><strong><em><strong><em><strong><em><strong><em><strong><em><strong><em><strong><em><strong><em><strong><em><strong><em><strong><em><strong><em><strong><em><strong><em><strong><em><strong><em><strong><em><strong><em><strong><em><strong><em><strong><em><strong><em><strong><em><strong><em><strong><em><strong>Siga nossas redes sociais no\u00a0<a href=\"https:\/\/www.instagram.com\/ronipaparazzi\/\">Instagram\u00a0<\/a>e\u00a0<a href=\"https:\/\/www.facebook.com\/ronipaparazzicomvoce\">Facebook<\/a>\u00a0participe da nossa comunidade do Canal Roni Paparazzi no Whatsapp e receba as principais not\u00edcias da regi\u00e3o de Ara\u00e7atuba do dia direto no seu celular.<\/strong>\u00a0<a href=\"https:\/\/chat.whatsapp.com\/GsG1XKo0jPOEfjzudWQcml\" target=\"_blank\" rel=\"noreferrer noopener\">\u00a0Clique aqui e se inscreva.<\/a><\/em><\/strong><\/em><\/strong><\/em><\/strong><\/em><\/strong><\/em><\/strong><\/em><\/strong><\/em><\/strong><\/em><\/strong><\/em><\/strong><\/em><\/strong><\/em><\/strong><\/em><\/strong><\/em><\/strong><\/em><\/strong><\/em><\/strong><\/em><\/strong><\/em><\/strong><\/em><\/strong><\/em><\/strong><\/em><\/strong><\/em><\/strong><\/em><\/strong><\/em><\/strong><\/em><\/strong><\/em><\/strong><\/em><\/strong><\/em><\/strong><\/em><\/strong><\/em><\/strong><\/em><\/strong><\/em><\/strong><\/em><\/strong><\/em><\/strong><\/em><\/strong><\/em><\/strong><\/em><\/strong><\/em><\/strong><\/em><\/strong><\/em><\/strong><\/em><\/strong><\/em><\/strong><\/em><\/strong><\/em><\/strong><\/em><\/strong><\/em><\/strong><\/em><\/strong><\/em><\/strong><\/em><\/strong><\/em><\/strong><\/em><\/strong><\/em><\/strong><\/em><\/strong><\/em><\/strong><\/em><\/strong><\/em><\/strong><\/em><\/strong><\/em><\/strong><\/em><\/strong><\/em><\/strong><\/em><\/strong><\/em><\/strong><\/em><\/strong><\/em><\/strong><\/em><\/strong><\/p>\n","protected":false},"excerpt":{"rendered":"<p>Eleito por unanimidade para comandar a C\u00e2mara de Castilho nos pr\u00f3ximos dois anos, o vereador Jo\u00e3o Paulo Ara\u00fajo traz um discurso simples, mas bastante inovador. \u201cQuero trabalhar por um mandato transparente e moderno\u201d, respondeu ele \u00e0 reportagem ao ser questionado como gostaria que seu legado na Presid\u00eancia do Legislativo fosse marcado. Na manh\u00e3 da \u00faltima &hellip;<\/p>\n","protected":false},"author":1,"featured_media":15098,"comment_status":"open","ping_status":"open","sticky":false,"template":"","format":"standard","meta":{"_jetpack_memberships_contains_paid_content":false,"footnotes":"","jetpack_publicize_message":"","jetpack_publicize_feature_enabled":true,"jetpack_social_post_already_shared":false,"jetpack_social_options":{"image_generator_settings":{"template":"highway","default_image_id":0,"enabled":false},"version":2}},"categories":[7],"tags":[],"class_list":["post-15097","post","type-post","status-publish","format-standard","has-post-thumbnail","hentry","category-politica"],"jetpack_publicize_connections":[],"jetpack_featured_media_url":"https:\/\/i0.wp.com\/www.paparazzinews.com.br\/wp-content\/uploads\/2025\/01\/MG_9093.jpg?fit=1000%2C667&ssl=1","views":"964","jetpack_likes_enabled":true,"jetpack_sharing_enabled":true,"_links":{"self":[{"href":"https:\/\/www.paparazzinews.com.br\/index.php?rest_route=\/wp\/v2\/posts\/15097","targetHints":{"allow":["GET"]}}],"collection":[{"href":"https:\/\/www.paparazzinews.com.br\/index.php?rest_route=\/wp\/v2\/posts"}],"about":[{"href":"https:\/\/www.paparazzinews.com.br\/index.php?rest_route=\/wp\/v2\/types\/post"}],"author":[{"embeddable":true,"href":"https:\/\/www.paparazzinews.com.br\/index.php?rest_route=\/wp\/v2\/users\/1"}],"replies":[{"embeddable":true,"href":"https:\/\/www.paparazzinews.com.br\/index.php?rest_route=%2Fwp%2Fv2%2Fcomments&post=15097"}],"version-history":[{"count":1,"href":"https:\/\/www.paparazzinews.com.br\/index.php?rest_route=\/wp\/v2\/posts\/15097\/revisions"}],"predecessor-version":[{"id":15099,"href":"https:\/\/www.paparazzinews.com.br\/index.php?rest_route=\/wp\/v2\/posts\/15097\/revisions\/15099"}],"wp:featuredmedia":[{"embeddable":true,"href":"https:\/\/www.paparazzinews.com.br\/index.php?rest_route=\/wp\/v2\/media\/15098"}],"wp:attachment":[{"href":"https:\/\/www.paparazzinews.com.br\/index.php?rest_route=%2Fwp%2Fv2%2Fmedia&parent=15097"}],"wp:term":[{"taxonomy":"category","embeddable":true,"href":"https:\/\/www.paparazzinews.com.br\/index.php?rest_route=%2Fwp%2Fv2%2Fcategories&post=15097"},{"taxonomy":"post_tag","embeddable":true,"href":"https:\/\/www.paparazzinews.com.br\/index.php?rest_route=%2Fwp%2Fv2%2Ftags&post=15097"}],"curies":[{"name":"wp","href":"https:\/\/api.w.org\/{rel}","templated":true}]}}