{"id":15088,"date":"2025-01-03T16:13:53","date_gmt":"2025-01-03T19:13:53","guid":{"rendered":"https:\/\/www.paparazzinews.com.br\/?p=15088"},"modified":"2025-01-03T16:13:54","modified_gmt":"2025-01-03T19:13:54","slug":"cerimonia-de-posse-em-andradina-nova-administracao-assume-com-foco-em-desenvolvimento-e-transparencia","status":"publish","type":"post","link":"https:\/\/www.paparazzinews.com.br\/?p=15088","title":{"rendered":"Cerim\u00f4nia de Posse em Andradina: Nova Administra\u00e7\u00e3o assume com Foco em Desenvolvimento e Transpar\u00eancia"},"content":{"rendered":"\n<p>Na quarta-feira, 1\u00ba de janeiro, a C\u00e2mara Municipal de Andradina realizou a cerim\u00f4nia de posse dos vereadores eleitos para o mandato 2025-2028. O evento marcou tamb\u00e9m a posse do prefeito reeleito M\u00e1rcio Celso Lopes e do vice-prefeito Lucas Furlan Lopes. A informa\u00e7\u00e3o \u00e9 do Roni Paparazzi e Foto: Divulga\u00e7\u00e3o.<\/p>\n\n\n\n<p>Durante a solenidade, o vereador reeleito Hugo Rocha Zamboni destacou a import\u00e2ncia da pol\u00edtica na vida das pessoas, ressaltando o papel do Legislativo como ponte entre a popula\u00e7\u00e3o e o Executivo. J\u00e1 o vice-prefeito Lucas Lopes enfatizou a necessidade de uma gest\u00e3o pr\u00f3xima dos cidad\u00e3os e voltada para o desenvolvimento de Andradina.<\/p>\n\n\n\n<p>Os vereadores empossados s\u00e3o: Elaine Vogel Rodrigues, Elo\u00e1 Pessoa, Leila Aparecida Rodrigues de Oliveira, Andr\u00e9 Ricardo Lopes, Fabricio Henrique Mazotti, Guilherme Marques Pugliese, Hugo Rocha Zamboni, Jo\u00e3o Francisco M\u00e1ximo, Luzimar Rodrigues da Silva, Rodarte Silva dos Anjos, Allan Ewerton Costa Marcelino, Silas Carlos de Oliveira, Kleberson Batista dos Santos e Leandro Cesar Ataide.<\/p>\n\n\n\n<p><strong><em><strong><em><strong><em><strong><em><strong><em><strong><em><strong><em><strong><em><strong><em><strong><em><strong><em><strong><em><strong><em><strong><em><strong><em><strong><em><strong><em><strong><em><strong><em><strong><em><strong><em><strong><em><strong><em><strong><em><strong><em><strong><em><strong><em><strong><em><strong><em><strong><em><strong><em><strong><em><strong><em><strong><em><strong><em><strong><em><strong><em><strong><em><strong><em><strong><em><strong><em><strong><em><strong><em><strong><em><strong><em><strong><em><strong><em><strong><em><strong><em><strong><em><strong><em><strong><em><strong><em><strong><em><strong><em><strong><em><strong><em><strong><em><strong><em><strong><em><strong><em><strong><em><strong><em><strong><em><strong>Siga nossas redes sociais no\u00a0<a href=\"https:\/\/www.instagram.com\/ronipaparazzi\/\">Instagram\u00a0<\/a>e\u00a0<a href=\"https:\/\/www.facebook.com\/ronipaparazzicomvoce\">Facebook<\/a>\u00a0participe da nossa comunidade do Canal Roni Paparazzi no Whatsapp e receba as principais not\u00edcias da regi\u00e3o de Ara\u00e7atuba do dia direto no seu celular.<\/strong>\u00a0<a href=\"https:\/\/chat.whatsapp.com\/GsG1XKo0jPOEfjzudWQcml\" target=\"_blank\" rel=\"noreferrer noopener\">\u00a0Clique aqui e se inscreva.<\/a><\/em><\/strong><\/em><\/strong><\/em><\/strong><\/em><\/strong><\/em><\/strong><\/em><\/strong><\/em><\/strong><\/em><\/strong><\/em><\/strong><\/em><\/strong><\/em><\/strong><\/em><\/strong><\/em><\/strong><\/em><\/strong><\/em><\/strong><\/em><\/strong><\/em><\/strong><\/em><\/strong><\/em><\/strong><\/em><\/strong><\/em><\/strong><\/em><\/strong><\/em><\/strong><\/em><\/strong><\/em><\/strong><\/em><\/strong><\/em><\/strong><\/em><\/strong><\/em><\/strong><\/em><\/strong><\/em><\/strong><\/em><\/strong><\/em><\/strong><\/em><\/strong><\/em><\/strong><\/em><\/strong><\/em><\/strong><\/em><\/strong><\/em><\/strong><\/em><\/strong><\/em><\/strong><\/em><\/strong><\/em><\/strong><\/em><\/strong><\/em><\/strong><\/em><\/strong><\/em><\/strong><\/em><\/strong><\/em><\/strong><\/em><\/strong><\/em><\/strong><\/em><\/strong><\/em><\/strong><\/em><\/strong><\/em><\/strong><\/em><\/strong><\/em><\/strong><\/em><\/strong><\/em><\/strong><\/em><\/strong><\/em><\/strong><\/em><\/strong><\/em><\/strong><\/em><\/strong><\/p>\n","protected":false},"excerpt":{"rendered":"<p>Na quarta-feira, 1\u00ba de janeiro, a C\u00e2mara Municipal de Andradina realizou a cerim\u00f4nia de posse dos vereadores eleitos para o mandato 2025-2028. O evento marcou tamb\u00e9m a posse do prefeito reeleito M\u00e1rcio Celso Lopes e do vice-prefeito Lucas Furlan Lopes. A informa\u00e7\u00e3o \u00e9 do Roni Paparazzi e Foto: Divulga\u00e7\u00e3o. Durante a solenidade, o vereador reeleito &hellip;<\/p>\n","protected":false},"author":1,"featured_media":15089,"comment_status":"open","ping_status":"open","sticky":false,"template":"","format":"standard","meta":{"_jetpack_memberships_contains_paid_content":false,"footnotes":"","jetpack_publicize_message":"","jetpack_publicize_feature_enabled":true,"jetpack_social_post_already_shared":false,"jetpack_social_options":{"image_generator_settings":{"template":"highway","default_image_id":0,"enabled":false},"version":2}},"categories":[7],"tags":[],"class_list":["post-15088","post","type-post","status-publish","format-standard","has-post-thumbnail","hentry","category-politica"],"jetpack_publicize_connections":[],"jetpack_featured_media_url":"https:\/\/i0.wp.com\/www.paparazzinews.com.br\/wp-content\/uploads\/2025\/01\/14afefbb-2598-4bb2-a6ca-9948d1115c2f.jpeg?fit=1280%2C720&ssl=1","views":"758","jetpack_likes_enabled":true,"jetpack_sharing_enabled":true,"_links":{"self":[{"href":"https:\/\/www.paparazzinews.com.br\/index.php?rest_route=\/wp\/v2\/posts\/15088","targetHints":{"allow":["GET"]}}],"collection":[{"href":"https:\/\/www.paparazzinews.com.br\/index.php?rest_route=\/wp\/v2\/posts"}],"about":[{"href":"https:\/\/www.paparazzinews.com.br\/index.php?rest_route=\/wp\/v2\/types\/post"}],"author":[{"embeddable":true,"href":"https:\/\/www.paparazzinews.com.br\/index.php?rest_route=\/wp\/v2\/users\/1"}],"replies":[{"embeddable":true,"href":"https:\/\/www.paparazzinews.com.br\/index.php?rest_route=%2Fwp%2Fv2%2Fcomments&post=15088"}],"version-history":[{"count":1,"href":"https:\/\/www.paparazzinews.com.br\/index.php?rest_route=\/wp\/v2\/posts\/15088\/revisions"}],"predecessor-version":[{"id":15090,"href":"https:\/\/www.paparazzinews.com.br\/index.php?rest_route=\/wp\/v2\/posts\/15088\/revisions\/15090"}],"wp:featuredmedia":[{"embeddable":true,"href":"https:\/\/www.paparazzinews.com.br\/index.php?rest_route=\/wp\/v2\/media\/15089"}],"wp:attachment":[{"href":"https:\/\/www.paparazzinews.com.br\/index.php?rest_route=%2Fwp%2Fv2%2Fmedia&parent=15088"}],"wp:term":[{"taxonomy":"category","embeddable":true,"href":"https:\/\/www.paparazzinews.com.br\/index.php?rest_route=%2Fwp%2Fv2%2Fcategories&post=15088"},{"taxonomy":"post_tag","embeddable":true,"href":"https:\/\/www.paparazzinews.com.br\/index.php?rest_route=%2Fwp%2Fv2%2Ftags&post=15088"}],"curies":[{"name":"wp","href":"https:\/\/api.w.org\/{rel}","templated":true}]}}