{"id":15079,"date":"2025-01-03T16:00:03","date_gmt":"2025-01-03T19:00:03","guid":{"rendered":"https:\/\/www.paparazzinews.com.br\/?p=15079"},"modified":"2025-01-03T16:00:04","modified_gmt":"2025-01-03T19:00:04","slug":"jose-pedro-toniello-assume-vice-prefeitura-de-nova-independencia","status":"publish","type":"post","link":"https:\/\/www.paparazzinews.com.br\/?p=15079","title":{"rendered":"Jos\u00e9 Pedro Toniello assume vice-prefeitura de Nova Independ\u00eancia"},"content":{"rendered":"\n<p>No dia 1\u00ba de janeiro, Jos\u00e9 Pedro Toniello, conhecido como Z\u00e9 Pedro, tomou posse como vice-prefeito de Nova Independ\u00eancia. Em seu discurso, destacou a import\u00e2ncia de trabalhar em prol da cidade e seus moradores, frisando que estaria disposto a atuar como fiscal sem remunera\u00e7\u00e3o para contribuir com o desenvolvimento local. A informa\u00e7\u00e3o \u00e9 do Roni Paparazzi e Foto: Urubupung\u00e1 News.<\/p>\n\n\n\n<p>Z\u00e9 Pedro, empres\u00e1rio e agropecuarista, j\u00e1 foi prefeito da cidade entre 2009 e 2012. Ele reconheceu que retornou \u00e0 pol\u00edtica por acaso, chamando sua elei\u00e7\u00e3o de &#8220;obra do destino&#8221;. Toniello tamb\u00e9m agradeceu \u00e0 sua esposa, Marta Toniello, pela disposi\u00e7\u00e3o em ajudar nas quest\u00f5es sociais do munic\u00edpio.<\/p>\n\n\n\n<p>A posse de Toniello marca o in\u00edcio de um novo ciclo pol\u00edtico em Nova Independ\u00eancia. Sua experi\u00eancia e comprometimento s\u00e3o esperados para contribuir para o crescimento e melhorias na qualidade de vida dos mun\u00edcipes.<\/p>\n\n\n\n<p><strong><em><strong><em><strong><em><strong><em><strong><em><strong><em><strong><em><strong><em><strong><em><strong><em><strong><em><strong><em><strong><em><strong><em><strong><em><strong><em><strong><em><strong><em><strong><em><strong><em><strong><em><strong><em><strong><em><strong><em><strong><em><strong><em><strong><em><strong><em><strong><em><strong><em><strong><em><strong><em><strong><em><strong><em><strong><em><strong><em><strong><em><strong><em><strong><em><strong><em><strong><em><strong><em><strong><em><strong><em><strong><em><strong><em><strong><em><strong><em><strong><em><strong><em><strong><em><strong><em><strong><em><strong><em><strong><em><strong><em><strong><em><strong><em><strong><em><strong><em><strong><em><strong><em><strong><em><strong><em><strong>Siga nossas redes sociais no\u00a0<a href=\"https:\/\/www.instagram.com\/ronipaparazzi\/\">Instagram\u00a0<\/a>e\u00a0<a href=\"https:\/\/www.facebook.com\/ronipaparazzicomvoce\">Facebook<\/a>\u00a0participe da nossa comunidade do Canal Roni Paparazzi no Whatsapp e receba as principais not\u00edcias da regi\u00e3o de Ara\u00e7atuba do dia direto no seu celular.<\/strong>\u00a0<a href=\"https:\/\/chat.whatsapp.com\/GsG1XKo0jPOEfjzudWQcml\" target=\"_blank\" rel=\"noreferrer noopener\">\u00a0Clique aqui e se inscreva.<\/a><\/em><\/strong><\/em><\/strong><\/em><\/strong><\/em><\/strong><\/em><\/strong><\/em><\/strong><\/em><\/strong><\/em><\/strong><\/em><\/strong><\/em><\/strong><\/em><\/strong><\/em><\/strong><\/em><\/strong><\/em><\/strong><\/em><\/strong><\/em><\/strong><\/em><\/strong><\/em><\/strong><\/em><\/strong><\/em><\/strong><\/em><\/strong><\/em><\/strong><\/em><\/strong><\/em><\/strong><\/em><\/strong><\/em><\/strong><\/em><\/strong><\/em><\/strong><\/em><\/strong><\/em><\/strong><\/em><\/strong><\/em><\/strong><\/em><\/strong><\/em><\/strong><\/em><\/strong><\/em><\/strong><\/em><\/strong><\/em><\/strong><\/em><\/strong><\/em><\/strong><\/em><\/strong><\/em><\/strong><\/em><\/strong><\/em><\/strong><\/em><\/strong><\/em><\/strong><\/em><\/strong><\/em><\/strong><\/em><\/strong><\/em><\/strong><\/em><\/strong><\/em><\/strong><\/em><\/strong><\/em><\/strong><\/em><\/strong><\/em><\/strong><\/em><\/strong><\/em><\/strong><\/em><\/strong><\/em><\/strong><\/em><\/strong><\/em><\/strong><\/em><\/strong><\/em><\/strong><\/p>\n","protected":false},"excerpt":{"rendered":"<p>No dia 1\u00ba de janeiro, Jos\u00e9 Pedro Toniello, conhecido como Z\u00e9 Pedro, tomou posse como vice-prefeito de Nova Independ\u00eancia. Em seu discurso, destacou a import\u00e2ncia de trabalhar em prol da cidade e seus moradores, frisando que estaria disposto a atuar como fiscal sem remunera\u00e7\u00e3o para contribuir com o desenvolvimento local. A informa\u00e7\u00e3o \u00e9 do Roni &hellip;<\/p>\n","protected":false},"author":1,"featured_media":15080,"comment_status":"open","ping_status":"open","sticky":false,"template":"","format":"standard","meta":{"_jetpack_memberships_contains_paid_content":false,"footnotes":"","jetpack_publicize_message":"","jetpack_publicize_feature_enabled":true,"jetpack_social_post_already_shared":false,"jetpack_social_options":{"image_generator_settings":{"template":"highway","default_image_id":0,"enabled":false},"version":2}},"categories":[7],"tags":[],"class_list":["post-15079","post","type-post","status-publish","format-standard","has-post-thumbnail","hentry","category-politica"],"jetpack_publicize_connections":[],"jetpack_featured_media_url":"https:\/\/i0.wp.com\/www.paparazzinews.com.br\/wp-content\/uploads\/2025\/01\/245679c0-9dfd-4712-acec-3306b46f79ac.jpeg?fit=640%2C480&ssl=1","views":"925","jetpack_likes_enabled":true,"jetpack_sharing_enabled":true,"_links":{"self":[{"href":"https:\/\/www.paparazzinews.com.br\/index.php?rest_route=\/wp\/v2\/posts\/15079","targetHints":{"allow":["GET"]}}],"collection":[{"href":"https:\/\/www.paparazzinews.com.br\/index.php?rest_route=\/wp\/v2\/posts"}],"about":[{"href":"https:\/\/www.paparazzinews.com.br\/index.php?rest_route=\/wp\/v2\/types\/post"}],"author":[{"embeddable":true,"href":"https:\/\/www.paparazzinews.com.br\/index.php?rest_route=\/wp\/v2\/users\/1"}],"replies":[{"embeddable":true,"href":"https:\/\/www.paparazzinews.com.br\/index.php?rest_route=%2Fwp%2Fv2%2Fcomments&post=15079"}],"version-history":[{"count":1,"href":"https:\/\/www.paparazzinews.com.br\/index.php?rest_route=\/wp\/v2\/posts\/15079\/revisions"}],"predecessor-version":[{"id":15081,"href":"https:\/\/www.paparazzinews.com.br\/index.php?rest_route=\/wp\/v2\/posts\/15079\/revisions\/15081"}],"wp:featuredmedia":[{"embeddable":true,"href":"https:\/\/www.paparazzinews.com.br\/index.php?rest_route=\/wp\/v2\/media\/15080"}],"wp:attachment":[{"href":"https:\/\/www.paparazzinews.com.br\/index.php?rest_route=%2Fwp%2Fv2%2Fmedia&parent=15079"}],"wp:term":[{"taxonomy":"category","embeddable":true,"href":"https:\/\/www.paparazzinews.com.br\/index.php?rest_route=%2Fwp%2Fv2%2Fcategories&post=15079"},{"taxonomy":"post_tag","embeddable":true,"href":"https:\/\/www.paparazzinews.com.br\/index.php?rest_route=%2Fwp%2Fv2%2Ftags&post=15079"}],"curies":[{"name":"wp","href":"https:\/\/api.w.org\/{rel}","templated":true}]}}