{"id":15000,"date":"2024-12-31T16:57:26","date_gmt":"2024-12-31T19:57:26","guid":{"rendered":"https:\/\/www.paparazzinews.com.br\/?p=15000"},"modified":"2024-12-31T16:57:27","modified_gmt":"2024-12-31T19:57:27","slug":"castilho-prefeito-e-vereadores-tomam-posse-em-sessao-publica-com-transmissao-ao-vivo","status":"publish","type":"post","link":"https:\/\/www.paparazzinews.com.br\/?p=15000","title":{"rendered":"Castilho: Prefeito e Vereadores Tomam Posse em Sess\u00e3o P\u00fablica com transmiss\u00e3o ao vivo"},"content":{"rendered":"\n<p>Nesta quarta-feira, 01 de janeiro, \u00e0s 10h, no Plen\u00e1rio da C\u00e2mara, ocorrer\u00e1 a sess\u00e3o de posse do prefeito Paulo Duarte Boaventura, que inicia seu segundo mandato, junto com o vice Jo\u00e3o Gabriel (Jo\u00e3o do Clineu). A solenidade ser\u00e1 aberta ao p\u00fablico e transmitida ao vivo pelo site do Roni Paparazzi no Facebook. <\/p>\n\n\n\n<p><strong>Os novos vereadores que tomar\u00e3o posse s\u00e3o:<\/strong><\/p>\n\n\n\n<p>Vereadores Eleitos<\/p>\n\n\n\n<ol class=\"wp-block-list\">\n<li>Daniel Batista de Oliveira (MDB) &#8211; 565 votos<\/li>\n\n\n\n<li>Lorinho (PP) &#8211; 466 votos<\/li>\n\n\n\n<li>Ti\u00e3o Japon\u00eas (UNI\u00c3O) &#8211; 451 votos<\/li>\n\n\n\n<li>Jo\u00e3o Paulo Ara\u00fajo (PP) &#8211; 450 votos<\/li>\n\n\n\n<li>Chic\u00e3o da Ambul\u00e2ncia (MDB) &#8211; 449 votos<\/li>\n\n\n\n<li>Odair Do Caminh\u00e3o (PP) &#8211; 408 votos<\/li>\n\n\n\n<li>Jo\u00e3o Do Espeto (AVANTE) &#8211; 407 votos<\/li>\n\n\n\n<li>Arapa Pintor (UNI\u00c3O) &#8211; 396 votos<\/li>\n\n\n\n<li>Itamar Vieira (PSB) &#8211; 317 votos<\/li>\n\n\n\n<li>Sam Borges (PSB) &#8211; 248 votos<\/li>\n\n\n\n<li>Val\u00e9ria F\u00e1vero (PP) &#8211; 230 votos<\/li>\n<\/ol>\n\n\n\n<p>Val\u00e9ria F\u00e1vero se tornar\u00e1 a primeira mulher a integrar o Legislativo castilhense desde a gest\u00e3o 2013-2017. Ap\u00f3s a sess\u00e3o de posse, ocorrer\u00e1 a elei\u00e7\u00e3o da Mesa Diretora para o bi\u00eanio 2025-2026, com Jo\u00e3o Paulo Ara\u00fajo como favorito para assumir a presid\u00eancia.<\/p>\n\n\n\n<p><strong><em><strong><em><strong><em><strong><em><strong><em><strong><em><strong><em><strong><em><strong><em><strong><em><strong><em><strong><em><strong><em><strong><em><strong><em><strong><em><strong><em><strong><em><strong><em><strong><em><strong><em><strong><em><strong><em><strong><em><strong><em><strong><em><strong><em><strong><em><strong><em><strong><em><strong><em><strong><em><strong><em><strong><em><strong><em><strong><em><strong><em><strong><em><strong><em><strong><em><strong><em><strong><em><strong><em><strong><em><strong><em><strong><em><strong><em><strong><em><strong><em><strong><em><strong><em><strong><em><strong><em><strong><em><strong><em><strong><em><strong><em><strong><em><strong><em><strong><em><strong><em><strong><em><strong><em><strong><em><strong>Siga nossas redes sociais no\u00a0<a href=\"https:\/\/www.instagram.com\/ronipaparazzi\/\">Instagram\u00a0<\/a>e\u00a0<a href=\"https:\/\/www.facebook.com\/ronipaparazzicomvoce\">Facebook<\/a>\u00a0participe da nossa comunidade do Canal Roni Paparazzi no Whatsapp e receba as principais not\u00edcias da regi\u00e3o de Ara\u00e7atuba do dia direto no seu celular.<\/strong>\u00a0<a href=\"https:\/\/chat.whatsapp.com\/GsG1XKo0jPOEfjzudWQcml\" target=\"_blank\" rel=\"noreferrer noopener\">\u00a0Clique aqui e se inscreva.<\/a><\/em><\/strong><\/em><\/strong><\/em><\/strong><\/em><\/strong><\/em><\/strong><\/em><\/strong><\/em><\/strong><\/em><\/strong><\/em><\/strong><\/em><\/strong><\/em><\/strong><\/em><\/strong><\/em><\/strong><\/em><\/strong><\/em><\/strong><\/em><\/strong><\/em><\/strong><\/em><\/strong><\/em><\/strong><\/em><\/strong><\/em><\/strong><\/em><\/strong><\/em><\/strong><\/em><\/strong><\/em><\/strong><\/em><\/strong><\/em><\/strong><\/em><\/strong><\/em><\/strong><\/em><\/strong><\/em><\/strong><\/em><\/strong><\/em><\/strong><\/em><\/strong><\/em><\/strong><\/em><\/strong><\/em><\/strong><\/em><\/strong><\/em><\/strong><\/em><\/strong><\/em><\/strong><\/em><\/strong><\/em><\/strong><\/em><\/strong><\/em><\/strong><\/em><\/strong><\/em><\/strong><\/em><\/strong><\/em><\/strong><\/em><\/strong><\/em><\/strong><\/em><\/strong><\/em><\/strong><\/em><\/strong><\/em><\/strong><\/em><\/strong><\/em><\/strong><\/em><\/strong><\/em><\/strong><\/em><\/strong><\/em><\/strong><\/em><\/strong><\/em><\/strong><\/em><\/strong><\/p>\n","protected":false},"excerpt":{"rendered":"<p>Nesta quarta-feira, 01 de janeiro, \u00e0s 10h, no Plen\u00e1rio da C\u00e2mara, ocorrer\u00e1 a sess\u00e3o de posse do prefeito Paulo Duarte Boaventura, que inicia seu segundo mandato, junto com o vice Jo\u00e3o Gabriel (Jo\u00e3o do Clineu). A solenidade ser\u00e1 aberta ao p\u00fablico e transmitida ao vivo pelo site do Roni Paparazzi no Facebook. Os novos vereadores &hellip;<\/p>\n","protected":false},"author":1,"featured_media":15001,"comment_status":"open","ping_status":"open","sticky":false,"template":"","format":"standard","meta":{"_jetpack_memberships_contains_paid_content":false,"footnotes":"","jetpack_publicize_message":"","jetpack_publicize_feature_enabled":true,"jetpack_social_post_already_shared":false,"jetpack_social_options":{"image_generator_settings":{"template":"highway","default_image_id":0,"enabled":false},"version":2}},"categories":[7],"tags":[],"class_list":["post-15000","post","type-post","status-publish","format-standard","has-post-thumbnail","hentry","category-politica"],"jetpack_publicize_connections":[],"jetpack_featured_media_url":"https:\/\/i0.wp.com\/www.paparazzinews.com.br\/wp-content\/uploads\/2024\/12\/bbb12b3f-a512-4821-81cc-705a3291658f.jpeg?fit=1600%2C1066&ssl=1","views":"889","jetpack_likes_enabled":true,"jetpack_sharing_enabled":true,"_links":{"self":[{"href":"https:\/\/www.paparazzinews.com.br\/index.php?rest_route=\/wp\/v2\/posts\/15000","targetHints":{"allow":["GET"]}}],"collection":[{"href":"https:\/\/www.paparazzinews.com.br\/index.php?rest_route=\/wp\/v2\/posts"}],"about":[{"href":"https:\/\/www.paparazzinews.com.br\/index.php?rest_route=\/wp\/v2\/types\/post"}],"author":[{"embeddable":true,"href":"https:\/\/www.paparazzinews.com.br\/index.php?rest_route=\/wp\/v2\/users\/1"}],"replies":[{"embeddable":true,"href":"https:\/\/www.paparazzinews.com.br\/index.php?rest_route=%2Fwp%2Fv2%2Fcomments&post=15000"}],"version-history":[{"count":1,"href":"https:\/\/www.paparazzinews.com.br\/index.php?rest_route=\/wp\/v2\/posts\/15000\/revisions"}],"predecessor-version":[{"id":15002,"href":"https:\/\/www.paparazzinews.com.br\/index.php?rest_route=\/wp\/v2\/posts\/15000\/revisions\/15002"}],"wp:featuredmedia":[{"embeddable":true,"href":"https:\/\/www.paparazzinews.com.br\/index.php?rest_route=\/wp\/v2\/media\/15001"}],"wp:attachment":[{"href":"https:\/\/www.paparazzinews.com.br\/index.php?rest_route=%2Fwp%2Fv2%2Fmedia&parent=15000"}],"wp:term":[{"taxonomy":"category","embeddable":true,"href":"https:\/\/www.paparazzinews.com.br\/index.php?rest_route=%2Fwp%2Fv2%2Fcategories&post=15000"},{"taxonomy":"post_tag","embeddable":true,"href":"https:\/\/www.paparazzinews.com.br\/index.php?rest_route=%2Fwp%2Fv2%2Ftags&post=15000"}],"curies":[{"name":"wp","href":"https:\/\/api.w.org\/{rel}","templated":true}]}}