{"id":14976,"date":"2024-12-31T11:15:15","date_gmt":"2024-12-31T14:15:15","guid":{"rendered":"https:\/\/www.paparazzinews.com.br\/?p=14976"},"modified":"2024-12-31T11:15:16","modified_gmt":"2024-12-31T14:15:16","slug":"sao-paulo-lidera-conservacao-ambiental-com-25-do-territorio-preservado","status":"publish","type":"post","link":"https:\/\/www.paparazzinews.com.br\/?p=14976","title":{"rendered":"S\u00e3o Paulo lidera conserva\u00e7\u00e3o ambiental com 25% do territ\u00f3rio preservado"},"content":{"rendered":"\n<p>O Estado de S\u00e3o Paulo se destaca na agenda de conserva\u00e7\u00e3o territorial da agropecu\u00e1ria nacional. Com 25% de seu territ\u00f3rio preservado, supera os 20% exigidos pelo C\u00f3digo Florestal Brasileiro. Essa conquista \u00e9 resultado do esfor\u00e7o conjunto entre o governo estadual e os produtores rurais paulistas para validarem o Cadastro Ambiental Rural (CAR). A informa\u00e7\u00e3o \u00e9 do Roni Paparazzi e <\/p>\n\n\n\n<p><strong>Principais avan\u00e7os<\/strong><\/p>\n\n\n\n<ul class=\"wp-block-list\">\n<li>Mais de 432 mil cadastros ativos no CAR.<\/li>\n\n\n\n<li>81 mil cadastros j\u00e1 validados e 20 mil em processo de valida\u00e7\u00e3o.<\/li>\n\n\n\n<li>Meta de 100 mil cadastros validados at\u00e9 o final de 2024.<\/li>\n<\/ul>\n\n\n\n<p><strong>Benef\u00edcios do CAR<\/strong><\/p>\n\n\n\n<ul class=\"wp-block-list\">\n<li>Acesso a cr\u00e9ditos e incentivos.<\/li>\n\n\n\n<li>Redu\u00e7\u00e3o de taxas de juros para recupera\u00e7\u00e3o de pastagens.<\/li>\n\n\n\n<li>Premia\u00e7\u00e3o para pr\u00e1ticas agropecu\u00e1rias sustent\u00e1veis.<\/li>\n\n\n\n<li>Monitoramento de \u00e1reas de vegeta\u00e7\u00e3o nativa.<\/li>\n<\/ul>\n\n\n\n<p><strong>Impacto ambiental<\/strong><\/p>\n\n\n\n<ul class=\"wp-block-list\">\n<li>Preserva\u00e7\u00e3o de \u00e1reas de vegeta\u00e7\u00e3o nativa.<\/li>\n\n\n\n<li>Recupera\u00e7\u00e3o de \u00e1reas degradadas.<\/li>\n\n\n\n<li>Conserva\u00e7\u00e3o de recursos h\u00eddricos.<\/li>\n<\/ul>\n\n\n\n<p><strong>Refer\u00eancias<\/strong><\/p>\n\n\n\n<p>Para mais informa\u00e7\u00f5es, acesse o site da Secretaria de Agricultura e Abastecimento do Governo do Estado de S\u00e3o Paulo.<\/p>\n\n\n\n<p><strong><em><strong><em><strong><em><strong><em><strong><em><strong><em><strong><em><strong><em><strong><em><strong><em><strong><em><strong><em><strong><em><strong><em><strong><em><strong><em><strong><em><strong><em><strong><em><strong><em><strong><em><strong><em><strong><em><strong><em><strong><em><strong><em><strong><em><strong><em><strong><em><strong><em><strong><em><strong><em><strong><em><strong><em><strong><em><strong><em><strong><em><strong><em><strong><em><strong><em><strong><em><strong><em><strong><em><strong><em><strong><em><strong><em><strong><em><strong><em><strong><em><strong><em><strong><em><strong><em><strong><em><strong><em><strong><em><strong><em><strong><em><strong><em><strong><em><strong><em><strong><em><strong><em><strong><em><strong><em><strong>Siga nossas redes sociais no\u00a0<a href=\"https:\/\/www.instagram.com\/ronipaparazzi\/\">Instagram\u00a0<\/a>e\u00a0<a href=\"https:\/\/www.facebook.com\/ronipaparazzicomvoce\">Facebook<\/a>\u00a0participe da nossa comunidade do Canal Roni Paparazzi no Whatsapp e receba as principais not\u00edcias da regi\u00e3o de Ara\u00e7atuba do dia direto no seu celular.<\/strong>\u00a0<a href=\"https:\/\/chat.whatsapp.com\/GsG1XKo0jPOEfjzudWQcml\" target=\"_blank\" rel=\"noreferrer noopener\">\u00a0Clique aqui e se inscreva.<\/a><\/em><\/strong><\/em><\/strong><\/em><\/strong><\/em><\/strong><\/em><\/strong><\/em><\/strong><\/em><\/strong><\/em><\/strong><\/em><\/strong><\/em><\/strong><\/em><\/strong><\/em><\/strong><\/em><\/strong><\/em><\/strong><\/em><\/strong><\/em><\/strong><\/em><\/strong><\/em><\/strong><\/em><\/strong><\/em><\/strong><\/em><\/strong><\/em><\/strong><\/em><\/strong><\/em><\/strong><\/em><\/strong><\/em><\/strong><\/em><\/strong><\/em><\/strong><\/em><\/strong><\/em><\/strong><\/em><\/strong><\/em><\/strong><\/em><\/strong><\/em><\/strong><\/em><\/strong><\/em><\/strong><\/em><\/strong><\/em><\/strong><\/em><\/strong><\/em><\/strong><\/em><\/strong><\/em><\/strong><\/em><\/strong><\/em><\/strong><\/em><\/strong><\/em><\/strong><\/em><\/strong><\/em><\/strong><\/em><\/strong><\/em><\/strong><\/em><\/strong><\/em><\/strong><\/em><\/strong><\/em><\/strong><\/em><\/strong><\/em><\/strong><\/em><\/strong><\/em><\/strong><\/em><\/strong><\/em><\/strong><\/em><\/strong><\/em><\/strong><\/em><\/strong><\/em><\/strong><\/p>\n","protected":false},"excerpt":{"rendered":"<p>O Estado de S\u00e3o Paulo se destaca na agenda de conserva\u00e7\u00e3o territorial da agropecu\u00e1ria nacional. Com 25% de seu territ\u00f3rio preservado, supera os 20% exigidos pelo C\u00f3digo Florestal Brasileiro. Essa conquista \u00e9 resultado do esfor\u00e7o conjunto entre o governo estadual e os produtores rurais paulistas para validarem o Cadastro Ambiental Rural (CAR). A informa\u00e7\u00e3o \u00e9 &hellip;<\/p>\n","protected":false},"author":1,"featured_media":14977,"comment_status":"open","ping_status":"open","sticky":false,"template":"","format":"standard","meta":{"_jetpack_memberships_contains_paid_content":false,"footnotes":"","jetpack_publicize_message":"","jetpack_publicize_feature_enabled":true,"jetpack_social_post_already_shared":false,"jetpack_social_options":{"image_generator_settings":{"template":"highway","default_image_id":0,"enabled":false},"version":2}},"categories":[4],"tags":[],"class_list":["post-14976","post","type-post","status-publish","format-standard","has-post-thumbnail","hentry","category-regiao"],"jetpack_publicize_connections":[],"jetpack_featured_media_url":"https:\/\/i0.wp.com\/www.paparazzinews.com.br\/wp-content\/uploads\/2024\/12\/Amendoim-1024x768-1.jpg?fit=1024%2C768&ssl=1","views":"697","jetpack_likes_enabled":true,"jetpack_sharing_enabled":true,"_links":{"self":[{"href":"https:\/\/www.paparazzinews.com.br\/index.php?rest_route=\/wp\/v2\/posts\/14976","targetHints":{"allow":["GET"]}}],"collection":[{"href":"https:\/\/www.paparazzinews.com.br\/index.php?rest_route=\/wp\/v2\/posts"}],"about":[{"href":"https:\/\/www.paparazzinews.com.br\/index.php?rest_route=\/wp\/v2\/types\/post"}],"author":[{"embeddable":true,"href":"https:\/\/www.paparazzinews.com.br\/index.php?rest_route=\/wp\/v2\/users\/1"}],"replies":[{"embeddable":true,"href":"https:\/\/www.paparazzinews.com.br\/index.php?rest_route=%2Fwp%2Fv2%2Fcomments&post=14976"}],"version-history":[{"count":1,"href":"https:\/\/www.paparazzinews.com.br\/index.php?rest_route=\/wp\/v2\/posts\/14976\/revisions"}],"predecessor-version":[{"id":14978,"href":"https:\/\/www.paparazzinews.com.br\/index.php?rest_route=\/wp\/v2\/posts\/14976\/revisions\/14978"}],"wp:featuredmedia":[{"embeddable":true,"href":"https:\/\/www.paparazzinews.com.br\/index.php?rest_route=\/wp\/v2\/media\/14977"}],"wp:attachment":[{"href":"https:\/\/www.paparazzinews.com.br\/index.php?rest_route=%2Fwp%2Fv2%2Fmedia&parent=14976"}],"wp:term":[{"taxonomy":"category","embeddable":true,"href":"https:\/\/www.paparazzinews.com.br\/index.php?rest_route=%2Fwp%2Fv2%2Fcategories&post=14976"},{"taxonomy":"post_tag","embeddable":true,"href":"https:\/\/www.paparazzinews.com.br\/index.php?rest_route=%2Fwp%2Fv2%2Ftags&post=14976"}],"curies":[{"name":"wp","href":"https:\/\/api.w.org\/{rel}","templated":true}]}}