{"id":14958,"date":"2024-12-31T10:19:59","date_gmt":"2024-12-31T13:19:59","guid":{"rendered":"https:\/\/www.paparazzinews.com.br\/?p=14958"},"modified":"2024-12-31T10:20:00","modified_gmt":"2024-12-31T13:20:00","slug":"calendario-escolar-2025-confira-as-principais-datas-da-rede-estadual-de-sao-paulo","status":"publish","type":"post","link":"https:\/\/www.paparazzinews.com.br\/?p=14958","title":{"rendered":"Calend\u00e1rio Escolar 2025: Confira as principais datas da rede estadual de S\u00e3o Paulo"},"content":{"rendered":"\n<p>O calend\u00e1rio escolar para o ano letivo de 2025 da rede estadual de ensino de S\u00e3o Paulo j\u00e1 est\u00e1 dispon\u00edvel. A informa\u00e7\u00e3o \u00e9 do Roni Paparazzi e Foto: Divulga\u00e7\u00e3o\/Governo de SP. Confira abaixo as principais datas:<\/p>\n\n\n\n<p><strong>Datas importantes<\/strong><\/p>\n\n\n\n<ul class=\"wp-block-list\">\n<li>In\u00edcio das aulas: 3 de fevereiro<\/li>\n\n\n\n<li>Recesso de meio: 3 a 22 de julho<\/li>\n\n\n\n<li>T\u00e9rmino das atividades escolares: 12 de dezembro<\/li>\n<\/ul>\n\n\n\n<p><strong>Bimestres<\/strong><\/p>\n\n\n\n<ol class=\"wp-block-list\">\n<li>1\u00ba Bimestre: 3 de fevereiro a 15 de abril<\/li>\n\n\n\n<li>2\u00ba Bimestre: 16 de abril a 2 de julho<\/li>\n\n\n\n<li>3\u00ba Bimestre: 23 de julho a 30 de setembro<\/li>\n\n\n\n<li>4\u00ba Bimestre: 1 de outubro a 12 de dezembro<\/li>\n<\/ol>\n\n\n\n<p><strong>Avalia\u00e7\u00f5es e provas<\/strong><\/p>\n\n\n\n<ul class=\"wp-block-list\">\n<li>Prova Paulista: ao final dos tr\u00eas primeiros bimestres<\/li>\n\n\n\n<li>Olimp\u00edadas de Matem\u00e1tica: 5 a 9 de maio<\/li>\n\n\n\n<li>Olimp\u00edadas de Reda\u00e7\u00e3o: 20, 21 e 26 a 29 de agosto<\/li>\n\n\n\n<li>Recupera\u00e7\u00e3o semestral: 6 a 8 de agosto e 8 a 10 de dezembro<\/li>\n<\/ul>\n\n\n\n<p><strong>Planejamento escolar<\/strong><\/p>\n\n\n\n<ul class=\"wp-block-list\">\n<li>29, 30 e 31 de janeiro: planejamento inicial<\/li>\n\n\n\n<li>18, 21 e 22 de julho: planejamento de meio per\u00edodo<\/li>\n<\/ul>\n\n\n\n<p>Essas datas s\u00e3o fundamentais para os estudantes, pais e professores se organizarem para o novo ano letivo. O calend\u00e1rio completo est\u00e1 dispon\u00edvel no Di\u00e1rio Oficial do Estado (DOE).<\/p>\n\n\n\n<p><strong><em><strong><em><strong><em><strong><em><strong><em><strong><em><strong><em><strong><em><strong><em><strong><em><strong><em><strong><em><strong><em><strong><em><strong><em><strong><em><strong><em><strong><em><strong><em><strong><em><strong><em><strong><em><strong><em><strong><em><strong><em><strong><em><strong><em><strong><em><strong><em><strong><em><strong><em><strong><em><strong><em><strong><em><strong><em><strong><em><strong><em><strong><em><strong><em><strong><em><strong><em><strong><em><strong><em><strong><em><strong><em><strong><em><strong><em><strong><em><strong><em><strong><em><strong><em><strong><em><strong><em><strong><em><strong><em><strong><em><strong><em><strong><em><strong><em><strong><em><strong><em><strong><em><strong><em><strong><em><strong>Siga nossas redes sociais no\u00a0<a href=\"https:\/\/www.instagram.com\/ronipaparazzi\/\">Instagram\u00a0<\/a>e\u00a0<a href=\"https:\/\/www.facebook.com\/ronipaparazzicomvoce\">Facebook<\/a>\u00a0participe da nossa comunidade do Canal Roni Paparazzi no Whatsapp e receba as principais not\u00edcias da regi\u00e3o de Ara\u00e7atuba do dia direto no seu celular.<\/strong>\u00a0<a href=\"https:\/\/chat.whatsapp.com\/GsG1XKo0jPOEfjzudWQcml\" target=\"_blank\" rel=\"noreferrer noopener\">\u00a0Clique aqui e se inscreva.<\/a><\/em><\/strong><\/em><\/strong><\/em><\/strong><\/em><\/strong><\/em><\/strong><\/em><\/strong><\/em><\/strong><\/em><\/strong><\/em><\/strong><\/em><\/strong><\/em><\/strong><\/em><\/strong><\/em><\/strong><\/em><\/strong><\/em><\/strong><\/em><\/strong><\/em><\/strong><\/em><\/strong><\/em><\/strong><\/em><\/strong><\/em><\/strong><\/em><\/strong><\/em><\/strong><\/em><\/strong><\/em><\/strong><\/em><\/strong><\/em><\/strong><\/em><\/strong><\/em><\/strong><\/em><\/strong><\/em><\/strong><\/em><\/strong><\/em><\/strong><\/em><\/strong><\/em><\/strong><\/em><\/strong><\/em><\/strong><\/em><\/strong><\/em><\/strong><\/em><\/strong><\/em><\/strong><\/em><\/strong><\/em><\/strong><\/em><\/strong><\/em><\/strong><\/em><\/strong><\/em><\/strong><\/em><\/strong><\/em><\/strong><\/em><\/strong><\/em><\/strong><\/em><\/strong><\/em><\/strong><\/em><\/strong><\/em><\/strong><\/em><\/strong><\/em><\/strong><\/em><\/strong><\/em><\/strong><\/em><\/strong><\/em><\/strong><\/em><\/strong><\/em><\/strong><\/em><\/strong><\/p>\n","protected":false},"excerpt":{"rendered":"<p>O calend\u00e1rio escolar para o ano letivo de 2025 da rede estadual de ensino de S\u00e3o Paulo j\u00e1 est\u00e1 dispon\u00edvel. A informa\u00e7\u00e3o \u00e9 do Roni Paparazzi e Foto: Divulga\u00e7\u00e3o\/Governo de SP. Confira abaixo as principais datas: Datas importantes In\u00edcio das aulas: 3 de fevereiro Recesso de meio: 3 a 22 de julho T\u00e9rmino das atividades &hellip;<\/p>\n","protected":false},"author":1,"featured_media":14959,"comment_status":"open","ping_status":"open","sticky":false,"template":"","format":"standard","meta":{"_jetpack_memberships_contains_paid_content":false,"footnotes":"","jetpack_publicize_message":"","jetpack_publicize_feature_enabled":true,"jetpack_social_post_already_shared":false,"jetpack_social_options":{"image_generator_settings":{"template":"highway","default_image_id":0,"enabled":false},"version":2}},"categories":[4],"tags":[],"class_list":["post-14958","post","type-post","status-publish","format-standard","has-post-thumbnail","hentry","category-regiao"],"jetpack_publicize_connections":[],"jetpack_featured_media_url":"https:\/\/i0.wp.com\/www.paparazzinews.com.br\/wp-content\/uploads\/2024\/12\/Estudante-1024x683-1.jpg?fit=1024%2C683&ssl=1","views":"858","jetpack_likes_enabled":true,"jetpack_sharing_enabled":true,"_links":{"self":[{"href":"https:\/\/www.paparazzinews.com.br\/index.php?rest_route=\/wp\/v2\/posts\/14958","targetHints":{"allow":["GET"]}}],"collection":[{"href":"https:\/\/www.paparazzinews.com.br\/index.php?rest_route=\/wp\/v2\/posts"}],"about":[{"href":"https:\/\/www.paparazzinews.com.br\/index.php?rest_route=\/wp\/v2\/types\/post"}],"author":[{"embeddable":true,"href":"https:\/\/www.paparazzinews.com.br\/index.php?rest_route=\/wp\/v2\/users\/1"}],"replies":[{"embeddable":true,"href":"https:\/\/www.paparazzinews.com.br\/index.php?rest_route=%2Fwp%2Fv2%2Fcomments&post=14958"}],"version-history":[{"count":1,"href":"https:\/\/www.paparazzinews.com.br\/index.php?rest_route=\/wp\/v2\/posts\/14958\/revisions"}],"predecessor-version":[{"id":14960,"href":"https:\/\/www.paparazzinews.com.br\/index.php?rest_route=\/wp\/v2\/posts\/14958\/revisions\/14960"}],"wp:featuredmedia":[{"embeddable":true,"href":"https:\/\/www.paparazzinews.com.br\/index.php?rest_route=\/wp\/v2\/media\/14959"}],"wp:attachment":[{"href":"https:\/\/www.paparazzinews.com.br\/index.php?rest_route=%2Fwp%2Fv2%2Fmedia&parent=14958"}],"wp:term":[{"taxonomy":"category","embeddable":true,"href":"https:\/\/www.paparazzinews.com.br\/index.php?rest_route=%2Fwp%2Fv2%2Fcategories&post=14958"},{"taxonomy":"post_tag","embeddable":true,"href":"https:\/\/www.paparazzinews.com.br\/index.php?rest_route=%2Fwp%2Fv2%2Ftags&post=14958"}],"curies":[{"name":"wp","href":"https:\/\/api.w.org\/{rel}","templated":true}]}}