{"id":14952,"date":"2024-12-31T09:55:57","date_gmt":"2024-12-31T12:55:57","guid":{"rendered":"https:\/\/www.paparazzinews.com.br\/?p=14952"},"modified":"2024-12-31T09:55:58","modified_gmt":"2024-12-31T12:55:58","slug":"programa-sao-paulo-sao-libras-registra-mais-de-77-mil-atendimentos-em-2024","status":"publish","type":"post","link":"https:\/\/www.paparazzinews.com.br\/?p=14952","title":{"rendered":"Programa S\u00e3o Paulo S\u00e3o Libras registra mais de 7,7 mil atendimentos em 2024"},"content":{"rendered":"\n<p>O Programa S\u00e3o Paulo S\u00e3o Libras, lan\u00e7ado em outubro de 2023, alcan\u00e7ou expressivos resultados em 2024. Foram realizados mais de 7,7 mil atendimentos, um aumento significativo em rela\u00e7\u00e3o aos primeiros meses de implanta\u00e7\u00e3o. Isso representa uma procura cinco vezes maior, consolidando o servi\u00e7o como refer\u00eancia em tradu\u00e7\u00e3o e interpreta\u00e7\u00e3o em L\u00edngua Brasileira de Sinais (Libras) no estado. A informa\u00e7\u00e3o \u00e9 do Roni Paparazzi e Foto: Secretaria dos Direitos da Pessoa com Defici\u00eancia\/Governo de SP.<\/p>\n\n\n\n<p>O programa oferece servi\u00e7o de interpreta\u00e7\u00e3o por videochamada e est\u00e1 presente em diversos \u00f3rg\u00e3os p\u00fablicos, como delegacias, Postos de Atendimentos ao Trabalhador (PATs), Poupatempo e na Defensoria P\u00fablica de S\u00e3o Paulo. Al\u00e9m disso, esteve presente nos dois turnos das elei\u00e7\u00f5es municipais do estado de SP, ap\u00f3s acordo firmado entre a Secretaria de Estado dos Direitos da Pessoa com Defici\u00eancia (SEDPcD) e o Tribunal Regional Eleitoral de S\u00e3o Paulo (TRE-SP).<\/p>\n\n\n\n<p>De acordo com o secret\u00e1rio de Estado dos Direitos da Pessoa com Defici\u00eancia, Marcos da Costa, o programa reflete o compromisso do governo paulista com a acessibilidade e a igualdade de oportunidades. &#8220;O S\u00e3o Paulo S\u00e3o Libras \u00e9 um exemplo de inova\u00e7\u00e3o tecnol\u00f3gica a servi\u00e7o da acessibilidade comunicacional. Os resultados alcan\u00e7ados em 2024 provam que estamos no caminho certo para garantir que a comunidade surda tenha acesso pleno aos seus direitos.&#8221;<\/p>\n\n\n\n<p><strong><em><strong><em><strong><em><strong><em><strong><em><strong><em><strong><em><strong><em><strong><em><strong><em><strong><em><strong><em><strong><em><strong><em><strong><em><strong><em><strong><em><strong><em><strong><em><strong><em><strong><em><strong><em><strong><em><strong><em><strong><em><strong><em><strong><em><strong><em><strong><em><strong><em><strong><em><strong><em><strong><em><strong><em><strong><em><strong><em><strong><em><strong><em><strong><em><strong><em><strong><em><strong><em><strong><em><strong><em><strong><em><strong><em><strong><em><strong><em><strong><em><strong><em><strong><em><strong><em><strong><em><strong><em><strong><em><strong><em><strong><em><strong><em><strong><em><strong><em><strong><em><strong><em><strong><em><strong><em><strong>Siga nossas redes sociais no\u00a0<a href=\"https:\/\/www.instagram.com\/ronipaparazzi\/\">Instagram\u00a0<\/a>e\u00a0<a href=\"https:\/\/www.facebook.com\/ronipaparazzicomvoce\">Facebook<\/a>\u00a0participe da nossa comunidade do Canal Roni Paparazzi no Whatsapp e receba as principais not\u00edcias da regi\u00e3o de Ara\u00e7atuba do dia direto no seu celular.<\/strong>\u00a0<a href=\"https:\/\/chat.whatsapp.com\/GsG1XKo0jPOEfjzudWQcml\" target=\"_blank\" rel=\"noreferrer noopener\">\u00a0Clique aqui e se inscreva.<\/a><\/em><\/strong><\/em><\/strong><\/em><\/strong><\/em><\/strong><\/em><\/strong><\/em><\/strong><\/em><\/strong><\/em><\/strong><\/em><\/strong><\/em><\/strong><\/em><\/strong><\/em><\/strong><\/em><\/strong><\/em><\/strong><\/em><\/strong><\/em><\/strong><\/em><\/strong><\/em><\/strong><\/em><\/strong><\/em><\/strong><\/em><\/strong><\/em><\/strong><\/em><\/strong><\/em><\/strong><\/em><\/strong><\/em><\/strong><\/em><\/strong><\/em><\/strong><\/em><\/strong><\/em><\/strong><\/em><\/strong><\/em><\/strong><\/em><\/strong><\/em><\/strong><\/em><\/strong><\/em><\/strong><\/em><\/strong><\/em><\/strong><\/em><\/strong><\/em><\/strong><\/em><\/strong><\/em><\/strong><\/em><\/strong><\/em><\/strong><\/em><\/strong><\/em><\/strong><\/em><\/strong><\/em><\/strong><\/em><\/strong><\/em><\/strong><\/em><\/strong><\/em><\/strong><\/em><\/strong><\/em><\/strong><\/em><\/strong><\/em><\/strong><\/em><\/strong><\/em><\/strong><\/em><\/strong><\/em><\/strong><\/em><\/strong><\/em><\/strong><\/em><\/strong><\/em><\/strong><\/p>\n","protected":false},"excerpt":{"rendered":"<p>O Programa S\u00e3o Paulo S\u00e3o Libras, lan\u00e7ado em outubro de 2023, alcan\u00e7ou expressivos resultados em 2024. Foram realizados mais de 7,7 mil atendimentos, um aumento significativo em rela\u00e7\u00e3o aos primeiros meses de implanta\u00e7\u00e3o. Isso representa uma procura cinco vezes maior, consolidando o servi\u00e7o como refer\u00eancia em tradu\u00e7\u00e3o e interpreta\u00e7\u00e3o em L\u00edngua Brasileira de Sinais (Libras) &hellip;<\/p>\n","protected":false},"author":1,"featured_media":14954,"comment_status":"open","ping_status":"open","sticky":false,"template":"","format":"standard","meta":{"_jetpack_memberships_contains_paid_content":false,"footnotes":"","jetpack_publicize_message":"","jetpack_publicize_feature_enabled":true,"jetpack_social_post_already_shared":false,"jetpack_social_options":{"image_generator_settings":{"template":"highway","default_image_id":0,"enabled":false},"version":2}},"categories":[4],"tags":[],"class_list":["post-14952","post","type-post","status-publish","format-standard","has-post-thumbnail","hentry","category-regiao"],"jetpack_publicize_connections":[],"jetpack_featured_media_url":"https:\/\/i0.wp.com\/www.paparazzinews.com.br\/wp-content\/uploads\/2024\/12\/Sao-Paulo-Sao-Libras-e1724353249880-1024x638-1.jpg?fit=1024%2C638&ssl=1","views":"724","jetpack_likes_enabled":true,"jetpack_sharing_enabled":true,"_links":{"self":[{"href":"https:\/\/www.paparazzinews.com.br\/index.php?rest_route=\/wp\/v2\/posts\/14952","targetHints":{"allow":["GET"]}}],"collection":[{"href":"https:\/\/www.paparazzinews.com.br\/index.php?rest_route=\/wp\/v2\/posts"}],"about":[{"href":"https:\/\/www.paparazzinews.com.br\/index.php?rest_route=\/wp\/v2\/types\/post"}],"author":[{"embeddable":true,"href":"https:\/\/www.paparazzinews.com.br\/index.php?rest_route=\/wp\/v2\/users\/1"}],"replies":[{"embeddable":true,"href":"https:\/\/www.paparazzinews.com.br\/index.php?rest_route=%2Fwp%2Fv2%2Fcomments&post=14952"}],"version-history":[{"count":1,"href":"https:\/\/www.paparazzinews.com.br\/index.php?rest_route=\/wp\/v2\/posts\/14952\/revisions"}],"predecessor-version":[{"id":14953,"href":"https:\/\/www.paparazzinews.com.br\/index.php?rest_route=\/wp\/v2\/posts\/14952\/revisions\/14953"}],"wp:featuredmedia":[{"embeddable":true,"href":"https:\/\/www.paparazzinews.com.br\/index.php?rest_route=\/wp\/v2\/media\/14954"}],"wp:attachment":[{"href":"https:\/\/www.paparazzinews.com.br\/index.php?rest_route=%2Fwp%2Fv2%2Fmedia&parent=14952"}],"wp:term":[{"taxonomy":"category","embeddable":true,"href":"https:\/\/www.paparazzinews.com.br\/index.php?rest_route=%2Fwp%2Fv2%2Fcategories&post=14952"},{"taxonomy":"post_tag","embeddable":true,"href":"https:\/\/www.paparazzinews.com.br\/index.php?rest_route=%2Fwp%2Fv2%2Ftags&post=14952"}],"curies":[{"name":"wp","href":"https:\/\/api.w.org\/{rel}","templated":true}]}}