{"id":1494,"date":"2022-12-22T16:40:05","date_gmt":"2022-12-22T19:40:05","guid":{"rendered":"https:\/\/www.paparazzinews.com.br\/?p=1494"},"modified":"2022-12-22T16:40:06","modified_gmt":"2022-12-22T19:40:06","slug":"prefeitura-de-andradina-anuncia-funcionamento-do-final-de-ano","status":"publish","type":"post","link":"https:\/\/www.paparazzinews.com.br\/?p=1494","title":{"rendered":"Prefeitura de Andradina anuncia funcionamento do final de ano"},"content":{"rendered":"\n<p>Os servi\u00e7os municipais operam em um esquema especial em fun\u00e7\u00e3o das festas de fim de ano. Os servi\u00e7os essenciais n\u00e3o ter\u00e3o altera\u00e7\u00f5es mas haver\u00e1 pontos facultativos para outros setores como o Pa\u00e7o Municipal.<\/p>\n\n\n\n<p>A Prefeitura de Andradina informa que devido ao feriado do dia de Natal neste domingo (25) e de Ano Novo (1\u00ba), os pontos facultativos acontecem nesta sexta-feira (23) e na segunda (26) Para o Ano Novo os pontos facultativos acontecem na sexta (29) e na segunda (2).<\/p>\n\n\n\n<p>A abertura no per\u00edodo entre as festas vai permitir que os mun\u00edcipes posam ter acesso aos servi\u00e7os oferecidos no Pa\u00e7o Municipal, principalmente para quem procura regularizar suas pendencias de tributos e taxas municipais, cuja procura cresce no final do ano.<\/p>\n\n\n\n<p><strong>Feiras<\/strong><br>Devido a proximidade das festas de Natal e Ano Novo as feiras realizadas na \u00e1rea central de Andradina, tendo como refer\u00eancia o cruzamento das ruas Cear\u00e1 e Rodrigues Alves mudam de data e hor\u00e1rios para os s\u00e1bados 24 e 31 de dezembro, sendo realizadas no per\u00edodo das 6h \u00e0s 15h na Pra\u00e7a Stelio Machado Loureiro, popularmente conhecida como Pra\u00e7a do Teodoro.<\/p>\n","protected":false},"excerpt":{"rendered":"<p>Os servi\u00e7os municipais operam em um esquema especial em fun\u00e7\u00e3o das festas de fim de ano. Os servi\u00e7os essenciais n\u00e3o ter\u00e3o altera\u00e7\u00f5es mas haver\u00e1 pontos facultativos para outros setores como o Pa\u00e7o Municipal. A Prefeitura de Andradina informa que devido ao feriado do dia de Natal neste domingo (25) e de Ano Novo (1\u00ba), os &hellip;<\/p>\n","protected":false},"author":1,"featured_media":1495,"comment_status":"open","ping_status":"open","sticky":false,"template":"","format":"standard","meta":{"_jetpack_memberships_contains_paid_content":false,"footnotes":"","jetpack_publicize_message":"","jetpack_publicize_feature_enabled":true,"jetpack_social_post_already_shared":false,"jetpack_social_options":{"image_generator_settings":{"template":"highway","default_image_id":0,"enabled":false},"version":2}},"categories":[4],"tags":[],"class_list":["post-1494","post","type-post","status-publish","format-standard","has-post-thumbnail","hentry","category-regiao"],"jetpack_publicize_connections":[],"jetpack_featured_media_url":"https:\/\/i0.wp.com\/www.paparazzinews.com.br\/wp-content\/uploads\/2022\/12\/570ea5c5-b5e9-4dad-9c3f-be94cebcb29c.jpg?fit=500%2C333&ssl=1","views":"2358","jetpack_likes_enabled":true,"jetpack_sharing_enabled":true,"_links":{"self":[{"href":"https:\/\/www.paparazzinews.com.br\/index.php?rest_route=\/wp\/v2\/posts\/1494","targetHints":{"allow":["GET"]}}],"collection":[{"href":"https:\/\/www.paparazzinews.com.br\/index.php?rest_route=\/wp\/v2\/posts"}],"about":[{"href":"https:\/\/www.paparazzinews.com.br\/index.php?rest_route=\/wp\/v2\/types\/post"}],"author":[{"embeddable":true,"href":"https:\/\/www.paparazzinews.com.br\/index.php?rest_route=\/wp\/v2\/users\/1"}],"replies":[{"embeddable":true,"href":"https:\/\/www.paparazzinews.com.br\/index.php?rest_route=%2Fwp%2Fv2%2Fcomments&post=1494"}],"version-history":[{"count":1,"href":"https:\/\/www.paparazzinews.com.br\/index.php?rest_route=\/wp\/v2\/posts\/1494\/revisions"}],"predecessor-version":[{"id":1496,"href":"https:\/\/www.paparazzinews.com.br\/index.php?rest_route=\/wp\/v2\/posts\/1494\/revisions\/1496"}],"wp:featuredmedia":[{"embeddable":true,"href":"https:\/\/www.paparazzinews.com.br\/index.php?rest_route=\/wp\/v2\/media\/1495"}],"wp:attachment":[{"href":"https:\/\/www.paparazzinews.com.br\/index.php?rest_route=%2Fwp%2Fv2%2Fmedia&parent=1494"}],"wp:term":[{"taxonomy":"category","embeddable":true,"href":"https:\/\/www.paparazzinews.com.br\/index.php?rest_route=%2Fwp%2Fv2%2Fcategories&post=1494"},{"taxonomy":"post_tag","embeddable":true,"href":"https:\/\/www.paparazzinews.com.br\/index.php?rest_route=%2Fwp%2Fv2%2Ftags&post=1494"}],"curies":[{"name":"wp","href":"https:\/\/api.w.org\/{rel}","templated":true}]}}