{"id":14903,"date":"2024-12-27T16:53:26","date_gmt":"2024-12-27T19:53:26","guid":{"rendered":"https:\/\/www.paparazzinews.com.br\/?p=14903"},"modified":"2024-12-27T16:53:27","modified_gmt":"2024-12-27T19:53:27","slug":"governo-de-sao-paulo-emite-846-mil-carteiras-para-pessoas-com-transtorno-do-espectro-autista","status":"publish","type":"post","link":"https:\/\/www.paparazzinews.com.br\/?p=14903","title":{"rendered":"Governo de S\u00e3o Paulo emite 84,6 mil carteiras para pessoas com Transtorno do Espectro Autista"},"content":{"rendered":"\n<p>O Governo de S\u00e3o Paulo alcan\u00e7ou uma marca significativa na inclus\u00e3o social ao emitir 84,6 mil Carteiras de Identifica\u00e7\u00e3o da Pessoa com Transtorno do Espectro Autista (CipTEA) desde abril de 2023. Essa iniciativa, parte do Plano Estadual Integrado para Pessoas com Transtorno do Espectro do Autismo (PEIPTEA), facilita o acesso a direitos como atendimento preferencial em servi\u00e7os p\u00fablicos e privados. A informa\u00e7\u00e3o \u00e9 do Roni Paparazzi e Foto: Governo de SP.<\/p>\n\n\n\n<p><strong>Benef\u00edcios e Impacto<\/strong><\/p>\n\n\n\n<ul class=\"wp-block-list\">\n<li>Acesso facilitado: A CipTEA permite acesso simplificado a direitos como atendimento e filas preferenciais.<\/li>\n\n\n\n<li>Inclus\u00e3o social: A iniciativa reflete o aumento da consci\u00eancia sobre inclus\u00e3o social.<\/li>\n\n\n\n<li>Seguran\u00e7a e acessibilidade: Mais de 47 mil selos de identifica\u00e7\u00e3o veicular foram emitidos para proporcionar mais seguran\u00e7a no tr\u00e2nsito.<\/li>\n<\/ul>\n\n\n\n<p><strong>Como solicitar a CipTEA<\/strong><\/p>\n\n\n\n<p>Para obter a carteira, \u00e9 necess\u00e1rio:<\/p>\n\n\n\n<ul class=\"wp-block-list\">\n<li>Acessar o site (link unavailable) ou o aplicativo Poupatempo (link unavailable)<\/li>\n\n\n\n<li>Comparecer presencialmente em uma das 242 unidades do Poupatempo.<\/li>\n\n\n\n<li>Apresentar laudo m\u00e9dico e documentos pessoais do respons\u00e1vel e benefici\u00e1rio.<\/li>\n<\/ul>\n\n\n\n<p>Essa a\u00e7\u00e3o refor\u00e7a o compromisso do Governo do Estado de S\u00e3o Paulo com a inclus\u00e3o, garantindo acesso facilitado e desburocratizado aos direitos das pessoas com defici\u00eancia.<\/p>\n\n\n\n<p><strong><em><strong><em><strong><em><strong><em><strong><em><strong><em><strong><em><strong><em><strong><em><strong><em><strong><em><strong><em><strong><em><strong><em><strong><em><strong><em><strong><em><strong><em><strong><em><strong><em><strong><em><strong><em><strong><em><strong><em><strong><em><strong><em><strong><em><strong><em><strong><em><strong><em><strong><em><strong><em><strong><em><strong><em><strong><em><strong><em><strong><em><strong><em><strong><em><strong><em><strong><em><strong><em><strong><em><strong><em><strong><em><strong><em><strong><em><strong><em><strong><em><strong><em><strong><em><strong><em><strong><em><strong><em><strong><em><strong><em><strong><em><strong><em><strong><em><strong><em><strong><em><strong><em><strong><em><strong><em><strong>Siga nossas redes sociais no\u00a0<a href=\"https:\/\/www.instagram.com\/ronipaparazzi\/\">Instagram\u00a0<\/a>e\u00a0<a href=\"https:\/\/www.facebook.com\/ronipaparazzicomvoce\">Facebook<\/a>\u00a0participe da nossa comunidade do Canal Roni Paparazzi no Whatsapp e receba as principais not\u00edcias da regi\u00e3o de Ara\u00e7atuba do dia direto no seu celular.<\/strong>\u00a0<a href=\"https:\/\/chat.whatsapp.com\/GsG1XKo0jPOEfjzudWQcml\" target=\"_blank\" rel=\"noreferrer noopener\">\u00a0Clique aqui e se inscreva.<\/a><\/em><\/strong><\/em><\/strong><\/em><\/strong><\/em><\/strong><\/em><\/strong><\/em><\/strong><\/em><\/strong><\/em><\/strong><\/em><\/strong><\/em><\/strong><\/em><\/strong><\/em><\/strong><\/em><\/strong><\/em><\/strong><\/em><\/strong><\/em><\/strong><\/em><\/strong><\/em><\/strong><\/em><\/strong><\/em><\/strong><\/em><\/strong><\/em><\/strong><\/em><\/strong><\/em><\/strong><\/em><\/strong><\/em><\/strong><\/em><\/strong><\/em><\/strong><\/em><\/strong><\/em><\/strong><\/em><\/strong><\/em><\/strong><\/em><\/strong><\/em><\/strong><\/em><\/strong><\/em><\/strong><\/em><\/strong><\/em><\/strong><\/em><\/strong><\/em><\/strong><\/em><\/strong><\/em><\/strong><\/em><\/strong><\/em><\/strong><\/em><\/strong><\/em><\/strong><\/em><\/strong><\/em><\/strong><\/em><\/strong><\/em><\/strong><\/em><\/strong><\/em><\/strong><\/em><\/strong><\/em><\/strong><\/em><\/strong><\/em><\/strong><\/em><\/strong><\/em><\/strong><\/em><\/strong><\/em><\/strong><\/em><\/strong><\/em><\/strong><\/em><\/strong><\/em><\/strong><\/p>\n","protected":false},"excerpt":{"rendered":"<p>O Governo de S\u00e3o Paulo alcan\u00e7ou uma marca significativa na inclus\u00e3o social ao emitir 84,6 mil Carteiras de Identifica\u00e7\u00e3o da Pessoa com Transtorno do Espectro Autista (CipTEA) desde abril de 2023. Essa iniciativa, parte do Plano Estadual Integrado para Pessoas com Transtorno do Espectro do Autismo (PEIPTEA), facilita o acesso a direitos como atendimento preferencial &hellip;<\/p>\n","protected":false},"author":1,"featured_media":14904,"comment_status":"open","ping_status":"open","sticky":false,"template":"","format":"standard","meta":{"_jetpack_memberships_contains_paid_content":false,"footnotes":"","jetpack_publicize_message":"","jetpack_publicize_feature_enabled":true,"jetpack_social_post_already_shared":false,"jetpack_social_options":{"image_generator_settings":{"template":"highway","default_image_id":0,"enabled":false},"version":2}},"categories":[4],"tags":[],"class_list":["post-14903","post","type-post","status-publish","format-standard","has-post-thumbnail","hentry","category-regiao"],"jetpack_publicize_connections":[],"jetpack_featured_media_url":"https:\/\/i0.wp.com\/www.paparazzinews.com.br\/wp-content\/uploads\/2024\/12\/09032015autismoIP-foto-marcos-santos-004.jpg?fit=800%2C420&ssl=1","views":"732","jetpack_likes_enabled":true,"jetpack_sharing_enabled":true,"_links":{"self":[{"href":"https:\/\/www.paparazzinews.com.br\/index.php?rest_route=\/wp\/v2\/posts\/14903","targetHints":{"allow":["GET"]}}],"collection":[{"href":"https:\/\/www.paparazzinews.com.br\/index.php?rest_route=\/wp\/v2\/posts"}],"about":[{"href":"https:\/\/www.paparazzinews.com.br\/index.php?rest_route=\/wp\/v2\/types\/post"}],"author":[{"embeddable":true,"href":"https:\/\/www.paparazzinews.com.br\/index.php?rest_route=\/wp\/v2\/users\/1"}],"replies":[{"embeddable":true,"href":"https:\/\/www.paparazzinews.com.br\/index.php?rest_route=%2Fwp%2Fv2%2Fcomments&post=14903"}],"version-history":[{"count":1,"href":"https:\/\/www.paparazzinews.com.br\/index.php?rest_route=\/wp\/v2\/posts\/14903\/revisions"}],"predecessor-version":[{"id":14905,"href":"https:\/\/www.paparazzinews.com.br\/index.php?rest_route=\/wp\/v2\/posts\/14903\/revisions\/14905"}],"wp:featuredmedia":[{"embeddable":true,"href":"https:\/\/www.paparazzinews.com.br\/index.php?rest_route=\/wp\/v2\/media\/14904"}],"wp:attachment":[{"href":"https:\/\/www.paparazzinews.com.br\/index.php?rest_route=%2Fwp%2Fv2%2Fmedia&parent=14903"}],"wp:term":[{"taxonomy":"category","embeddable":true,"href":"https:\/\/www.paparazzinews.com.br\/index.php?rest_route=%2Fwp%2Fv2%2Fcategories&post=14903"},{"taxonomy":"post_tag","embeddable":true,"href":"https:\/\/www.paparazzinews.com.br\/index.php?rest_route=%2Fwp%2Fv2%2Ftags&post=14903"}],"curies":[{"name":"wp","href":"https:\/\/api.w.org\/{rel}","templated":true}]}}