{"id":14858,"date":"2024-12-23T19:27:23","date_gmt":"2024-12-23T22:27:23","guid":{"rendered":"https:\/\/www.paparazzinews.com.br\/?p=14858"},"modified":"2024-12-23T19:38:36","modified_gmt":"2024-12-23T22:38:36","slug":"grupo-luluzinhas-e-bolinhas-surpreende-idosos-em-andradina-com-festa-de-natal","status":"publish","type":"post","link":"https:\/\/www.paparazzinews.com.br\/?p=14858","title":{"rendered":"Grupo &#8220;Luluzinhas e Bolinhas&#8221; surpreende idosos em Andradina com festa de Natal"},"content":{"rendered":"\n<p>No s\u00e1bado (21\/12), o Grupo &#8220;Luluzinhas e Bolinhas&#8221;, liderado pela Cabo da PM Renata Silva, realizou uma a\u00e7\u00e3o solid\u00e1ria no Asilo S\u00e3o Vicente de Andradina. A informa\u00e7\u00e3o \u00e9 do Roni Paparazzi e Foto: Divulga\u00e7\u00e3o. O grupo distribuiu:<\/p>\n\n\n\n<p><strong>Detalhes da A\u00e7\u00e3o<\/strong><\/p>\n\n\n\n<ol class=\"wp-block-list\">\n<li>50 panetones para os internos.<\/li>\n\n\n\n<li>60 potes de sorvete, gra\u00e7as \u00e0 colabora\u00e7\u00e3o de Larissa Marques (Mix dos Sonhos).<\/li>\n\n\n\n<li>Balas para crian\u00e7as e adultos durante o trajeto.<\/li>\n<\/ol>\n\n\n\n<p>&#8220;Foi incr\u00edvel ver os sorrisos dos idosos. Agrade\u00e7o a todos os envolvidos&#8221;, disse Renata.<\/p>\n\n\n\n<p><strong>Destaque<\/strong><\/p>\n\n\n\n<p>A a\u00e7\u00e3o contou com a participa\u00e7\u00e3o especial do &#8220;Papai Noel&#8221; (Marcia) e o apoio de Valdemir Jacar\u00e9, que adquiriu os panetones ap\u00f3s a comunidade aderir a campanha volunt\u00e1ria.<\/p>\n\n\n\n<p><strong><em><strong><em><strong><em><strong><em><strong><em><strong><em><strong><em><strong><em><strong><em><strong><em><strong><em><strong><em><strong><em><strong><em><strong><em><strong><em><strong><em><strong><em><strong><em><strong><em><strong><em><strong><em><strong><em><strong><em><strong><em><strong><em><strong><em><strong><em><strong><em><strong><em><strong><em><strong><em><strong><em><strong><em><strong><em><strong><em><strong><em><strong><em><strong><em><strong><em><strong><em><strong><em><strong><em><strong><em><strong><em><strong><em><strong><em><strong><em><strong><em><strong><em><strong><em><strong><em><strong><em><strong><em><strong><em><strong><em><strong><em><strong><em><strong><em><strong><em><strong><em><strong><em><strong><em><strong><em><strong>Siga nossas redes sociais no\u00a0<a href=\"https:\/\/www.instagram.com\/ronipaparazzi\/\">Instagram\u00a0<\/a>e\u00a0<a href=\"https:\/\/www.facebook.com\/ronipaparazzicomvoce\">Facebook<\/a>\u00a0participe da nossa comunidade do Canal Roni Paparazzi no Whatsapp e receba as principais not\u00edcias da regi\u00e3o de Ara\u00e7atuba do dia direto no seu celular.<\/strong>\u00a0<a href=\"https:\/\/chat.whatsapp.com\/GsG1XKo0jPOEfjzudWQcml\" target=\"_blank\" rel=\"noreferrer noopener\">\u00a0Clique aqui e se inscreva.<\/a><\/em><\/strong><\/em><\/strong><\/em><\/strong><\/em><\/strong><\/em><\/strong><\/em><\/strong><\/em><\/strong><\/em><\/strong><\/em><\/strong><\/em><\/strong><\/em><\/strong><\/em><\/strong><\/em><\/strong><\/em><\/strong><\/em><\/strong><\/em><\/strong><\/em><\/strong><\/em><\/strong><\/em><\/strong><\/em><\/strong><\/em><\/strong><\/em><\/strong><\/em><\/strong><\/em><\/strong><\/em><\/strong><\/em><\/strong><\/em><\/strong><\/em><\/strong><\/em><\/strong><\/em><\/strong><\/em><\/strong><\/em><\/strong><\/em><\/strong><\/em><\/strong><\/em><\/strong><\/em><\/strong><\/em><\/strong><\/em><\/strong><\/em><\/strong><\/em><\/strong><\/em><\/strong><\/em><\/strong><\/em><\/strong><\/em><\/strong><\/em><\/strong><\/em><\/strong><\/em><\/strong><\/em><\/strong><\/em><\/strong><\/em><\/strong><\/em><\/strong><\/em><\/strong><\/em><\/strong><\/em><\/strong><\/em><\/strong><\/em><\/strong><\/em><\/strong><\/em><\/strong><\/em><\/strong><\/em><\/strong><\/em><\/strong><\/em><\/strong><\/em><\/strong><\/em><\/strong><\/p>\n","protected":false},"excerpt":{"rendered":"<p>No s\u00e1bado (21\/12), o Grupo &#8220;Luluzinhas e Bolinhas&#8221;, liderado pela Cabo da PM Renata Silva, realizou uma a\u00e7\u00e3o solid\u00e1ria no Asilo S\u00e3o Vicente de Andradina. A informa\u00e7\u00e3o \u00e9 do Roni Paparazzi e Foto: Divulga\u00e7\u00e3o. O grupo distribuiu: Detalhes da A\u00e7\u00e3o 50 panetones para os internos. 60 potes de sorvete, gra\u00e7as \u00e0 colabora\u00e7\u00e3o de Larissa Marques &hellip;<\/p>\n","protected":false},"author":1,"featured_media":14859,"comment_status":"open","ping_status":"open","sticky":false,"template":"","format":"standard","meta":{"_jetpack_memberships_contains_paid_content":false,"footnotes":"","jetpack_publicize_message":"","jetpack_publicize_feature_enabled":true,"jetpack_social_post_already_shared":false,"jetpack_social_options":{"image_generator_settings":{"template":"highway","default_image_id":0,"enabled":false},"version":2}},"categories":[6],"tags":[],"class_list":["post-14858","post","type-post","status-publish","format-standard","has-post-thumbnail","hentry","category-entretenimento"],"jetpack_publicize_connections":[],"jetpack_featured_media_url":"https:\/\/i0.wp.com\/www.paparazzinews.com.br\/wp-content\/uploads\/2024\/12\/PM.jpg?fit=1000%2C404&ssl=1","views":"795","jetpack_likes_enabled":true,"jetpack_sharing_enabled":true,"_links":{"self":[{"href":"https:\/\/www.paparazzinews.com.br\/index.php?rest_route=\/wp\/v2\/posts\/14858","targetHints":{"allow":["GET"]}}],"collection":[{"href":"https:\/\/www.paparazzinews.com.br\/index.php?rest_route=\/wp\/v2\/posts"}],"about":[{"href":"https:\/\/www.paparazzinews.com.br\/index.php?rest_route=\/wp\/v2\/types\/post"}],"author":[{"embeddable":true,"href":"https:\/\/www.paparazzinews.com.br\/index.php?rest_route=\/wp\/v2\/users\/1"}],"replies":[{"embeddable":true,"href":"https:\/\/www.paparazzinews.com.br\/index.php?rest_route=%2Fwp%2Fv2%2Fcomments&post=14858"}],"version-history":[{"count":2,"href":"https:\/\/www.paparazzinews.com.br\/index.php?rest_route=\/wp\/v2\/posts\/14858\/revisions"}],"predecessor-version":[{"id":14861,"href":"https:\/\/www.paparazzinews.com.br\/index.php?rest_route=\/wp\/v2\/posts\/14858\/revisions\/14861"}],"wp:featuredmedia":[{"embeddable":true,"href":"https:\/\/www.paparazzinews.com.br\/index.php?rest_route=\/wp\/v2\/media\/14859"}],"wp:attachment":[{"href":"https:\/\/www.paparazzinews.com.br\/index.php?rest_route=%2Fwp%2Fv2%2Fmedia&parent=14858"}],"wp:term":[{"taxonomy":"category","embeddable":true,"href":"https:\/\/www.paparazzinews.com.br\/index.php?rest_route=%2Fwp%2Fv2%2Fcategories&post=14858"},{"taxonomy":"post_tag","embeddable":true,"href":"https:\/\/www.paparazzinews.com.br\/index.php?rest_route=%2Fwp%2Fv2%2Ftags&post=14858"}],"curies":[{"name":"wp","href":"https:\/\/api.w.org\/{rel}","templated":true}]}}