{"id":14774,"date":"2024-12-20T17:16:32","date_gmt":"2024-12-20T20:16:32","guid":{"rendered":"https:\/\/www.paparazzinews.com.br\/?p=14774"},"modified":"2024-12-20T17:16:33","modified_gmt":"2024-12-20T20:16:33","slug":"campanha-de-vacinacao-contra-brucelose-em-sao-paulo-novas-regras-e-prazos","status":"publish","type":"post","link":"https:\/\/www.paparazzinews.com.br\/?p=14774","title":{"rendered":"Campanha de Vacina\u00e7\u00e3o contra Brucelose em S\u00e3o Paulo: Novas Regras e Prazos"},"content":{"rendered":"\n<p>O Governo de S\u00e3o Paulo anunciou mudan\u00e7as nas normativas para a vacina\u00e7\u00e3o contra Brucelose em bovinos e bubalinos. Os principais pontos s\u00e3o: A informa\u00e7\u00e3o \u00e9 do Roni Paparazzi e \u00a0Foto: Divulga\u00e7\u00e3o\/Governo de SP.<\/p>\n\n\n\n<p><strong>Prazos<\/strong><\/p>\n\n\n\n<ol class=\"wp-block-list\">\n<li>Declara\u00e7\u00e3o de rebanho e vacina\u00e7\u00e3o at\u00e9 31 de dezembro.<\/li>\n\n\n\n<li>Dois per\u00edodos de vacina\u00e7\u00e3o: janeiro-junho e julho-dezembro.<\/li>\n<\/ol>\n\n\n\n<p><strong>Novas Regras<\/strong><\/p>\n\n\n\n<ol class=\"wp-block-list\">\n<li>Vacina\u00e7\u00e3o n\u00e3o \u00e9 mais obrigat\u00f3ria para marca\u00e7\u00e3o a fogo.<\/li>\n\n\n\n<li>Identifica\u00e7\u00e3o individual auricular (botton) alternativa.<\/li>\n\n\n\n<li>M\u00e9dico veterin\u00e1rio registra vacina\u00e7\u00e3o no sistema Gedave.<\/li>\n<\/ol>\n\n\n\n<p><strong>Requisitos<\/strong><\/p>\n\n\n\n<ol class=\"wp-block-list\">\n<li>Declara\u00e7\u00e3o de rebanho no sistema Gedave.<\/li>\n\n\n\n<li>Guia de Tr\u00e2nsito Animal (GTA) somente emitida ap\u00f3s atualiza\u00e7\u00e3o.<\/li>\n<\/ol>\n\n\n\n<p><strong>Informa\u00e7\u00f5es adicionais<\/strong><\/p>\n\n\n\n<p>Acesse (<a href=\"https:\/\/www.defesa.agricultura.sp.gov.br\/arquivos\/sanidade-animal\/CAMPANHA_NOVEMBRO_FORMULARIOS.pdf.\">https:\/\/www.defesa.agricultura.sp.gov.br\/arquivos\/sanidade-animal\/CAMPANHA_NOVEMBRO_FORMULARIOS.pdf.<\/a>) para mais detalhes.<\/p>\n\n\n\n<p><strong><em><strong><em><strong><em><strong><em><strong><em><strong><em><strong><em><strong><em><strong><em><strong><em><strong><em><strong><em><strong><em><strong><em><strong><em><strong><em><strong><em><strong><em><strong><em><strong><em><strong><em><strong><em><strong><em><strong><em><strong><em><strong><em><strong><em><strong><em><strong><em><strong><em><strong><em><strong><em><strong><em><strong><em><strong><em><strong><em><strong><em><strong><em><strong><em><strong><em><strong><em><strong><em><strong><em><strong><em><strong><em><strong><em><strong><em><strong><em><strong><em><strong><em><strong><em><strong><em><strong><em><strong><em><strong><em><strong><em><strong><em><strong><em><strong><em><strong><em><strong><em><strong><em><strong><em><strong><em><strong>Siga nossas redes sociais no\u00a0<a href=\"https:\/\/www.instagram.com\/ronipaparazzi\/\">Instagram\u00a0<\/a>e\u00a0<a href=\"https:\/\/www.facebook.com\/ronipaparazzicomvoce\">Facebook<\/a>\u00a0participe da nossa comunidade do Canal Roni Paparazzi no Whatsapp e receba as principais not\u00edcias da regi\u00e3o de Ara\u00e7atuba do dia direto no seu celular.<\/strong>\u00a0<a href=\"https:\/\/chat.whatsapp.com\/GsG1XKo0jPOEfjzudWQcml\" target=\"_blank\" rel=\"noreferrer noopener\">\u00a0Clique aqui e se inscreva.<\/a><\/em><\/strong><\/em><\/strong><\/em><\/strong><\/em><\/strong><\/em><\/strong><\/em><\/strong><\/em><\/strong><\/em><\/strong><\/em><\/strong><\/em><\/strong><\/em><\/strong><\/em><\/strong><\/em><\/strong><\/em><\/strong><\/em><\/strong><\/em><\/strong><\/em><\/strong><\/em><\/strong><\/em><\/strong><\/em><\/strong><\/em><\/strong><\/em><\/strong><\/em><\/strong><\/em><\/strong><\/em><\/strong><\/em><\/strong><\/em><\/strong><\/em><\/strong><\/em><\/strong><\/em><\/strong><\/em><\/strong><\/em><\/strong><\/em><\/strong><\/em><\/strong><\/em><\/strong><\/em><\/strong><\/em><\/strong><\/em><\/strong><\/em><\/strong><\/em><\/strong><\/em><\/strong><\/em><\/strong><\/em><\/strong><\/em><\/strong><\/em><\/strong><\/em><\/strong><\/em><\/strong><\/em><\/strong><\/em><\/strong><\/em><\/strong><\/em><\/strong><\/em><\/strong><\/em><\/strong><\/em><\/strong><\/em><\/strong><\/em><\/strong><\/em><\/strong><\/em><\/strong><\/em><\/strong><\/em><\/strong><\/em><\/strong><\/em><\/strong><\/em><\/strong><\/em><\/strong><\/p>\n","protected":false},"excerpt":{"rendered":"<p>O Governo de S\u00e3o Paulo anunciou mudan\u00e7as nas normativas para a vacina\u00e7\u00e3o contra Brucelose em bovinos e bubalinos. Os principais pontos s\u00e3o: A informa\u00e7\u00e3o \u00e9 do Roni Paparazzi e \u00a0Foto: Divulga\u00e7\u00e3o\/Governo de SP. Prazos Declara\u00e7\u00e3o de rebanho e vacina\u00e7\u00e3o at\u00e9 31 de dezembro. Dois per\u00edodos de vacina\u00e7\u00e3o: janeiro-junho e julho-dezembro. Novas Regras Vacina\u00e7\u00e3o n\u00e3o \u00e9 &hellip;<\/p>\n","protected":false},"author":1,"featured_media":14775,"comment_status":"open","ping_status":"open","sticky":false,"template":"","format":"standard","meta":{"_jetpack_memberships_contains_paid_content":false,"footnotes":"","jetpack_publicize_message":"","jetpack_publicize_feature_enabled":true,"jetpack_social_post_already_shared":false,"jetpack_social_options":{"image_generator_settings":{"template":"highway","default_image_id":0,"enabled":false},"version":2}},"categories":[4],"tags":[],"class_list":["post-14774","post","type-post","status-publish","format-standard","has-post-thumbnail","hentry","category-regiao"],"jetpack_publicize_connections":[],"jetpack_featured_media_url":"https:\/\/i0.wp.com\/www.paparazzinews.com.br\/wp-content\/uploads\/2024\/12\/Vacinaclao-de-Febre-Aftosa-e-Brucelose.jpg?fit=1000%2C666&ssl=1","views":"708","jetpack_likes_enabled":true,"jetpack_sharing_enabled":true,"_links":{"self":[{"href":"https:\/\/www.paparazzinews.com.br\/index.php?rest_route=\/wp\/v2\/posts\/14774","targetHints":{"allow":["GET"]}}],"collection":[{"href":"https:\/\/www.paparazzinews.com.br\/index.php?rest_route=\/wp\/v2\/posts"}],"about":[{"href":"https:\/\/www.paparazzinews.com.br\/index.php?rest_route=\/wp\/v2\/types\/post"}],"author":[{"embeddable":true,"href":"https:\/\/www.paparazzinews.com.br\/index.php?rest_route=\/wp\/v2\/users\/1"}],"replies":[{"embeddable":true,"href":"https:\/\/www.paparazzinews.com.br\/index.php?rest_route=%2Fwp%2Fv2%2Fcomments&post=14774"}],"version-history":[{"count":1,"href":"https:\/\/www.paparazzinews.com.br\/index.php?rest_route=\/wp\/v2\/posts\/14774\/revisions"}],"predecessor-version":[{"id":14776,"href":"https:\/\/www.paparazzinews.com.br\/index.php?rest_route=\/wp\/v2\/posts\/14774\/revisions\/14776"}],"wp:featuredmedia":[{"embeddable":true,"href":"https:\/\/www.paparazzinews.com.br\/index.php?rest_route=\/wp\/v2\/media\/14775"}],"wp:attachment":[{"href":"https:\/\/www.paparazzinews.com.br\/index.php?rest_route=%2Fwp%2Fv2%2Fmedia&parent=14774"}],"wp:term":[{"taxonomy":"category","embeddable":true,"href":"https:\/\/www.paparazzinews.com.br\/index.php?rest_route=%2Fwp%2Fv2%2Fcategories&post=14774"},{"taxonomy":"post_tag","embeddable":true,"href":"https:\/\/www.paparazzinews.com.br\/index.php?rest_route=%2Fwp%2Fv2%2Ftags&post=14774"}],"curies":[{"name":"wp","href":"https:\/\/api.w.org\/{rel}","templated":true}]}}