{"id":14759,"date":"2024-12-20T16:48:53","date_gmt":"2024-12-20T19:48:53","guid":{"rendered":"https:\/\/www.paparazzinews.com.br\/?p=14759"},"modified":"2024-12-20T16:48:54","modified_gmt":"2024-12-20T19:48:54","slug":"assembleia-legislativa-de-sao-paulo-aprova-fundo-estadual-de-protecao-e-defesa-civil","status":"publish","type":"post","link":"https:\/\/www.paparazzinews.com.br\/?p=14759","title":{"rendered":"Assembleia Legislativa de S\u00e3o Paulo aprova Fundo Estadual de Prote\u00e7\u00e3o e Defesa Civil"},"content":{"rendered":"\n<p>A Assembleia Legislativa do Estado de S\u00e3o Paulo (Alesp) aprovou o Projeto de Lei que institui o Fundo Estadual de Prote\u00e7\u00e3o e Defesa Civil (FUNPDeC). O objetivo \u00e9 aprimorar a resposta e gest\u00e3o de recursos para preven\u00e7\u00e3o, mitiga\u00e7\u00e3o, recupera\u00e7\u00e3o e resposta a desastres naturais, al\u00e9m de promover agilidade e efici\u00eancia nas pol\u00edticas p\u00fablicas relacionadas \u00e0 justi\u00e7a clim\u00e1tica. A informa\u00e7\u00e3o \u00e9 do Roni Paparazzi e Foto: Governo de SP.<\/p>\n\n\n\n<p><strong>Principais Finalidades do FUNPDeC<\/strong><\/p>\n\n\n\n<ol class=\"wp-block-list\">\n<li>Preven\u00e7\u00e3o: Monitoramento em tempo real de \u00e1reas de risco e alertas antecipados para desastres.<\/li>\n\n\n\n<li>Recupera\u00e7\u00e3o: Apoio a \u00e1reas atingidas por desastres em situa\u00e7\u00e3o de emerg\u00eancia.<\/li>\n\n\n\n<li>Assist\u00eancia: Socorro \u00e0s popula\u00e7\u00f5es afetadas e apoio aos munic\u00edpios em situa\u00e7\u00f5es cr\u00edticas.<\/li>\n\n\n\n<li>Fortalecimento: Investimento em estrutura e moderniza\u00e7\u00e3o para respostas mais eficazes.<\/li>\n<\/ol>\n\n\n\n<p><strong>Gest\u00e3o e Transpar\u00eancia<\/strong><\/p>\n\n\n\n<p>O FUNPDeC ser\u00e1 administrado pela Coordenadoria Estadual de Defesa Civil, com supervis\u00e3o de um Conselho Gestor.<\/p>\n\n\n\n<p><strong>Recursos do FUNPDeC<\/strong><\/p>\n\n\n\n<ul class=\"wp-block-list\">\n<li>Transfer\u00eancias da Uni\u00e3o<\/li>\n\n\n\n<li>Contribui\u00e7\u00f5es de entidades nacionais e internacionais<\/li>\n\n\n\n<li>Doa\u00e7\u00f5es e aux\u00edlios<\/li>\n\n\n\n<li>Aliena\u00e7\u00e3o de materiais e equipamentos<\/li>\n<\/ul>\n\n\n\n<p>A aprova\u00e7\u00e3o do FUNPDeC representa um avan\u00e7o significativo na prote\u00e7\u00e3o da popula\u00e7\u00e3o e preserva\u00e7\u00e3o do meio ambiente frente \u00e0s mudan\u00e7as clim\u00e1ticas. Agora, o projeto segue para san\u00e7\u00e3o do governador.<\/p>\n\n\n\n<p><strong><em><strong><em><strong><em><strong><em><strong><em><strong><em><strong><em><strong><em><strong><em><strong><em><strong><em><strong><em><strong><em><strong><em><strong><em><strong><em><strong><em><strong><em><strong><em><strong><em><strong><em><strong><em><strong><em><strong><em><strong><em><strong><em><strong><em><strong><em><strong><em><strong><em><strong><em><strong><em><strong><em><strong><em><strong><em><strong><em><strong><em><strong><em><strong><em><strong><em><strong><em><strong><em><strong><em><strong><em><strong><em><strong><em><strong><em><strong><em><strong><em><strong><em><strong><em><strong><em><strong><em><strong><em><strong><em><strong><em><strong><em><strong><em><strong><em><strong><em><strong><em><strong><em><strong><em><strong><em><strong>Siga nossas redes sociais no&nbsp;<a href=\"https:\/\/www.instagram.com\/ronipaparazzi\/\">Instagram&nbsp;<\/a>e&nbsp;<a href=\"https:\/\/www.facebook.com\/ronipaparazzicomvoce\">Facebook<\/a>&nbsp;participe da nossa comunidade do Canal Roni Paparazzi no Whatsapp e receba as principais not\u00edcias da regi\u00e3o de Ara\u00e7atuba do dia direto no seu celular.<\/strong>&nbsp;<a href=\"https:\/\/chat.whatsapp.com\/GsG1XKo0jPOEfjzudWQcml\" target=\"_blank\" rel=\"noreferrer noopener\">&nbsp;Clique aqui e se inscreva.<\/a><\/em><\/strong><\/em><\/strong><\/em><\/strong><\/em><\/strong><\/em><\/strong><\/em><\/strong><\/em><\/strong><\/em><\/strong><\/em><\/strong><\/em><\/strong><\/em><\/strong><\/em><\/strong><\/em><\/strong><\/em><\/strong><\/em><\/strong><\/em><\/strong><\/em><\/strong><\/em><\/strong><\/em><\/strong><\/em><\/strong><\/em><\/strong><\/em><\/strong><\/em><\/strong><\/em><\/strong><\/em><\/strong><\/em><\/strong><\/em><\/strong><\/em><\/strong><\/em><\/strong><\/em><\/strong><\/em><\/strong><\/em><\/strong><\/em><\/strong><\/em><\/strong><\/em><\/strong><\/em><\/strong><\/em><\/strong><\/em><\/strong><\/em><\/strong><\/em><\/strong><\/em><\/strong><\/em><\/strong><\/em><\/strong><\/em><\/strong><\/em><\/strong><\/em><\/strong><\/em><\/strong><\/em><\/strong><\/em><\/strong><\/em><\/strong><\/em><\/strong><\/em><\/strong><\/em><\/strong><\/em><\/strong><\/em><\/strong><\/em><\/strong><\/em><\/strong><\/em><\/strong><\/em><\/strong><\/em><\/strong><\/em><\/strong><\/em><\/strong><\/em><\/strong><\/em><\/strong><\/p>\n\n\n\n<p><\/p>\n","protected":false},"excerpt":{"rendered":"<p>A Assembleia Legislativa do Estado de S\u00e3o Paulo (Alesp) aprovou o Projeto de Lei que institui o Fundo Estadual de Prote\u00e7\u00e3o e Defesa Civil (FUNPDeC). O objetivo \u00e9 aprimorar a resposta e gest\u00e3o de recursos para preven\u00e7\u00e3o, mitiga\u00e7\u00e3o, recupera\u00e7\u00e3o e resposta a desastres naturais, al\u00e9m de promover agilidade e efici\u00eancia nas pol\u00edticas p\u00fablicas relacionadas \u00e0 &hellip;<\/p>\n","protected":false},"author":1,"featured_media":14760,"comment_status":"open","ping_status":"open","sticky":false,"template":"","format":"standard","meta":{"_jetpack_memberships_contains_paid_content":false,"footnotes":"","jetpack_publicize_message":"","jetpack_publicize_feature_enabled":true,"jetpack_social_post_already_shared":false,"jetpack_social_options":{"image_generator_settings":{"template":"highway","default_image_id":0,"enabled":false},"version":2}},"categories":[4],"tags":[],"class_list":["post-14759","post","type-post","status-publish","format-standard","has-post-thumbnail","hentry","category-regiao"],"jetpack_publicize_connections":[],"jetpack_featured_media_url":"https:\/\/i0.wp.com\/www.paparazzinews.com.br\/wp-content\/uploads\/2024\/12\/DSC01459-1024x761-1.jpeg?fit=1024%2C761&ssl=1","views":"696","jetpack_likes_enabled":true,"jetpack_sharing_enabled":true,"_links":{"self":[{"href":"https:\/\/www.paparazzinews.com.br\/index.php?rest_route=\/wp\/v2\/posts\/14759","targetHints":{"allow":["GET"]}}],"collection":[{"href":"https:\/\/www.paparazzinews.com.br\/index.php?rest_route=\/wp\/v2\/posts"}],"about":[{"href":"https:\/\/www.paparazzinews.com.br\/index.php?rest_route=\/wp\/v2\/types\/post"}],"author":[{"embeddable":true,"href":"https:\/\/www.paparazzinews.com.br\/index.php?rest_route=\/wp\/v2\/users\/1"}],"replies":[{"embeddable":true,"href":"https:\/\/www.paparazzinews.com.br\/index.php?rest_route=%2Fwp%2Fv2%2Fcomments&post=14759"}],"version-history":[{"count":1,"href":"https:\/\/www.paparazzinews.com.br\/index.php?rest_route=\/wp\/v2\/posts\/14759\/revisions"}],"predecessor-version":[{"id":14761,"href":"https:\/\/www.paparazzinews.com.br\/index.php?rest_route=\/wp\/v2\/posts\/14759\/revisions\/14761"}],"wp:featuredmedia":[{"embeddable":true,"href":"https:\/\/www.paparazzinews.com.br\/index.php?rest_route=\/wp\/v2\/media\/14760"}],"wp:attachment":[{"href":"https:\/\/www.paparazzinews.com.br\/index.php?rest_route=%2Fwp%2Fv2%2Fmedia&parent=14759"}],"wp:term":[{"taxonomy":"category","embeddable":true,"href":"https:\/\/www.paparazzinews.com.br\/index.php?rest_route=%2Fwp%2Fv2%2Fcategories&post=14759"},{"taxonomy":"post_tag","embeddable":true,"href":"https:\/\/www.paparazzinews.com.br\/index.php?rest_route=%2Fwp%2Fv2%2Ftags&post=14759"}],"curies":[{"name":"wp","href":"https:\/\/api.w.org\/{rel}","templated":true}]}}