{"id":14747,"date":"2024-12-19T17:04:45","date_gmt":"2024-12-19T20:04:45","guid":{"rendered":"https:\/\/www.paparazzinews.com.br\/?p=14747"},"modified":"2024-12-19T17:04:46","modified_gmt":"2024-12-19T20:04:46","slug":"homem-condenado-por-trafico-de-drogas-e-preso-em-andradina-sp","status":"publish","type":"post","link":"https:\/\/www.paparazzinews.com.br\/?p=14747","title":{"rendered":"Homem condenado por tr\u00e1fico de drogas \u00e9 preso em Andradina (SP)"},"content":{"rendered":"\n<p>Na noite de quarta-feira (18\/12), policiais militares capturaram um homem procurado pela Justi\u00e7a por tr\u00e1fico de drogas, no bairro S\u00e3o Jo\u00e3o, em Andradina (SP). A opera\u00e7\u00e3o ocorreu por volta das 18h05, durante um patrulhamento de rotina. A informa\u00e7\u00e3o e foto \u00e9 do Roni Paparazzi.<\/p>\n\n\n\n<p>O homem, de 21 anos, foi abordado em frente a uma barbearia e, ap\u00f3s consulta ao Banco Nacional de Mandados de Pris\u00e3o, foi confirmada sua condena\u00e7\u00e3o a cinco anos de pris\u00e3o pelo crime de tr\u00e1fico de drogas, conforme o artigo 33 da Lei 11.343\/06.<\/p>\n\n\n\n<p>A ocorr\u00eancia foi encaminhada \u00e0 Central de Pol\u00edcia Judici\u00e1ria, onde o delegado de plant\u00e3o tomou as provid\u00eancias legais. O capturado foi deixado \u00e0 disposi\u00e7\u00e3o da Justi\u00e7a. A a\u00e7\u00e3o contou com a participa\u00e7\u00e3o das equipes da RPM e Atividade Delegada.<\/p>\n\n\n\n<p><strong><em><strong><em><strong><em><strong><em><strong><em><strong><em><strong><em><strong><em><strong><em><strong><em><strong><em><strong><em><strong><em><strong><em><strong><em><strong><em><strong><em><strong><em><strong><em><strong><em><strong><em><strong><em><strong><em><strong><em><strong><em><strong><em><strong><em><strong><em><strong><em><strong><em><strong><em><strong><em><strong><em><strong><em><strong><em><strong><em><strong><em><strong><em><strong><em><strong><em><strong><em><strong><em><strong><em><strong><em><strong><em><strong><em><strong><em><strong><em><strong><em><strong><em><strong><em><strong><em><strong><em><strong><em><strong><em><strong><em><strong><em><strong><em><strong><em><strong><em><strong><em><strong><em><strong><em><strong><em><strong>Siga nossas redes sociais no&nbsp;<a href=\"https:\/\/www.instagram.com\/ronipaparazzi\/\">Instagram&nbsp;<\/a>e&nbsp;<a href=\"https:\/\/www.facebook.com\/ronipaparazzicomvoce\">Facebook<\/a>&nbsp;participe da nossa comunidade do Canal Roni Paparazzi no Whatsapp e receba as principais not\u00edcias da regi\u00e3o de Ara\u00e7atuba do dia direto no seu celular.<\/strong>&nbsp;<a href=\"https:\/\/chat.whatsapp.com\/GsG1XKo0jPOEfjzudWQcml\" target=\"_blank\" rel=\"noreferrer noopener\">&nbsp;Clique aqui e se inscreva.<\/a><\/em><\/strong><\/em><\/strong><\/em><\/strong><\/em><\/strong><\/em><\/strong><\/em><\/strong><\/em><\/strong><\/em><\/strong><\/em><\/strong><\/em><\/strong><\/em><\/strong><\/em><\/strong><\/em><\/strong><\/em><\/strong><\/em><\/strong><\/em><\/strong><\/em><\/strong><\/em><\/strong><\/em><\/strong><\/em><\/strong><\/em><\/strong><\/em><\/strong><\/em><\/strong><\/em><\/strong><\/em><\/strong><\/em><\/strong><\/em><\/strong><\/em><\/strong><\/em><\/strong><\/em><\/strong><\/em><\/strong><\/em><\/strong><\/em><\/strong><\/em><\/strong><\/em><\/strong><\/em><\/strong><\/em><\/strong><\/em><\/strong><\/em><\/strong><\/em><\/strong><\/em><\/strong><\/em><\/strong><\/em><\/strong><\/em><\/strong><\/em><\/strong><\/em><\/strong><\/em><\/strong><\/em><\/strong><\/em><\/strong><\/em><\/strong><\/em><\/strong><\/em><\/strong><\/em><\/strong><\/em><\/strong><\/em><\/strong><\/em><\/strong><\/em><\/strong><\/em><\/strong><\/em><\/strong><\/em><\/strong><\/em><\/strong><\/em><\/strong><\/em><\/strong><\/em><\/strong><\/p>\n","protected":false},"excerpt":{"rendered":"<p>Na noite de quarta-feira (18\/12), policiais militares capturaram um homem procurado pela Justi\u00e7a por tr\u00e1fico de drogas, no bairro S\u00e3o Jo\u00e3o, em Andradina (SP). A opera\u00e7\u00e3o ocorreu por volta das 18h05, durante um patrulhamento de rotina. A informa\u00e7\u00e3o e foto \u00e9 do Roni Paparazzi. O homem, de 21 anos, foi abordado em frente a uma &hellip;<\/p>\n","protected":false},"author":1,"featured_media":14748,"comment_status":"open","ping_status":"open","sticky":false,"template":"","format":"standard","meta":{"_jetpack_memberships_contains_paid_content":false,"footnotes":"","jetpack_publicize_message":"","jetpack_publicize_feature_enabled":true,"jetpack_social_post_already_shared":false,"jetpack_social_options":{"image_generator_settings":{"template":"highway","default_image_id":0,"enabled":false},"version":2}},"categories":[3],"tags":[],"class_list":["post-14747","post","type-post","status-publish","format-standard","has-post-thumbnail","hentry","category-policial"],"jetpack_publicize_connections":[],"jetpack_featured_media_url":"https:\/\/i0.wp.com\/www.paparazzinews.com.br\/wp-content\/uploads\/2024\/12\/01-14.jpg?fit=960%2C720&ssl=1","views":"1043","jetpack_likes_enabled":true,"jetpack_sharing_enabled":true,"_links":{"self":[{"href":"https:\/\/www.paparazzinews.com.br\/index.php?rest_route=\/wp\/v2\/posts\/14747","targetHints":{"allow":["GET"]}}],"collection":[{"href":"https:\/\/www.paparazzinews.com.br\/index.php?rest_route=\/wp\/v2\/posts"}],"about":[{"href":"https:\/\/www.paparazzinews.com.br\/index.php?rest_route=\/wp\/v2\/types\/post"}],"author":[{"embeddable":true,"href":"https:\/\/www.paparazzinews.com.br\/index.php?rest_route=\/wp\/v2\/users\/1"}],"replies":[{"embeddable":true,"href":"https:\/\/www.paparazzinews.com.br\/index.php?rest_route=%2Fwp%2Fv2%2Fcomments&post=14747"}],"version-history":[{"count":1,"href":"https:\/\/www.paparazzinews.com.br\/index.php?rest_route=\/wp\/v2\/posts\/14747\/revisions"}],"predecessor-version":[{"id":14749,"href":"https:\/\/www.paparazzinews.com.br\/index.php?rest_route=\/wp\/v2\/posts\/14747\/revisions\/14749"}],"wp:featuredmedia":[{"embeddable":true,"href":"https:\/\/www.paparazzinews.com.br\/index.php?rest_route=\/wp\/v2\/media\/14748"}],"wp:attachment":[{"href":"https:\/\/www.paparazzinews.com.br\/index.php?rest_route=%2Fwp%2Fv2%2Fmedia&parent=14747"}],"wp:term":[{"taxonomy":"category","embeddable":true,"href":"https:\/\/www.paparazzinews.com.br\/index.php?rest_route=%2Fwp%2Fv2%2Fcategories&post=14747"},{"taxonomy":"post_tag","embeddable":true,"href":"https:\/\/www.paparazzinews.com.br\/index.php?rest_route=%2Fwp%2Fv2%2Ftags&post=14747"}],"curies":[{"name":"wp","href":"https:\/\/api.w.org\/{rel}","templated":true}]}}