{"id":14631,"date":"2024-12-17T18:57:04","date_gmt":"2024-12-17T21:57:04","guid":{"rendered":"https:\/\/www.paparazzinews.com.br\/?p=14631"},"modified":"2024-12-17T18:57:04","modified_gmt":"2024-12-17T21:57:04","slug":"decreto-no-56-2024-ponto-facultativo-em-nova-independencia-nas-festas-de-fim-de-ano","status":"publish","type":"post","link":"https:\/\/www.paparazzinews.com.br\/?p=14631","title":{"rendered":"Decreto n\u00ba 56\/2024: Ponto Facultativo em Nova Independ\u00eancia nas Festas de Fim de Ano"},"content":{"rendered":"\n<p>O prefeito municipal de Nova Independ\u00eancia, Fernando Machi Santana, publicou o Decreto n\u00ba 56, de 16 de dezembro de 2024, que estabelece ponto facultativo nas reparti\u00e7\u00f5es p\u00fablicas municipais durante as festas de final de ano.<\/p>\n\n\n\n<p><strong>Calend\u00e1rio de Ponto Facultativo<\/strong><\/p>\n\n\n\n<ul class=\"wp-block-list\">\n<li>24 de dezembro de 2024 (ter\u00e7a-feira): Expediente encerrado \u00e0s 12h.<\/li>\n\n\n\n<li>26 de dezembro de 2024 (quinta-feira): Expediente inicia \u00e0s 12h.<\/li>\n\n\n\n<li>31 de dezembro de 2024 (ter\u00e7a-feira): Ponto facultativo o dia todo, sem expediente.<\/li>\n\n\n\n<li>2 de janeiro de 2025 (quinta-feira): Ponto facultativo o dia todo, sem expediente.<\/li>\n<\/ul>\n\n\n\n<p><strong>Servi\u00e7os Essenciais<\/strong><\/p>\n\n\n\n<p>Os servi\u00e7os essenciais que n\u00e3o podem ser interrompidos dever\u00e3o manter uma escala de plant\u00e3o, garantindo a continuidade do atendimento \u00e0 popula\u00e7\u00e3o.<\/p>\n\n\n\n<p>O decreto entra em vigor na data de sua publica\u00e7\u00e3o.<\/p>\n\n\n\n<p><strong><em><strong><em><strong><em><strong><em><strong><em><strong><em><strong><em><strong><em><strong><em><strong><em><strong><em><strong><em><strong><em><strong><em><strong><em><strong><em><strong><em><strong><em><strong><em><strong><em><strong><em><strong><em><strong><em><strong><em><strong><em><strong><em><strong><em><strong><em><strong><em><strong><em><strong><em><strong><em><strong><em><strong><em><strong><em><strong><em><strong><em><strong><em><strong><em><strong><em><strong><em><strong><em><strong><em><strong><em><strong><em><strong><em><strong><em><strong><em><strong><em><strong><em><strong><em><strong><em><strong><em><strong><em><strong><em><strong><em><strong><em><strong><em><strong><em><strong><em><strong><em><strong><em><strong><em><strong><em><strong>Siga nossas redes sociais no\u00a0<a href=\"https:\/\/www.instagram.com\/ronipaparazzi\/\">Instagram\u00a0<\/a>e\u00a0<a href=\"https:\/\/www.facebook.com\/ronipaparazzicomvoce\">Facebook<\/a>\u00a0participe da nossa comunidade do Canal Roni Paparazzi no Whatsapp e receba as principais not\u00edcias da regi\u00e3o de Ara\u00e7atuba do dia direto no seu celular.<\/strong>\u00a0<a href=\"https:\/\/chat.whatsapp.com\/GsG1XKo0jPOEfjzudWQcml\" target=\"_blank\" rel=\"noreferrer noopener\">\u00a0Clique aqui e se inscreva.<\/a><\/em><\/strong><\/em><\/strong><\/em><\/strong><\/em><\/strong><\/em><\/strong><\/em><\/strong><\/em><\/strong><\/em><\/strong><\/em><\/strong><\/em><\/strong><\/em><\/strong><\/em><\/strong><\/em><\/strong><\/em><\/strong><\/em><\/strong><\/em><\/strong><\/em><\/strong><\/em><\/strong><\/em><\/strong><\/em><\/strong><\/em><\/strong><\/em><\/strong><\/em><\/strong><\/em><\/strong><\/em><\/strong><\/em><\/strong><\/em><\/strong><\/em><\/strong><\/em><\/strong><\/em><\/strong><\/em><\/strong><\/em><\/strong><\/em><\/strong><\/em><\/strong><\/em><\/strong><\/em><\/strong><\/em><\/strong><\/em><\/strong><\/em><\/strong><\/em><\/strong><\/em><\/strong><\/em><\/strong><\/em><\/strong><\/em><\/strong><\/em><\/strong><\/em><\/strong><\/em><\/strong><\/em><\/strong><\/em><\/strong><\/em><\/strong><\/em><\/strong><\/em><\/strong><\/em><\/strong><\/em><\/strong><\/em><\/strong><\/em><\/strong><\/em><\/strong><\/em><\/strong><\/em><\/strong><\/em><\/strong><\/em><\/strong><\/em><\/strong><\/em><\/strong><\/em><\/strong><\/p>\n","protected":false},"excerpt":{"rendered":"<p>O prefeito municipal de Nova Independ\u00eancia, Fernando Machi Santana, publicou o Decreto n\u00ba 56, de 16 de dezembro de 2024, que estabelece ponto facultativo nas reparti\u00e7\u00f5es p\u00fablicas municipais durante as festas de final de ano. Calend\u00e1rio de Ponto Facultativo 24 de dezembro de 2024 (ter\u00e7a-feira): Expediente encerrado \u00e0s 12h. 26 de dezembro de 2024 (quinta-feira): &hellip;<\/p>\n","protected":false},"author":1,"featured_media":14632,"comment_status":"open","ping_status":"open","sticky":false,"template":"","format":"standard","meta":{"_jetpack_memberships_contains_paid_content":false,"footnotes":"","jetpack_publicize_message":"","jetpack_publicize_feature_enabled":true,"jetpack_social_post_already_shared":false,"jetpack_social_options":{"image_generator_settings":{"template":"highway","default_image_id":0,"enabled":false},"version":2}},"categories":[4],"tags":[],"class_list":["post-14631","post","type-post","status-publish","format-standard","has-post-thumbnail","hentry","category-regiao"],"jetpack_publicize_connections":[],"jetpack_featured_media_url":"https:\/\/i0.wp.com\/www.paparazzinews.com.br\/wp-content\/uploads\/2024\/12\/Mu-1.jpg?fit=512%2C202&ssl=1","views":"664","jetpack_likes_enabled":true,"jetpack_sharing_enabled":true,"_links":{"self":[{"href":"https:\/\/www.paparazzinews.com.br\/index.php?rest_route=\/wp\/v2\/posts\/14631","targetHints":{"allow":["GET"]}}],"collection":[{"href":"https:\/\/www.paparazzinews.com.br\/index.php?rest_route=\/wp\/v2\/posts"}],"about":[{"href":"https:\/\/www.paparazzinews.com.br\/index.php?rest_route=\/wp\/v2\/types\/post"}],"author":[{"embeddable":true,"href":"https:\/\/www.paparazzinews.com.br\/index.php?rest_route=\/wp\/v2\/users\/1"}],"replies":[{"embeddable":true,"href":"https:\/\/www.paparazzinews.com.br\/index.php?rest_route=%2Fwp%2Fv2%2Fcomments&post=14631"}],"version-history":[{"count":1,"href":"https:\/\/www.paparazzinews.com.br\/index.php?rest_route=\/wp\/v2\/posts\/14631\/revisions"}],"predecessor-version":[{"id":14633,"href":"https:\/\/www.paparazzinews.com.br\/index.php?rest_route=\/wp\/v2\/posts\/14631\/revisions\/14633"}],"wp:featuredmedia":[{"embeddable":true,"href":"https:\/\/www.paparazzinews.com.br\/index.php?rest_route=\/wp\/v2\/media\/14632"}],"wp:attachment":[{"href":"https:\/\/www.paparazzinews.com.br\/index.php?rest_route=%2Fwp%2Fv2%2Fmedia&parent=14631"}],"wp:term":[{"taxonomy":"category","embeddable":true,"href":"https:\/\/www.paparazzinews.com.br\/index.php?rest_route=%2Fwp%2Fv2%2Fcategories&post=14631"},{"taxonomy":"post_tag","embeddable":true,"href":"https:\/\/www.paparazzinews.com.br\/index.php?rest_route=%2Fwp%2Fv2%2Ftags&post=14631"}],"curies":[{"name":"wp","href":"https:\/\/api.w.org\/{rel}","templated":true}]}}