{"id":14628,"date":"2024-12-17T18:47:57","date_gmt":"2024-12-17T21:47:57","guid":{"rendered":"https:\/\/www.paparazzinews.com.br\/?p=14628"},"modified":"2024-12-17T18:47:58","modified_gmt":"2024-12-17T21:47:58","slug":"prefeitura-de-murutinga-do-sul-publica-portaria-que-reformula-coordenadoria-municipal-de-defesa-civil","status":"publish","type":"post","link":"https:\/\/www.paparazzinews.com.br\/?p=14628","title":{"rendered":"Prefeitura de Murutinga do Sul publica portaria que reformula Coordenadoria Municipal de Defesa Civil"},"content":{"rendered":"\n<p>A Prefeitura Municipal de Murutinga do Sul publicou a Portaria n\u00ba 0187, de 16 de dezembro de 2024, que reformula a Coordenadoria Municipal de Defesa Civil (COMDEC). A medida foi tomada pelo prefeito Cristiano Eleuterio Soares da Silva, com base na Lei Municipal n\u00ba 1.445 e no Decreto n\u00ba 2.038. A informa\u00e7\u00e3o \u00e9 do Roni Paparazzi e Foto: <\/p>\n\n\n\n<p><strong>Nova Estrutura da COMDEC<\/strong><\/p>\n\n\n\n<p>A nova estrutura da COMDEC ficar\u00e1 assim constitu\u00edda:<\/p>\n\n\n\n<ul class=\"wp-block-list\">\n<li>Coordenador: Gerson Roberto Doreto<\/li>\n\n\n\n<li>Secret\u00e1rio: Isa Sales Vignoli<\/li>\n\n\n\n<li>Setor T\u00e9cnico: Luiz Caris<\/li>\n\n\n\n<li>Setor Operativo: Milton Cesar Furini<\/li>\n<\/ul>\n\n\n\n<p><strong>Vig\u00eancia<\/strong><\/p>\n\n\n\n<p>A portaria entra em vigor na data de sua publica\u00e7\u00e3o e revoga a Portaria n\u00ba 084, de 25 de maio de 2022.<\/p>\n\n\n\n<p><strong><em><strong><em><strong><em><strong><em><strong><em><strong><em><strong><em><strong><em><strong><em><strong><em><strong><em><strong><em><strong><em><strong><em><strong><em><strong><em><strong><em><strong><em><strong><em><strong><em><strong><em><strong><em><strong><em><strong><em><strong><em><strong><em><strong><em><strong><em><strong><em><strong><em><strong><em><strong><em><strong><em><strong><em><strong><em><strong><em><strong><em><strong><em><strong><em><strong><em><strong><em><strong><em><strong><em><strong><em><strong><em><strong><em><strong><em><strong><em><strong><em><strong><em><strong><em><strong><em><strong><em><strong><em><strong><em><strong><em><strong><em><strong><em><strong><em><strong><em><strong><em><strong><em><strong><em><strong><em><strong>Siga nossas redes sociais no\u00a0<a href=\"https:\/\/www.instagram.com\/ronipaparazzi\/\">Instagram\u00a0<\/a>e\u00a0<a href=\"https:\/\/www.facebook.com\/ronipaparazzicomvoce\">Facebook<\/a>\u00a0participe da nossa comunidade do Canal Roni Paparazzi no Whatsapp e receba as principais not\u00edcias da regi\u00e3o de Ara\u00e7atuba do dia direto no seu celular.<\/strong>\u00a0<a href=\"https:\/\/chat.whatsapp.com\/GsG1XKo0jPOEfjzudWQcml\" target=\"_blank\" rel=\"noreferrer noopener\">\u00a0Clique aqui e se inscreva.<\/a><\/em><\/strong><\/em><\/strong><\/em><\/strong><\/em><\/strong><\/em><\/strong><\/em><\/strong><\/em><\/strong><\/em><\/strong><\/em><\/strong><\/em><\/strong><\/em><\/strong><\/em><\/strong><\/em><\/strong><\/em><\/strong><\/em><\/strong><\/em><\/strong><\/em><\/strong><\/em><\/strong><\/em><\/strong><\/em><\/strong><\/em><\/strong><\/em><\/strong><\/em><\/strong><\/em><\/strong><\/em><\/strong><\/em><\/strong><\/em><\/strong><\/em><\/strong><\/em><\/strong><\/em><\/strong><\/em><\/strong><\/em><\/strong><\/em><\/strong><\/em><\/strong><\/em><\/strong><\/em><\/strong><\/em><\/strong><\/em><\/strong><\/em><\/strong><\/em><\/strong><\/em><\/strong><\/em><\/strong><\/em><\/strong><\/em><\/strong><\/em><\/strong><\/em><\/strong><\/em><\/strong><\/em><\/strong><\/em><\/strong><\/em><\/strong><\/em><\/strong><\/em><\/strong><\/em><\/strong><\/em><\/strong><\/em><\/strong><\/em><\/strong><\/em><\/strong><\/em><\/strong><\/em><\/strong><\/em><\/strong><\/em><\/strong><\/em><\/strong><\/em><\/strong><\/em><\/strong><\/p>\n","protected":false},"excerpt":{"rendered":"<p>A Prefeitura Municipal de Murutinga do Sul publicou a Portaria n\u00ba 0187, de 16 de dezembro de 2024, que reformula a Coordenadoria Municipal de Defesa Civil (COMDEC). A medida foi tomada pelo prefeito Cristiano Eleuterio Soares da Silva, com base na Lei Municipal n\u00ba 1.445 e no Decreto n\u00ba 2.038. A informa\u00e7\u00e3o \u00e9 do Roni &hellip;<\/p>\n","protected":false},"author":1,"featured_media":14629,"comment_status":"open","ping_status":"open","sticky":false,"template":"","format":"standard","meta":{"_jetpack_memberships_contains_paid_content":false,"footnotes":"","jetpack_publicize_message":"","jetpack_publicize_feature_enabled":true,"jetpack_social_post_already_shared":false,"jetpack_social_options":{"image_generator_settings":{"template":"highway","default_image_id":0,"enabled":false},"version":2}},"categories":[4],"tags":[],"class_list":["post-14628","post","type-post","status-publish","format-standard","has-post-thumbnail","hentry","category-regiao"],"jetpack_publicize_connections":[],"jetpack_featured_media_url":"https:\/\/i0.wp.com\/www.paparazzinews.com.br\/wp-content\/uploads\/2024\/12\/image001.png?fit=800%2C533&ssl=1","views":"728","jetpack_likes_enabled":true,"jetpack_sharing_enabled":true,"_links":{"self":[{"href":"https:\/\/www.paparazzinews.com.br\/index.php?rest_route=\/wp\/v2\/posts\/14628","targetHints":{"allow":["GET"]}}],"collection":[{"href":"https:\/\/www.paparazzinews.com.br\/index.php?rest_route=\/wp\/v2\/posts"}],"about":[{"href":"https:\/\/www.paparazzinews.com.br\/index.php?rest_route=\/wp\/v2\/types\/post"}],"author":[{"embeddable":true,"href":"https:\/\/www.paparazzinews.com.br\/index.php?rest_route=\/wp\/v2\/users\/1"}],"replies":[{"embeddable":true,"href":"https:\/\/www.paparazzinews.com.br\/index.php?rest_route=%2Fwp%2Fv2%2Fcomments&post=14628"}],"version-history":[{"count":1,"href":"https:\/\/www.paparazzinews.com.br\/index.php?rest_route=\/wp\/v2\/posts\/14628\/revisions"}],"predecessor-version":[{"id":14630,"href":"https:\/\/www.paparazzinews.com.br\/index.php?rest_route=\/wp\/v2\/posts\/14628\/revisions\/14630"}],"wp:featuredmedia":[{"embeddable":true,"href":"https:\/\/www.paparazzinews.com.br\/index.php?rest_route=\/wp\/v2\/media\/14629"}],"wp:attachment":[{"href":"https:\/\/www.paparazzinews.com.br\/index.php?rest_route=%2Fwp%2Fv2%2Fmedia&parent=14628"}],"wp:term":[{"taxonomy":"category","embeddable":true,"href":"https:\/\/www.paparazzinews.com.br\/index.php?rest_route=%2Fwp%2Fv2%2Fcategories&post=14628"},{"taxonomy":"post_tag","embeddable":true,"href":"https:\/\/www.paparazzinews.com.br\/index.php?rest_route=%2Fwp%2Fv2%2Ftags&post=14628"}],"curies":[{"name":"wp","href":"https:\/\/api.w.org\/{rel}","templated":true}]}}