{"id":1461,"date":"2022-12-14T11:56:26","date_gmt":"2022-12-14T14:56:26","guid":{"rendered":"https:\/\/www.paparazzinews.com.br\/?p=1461"},"modified":"2022-12-14T11:56:27","modified_gmt":"2022-12-14T14:56:27","slug":"encerra-quinta-concurso-de-decoracoes-natalinas-em-andradina","status":"publish","type":"post","link":"https:\/\/www.paparazzinews.com.br\/?p=1461","title":{"rendered":"Encerra quinta concurso de decora\u00e7\u00f5es natalinas em Andradina"},"content":{"rendered":"\n<p>A Prefeitura de Andradina prorrogou at\u00e9 esta quinta-feira (15) as inscri\u00e7\u00f5es para seu concurso de decora\u00e7\u00f5es de Natal. As inscri\u00e7\u00f5es s\u00e3o feitas atrav\u00e9s do site da prefeitura (andradina.sp.gov.br).<\/p>\n\n\n\n<p>Novamente decorar as resid\u00eancias ou com\u00e9rcio agora vale pr\u00eamios em Andradina, gra\u00e7as ao Concurso Sonho de Natal que, em sua segunda edi\u00e7\u00e3o, vai continuar a premiar as 5 melhores decora\u00e7\u00f5es natalinas em duas modalidades, resid\u00eancias e com\u00e9rcio.<\/p>\n\n\n\n<p>O Sonho de Natal \u00e9 um incentivo aos comerciantes e moradores manter viva a chama das luzes natalinas num verdadeiro Natal de Magia. O concurso de decora\u00e7\u00e3o natalina vai premiar os cinco primeiros lugares nas duas modalidades, sendo cinco para vitrines do com\u00e9rcio e cinco para fachadas de resid\u00eancias.<\/p>\n\n\n\n<p><strong>Mudan\u00e7a<\/strong><br>A pr\u00e9-sele\u00e7\u00e3o dos concorrentes acontecer\u00e1 por uma comiss\u00e3o e a escolha ser\u00e1 por intera\u00e7\u00f5es nas redes sociais do Governo de Andradina. Ou seja, as 5 melhores fachadas de cada categoria (residencial ou comercial), ser\u00e3o submetidas \u00e0 avalia\u00e7\u00e3o por voto popular atrav\u00e9s das redes sociais somando os n\u00fameros de curtidas pelo Facebook oficial do Governo de Andradina e pelo Instagram @sonhodenatalandradina. N\u00e3o ser\u00e3o contabilizados os coment\u00e1rios e compartilhamentos, apenas o n\u00famero de curtidas nas fotos apresentadas. A soma de votos pelas redes sociais definir\u00e1 a classifica\u00e7\u00e3o final para o efeito das premia\u00e7\u00f5es.\u201d<\/p>\n\n\n\n<p>A vota\u00e7\u00e3o ser\u00e1 aberta no dia 16 e os vencedores ser\u00e3o conhecidos em 26 de dezembro.<\/p>\n\n\n\n<p><strong>Para as fachadas residenciais e com\u00e9rcios os pr\u00eamios ser\u00e3o distribu\u00eddos da seguinte maneira:<\/strong><\/p>\n\n\n\n<p>\u2013 1\u00ba lugar: 01 Certificado e um pr\u00eamio no valor de R$ 5.000,00 (cinco mil reais);<br>\u2013 2\u00ba lugar: 01 Certificado e um pr\u00eamio no valor de R$ 4.000,00 (quatro mil reais);<br>\u2013 3\u00ba lugar: O1 Certificado e um pr\u00eamio no valor de RS 3.000,00 (tr\u00eas mil reais);<br>\u2013 4\u00ba lugar: 01 Certificado e um pr\u00eamio no valor de R$ 2.000,00 (dois mil reais);<br>\u2013 5\u00ba lugar: 01 Certificado e um pr\u00eamio no valor de R$ 1.000,00 (um mil reais);<\/p>\n","protected":false},"excerpt":{"rendered":"<p>A Prefeitura de Andradina prorrogou at\u00e9 esta quinta-feira (15) as inscri\u00e7\u00f5es para seu concurso de decora\u00e7\u00f5es de Natal. As inscri\u00e7\u00f5es s\u00e3o feitas atrav\u00e9s do site da prefeitura (andradina.sp.gov.br). Novamente decorar as resid\u00eancias ou com\u00e9rcio agora vale pr\u00eamios em Andradina, gra\u00e7as ao Concurso Sonho de Natal que, em sua segunda edi\u00e7\u00e3o, vai continuar a premiar as &hellip;<\/p>\n","protected":false},"author":1,"featured_media":1462,"comment_status":"open","ping_status":"open","sticky":false,"template":"","format":"standard","meta":{"_jetpack_memberships_contains_paid_content":false,"footnotes":"","jetpack_publicize_message":"","jetpack_publicize_feature_enabled":true,"jetpack_social_post_already_shared":false,"jetpack_social_options":{"image_generator_settings":{"template":"highway","default_image_id":0,"enabled":false},"version":2}},"categories":[6],"tags":[],"class_list":["post-1461","post","type-post","status-publish","format-standard","has-post-thumbnail","hentry","category-entretenimento"],"jetpack_publicize_connections":[],"jetpack_featured_media_url":"https:\/\/i0.wp.com\/www.paparazzinews.com.br\/wp-content\/uploads\/2022\/12\/36b41dbf-2700-4cc3-8507-ee824419088a-e1671029732274.jpg?fit=1000%2C666&ssl=1","views":"2449","jetpack_likes_enabled":true,"jetpack_sharing_enabled":true,"_links":{"self":[{"href":"https:\/\/www.paparazzinews.com.br\/index.php?rest_route=\/wp\/v2\/posts\/1461","targetHints":{"allow":["GET"]}}],"collection":[{"href":"https:\/\/www.paparazzinews.com.br\/index.php?rest_route=\/wp\/v2\/posts"}],"about":[{"href":"https:\/\/www.paparazzinews.com.br\/index.php?rest_route=\/wp\/v2\/types\/post"}],"author":[{"embeddable":true,"href":"https:\/\/www.paparazzinews.com.br\/index.php?rest_route=\/wp\/v2\/users\/1"}],"replies":[{"embeddable":true,"href":"https:\/\/www.paparazzinews.com.br\/index.php?rest_route=%2Fwp%2Fv2%2Fcomments&post=1461"}],"version-history":[{"count":1,"href":"https:\/\/www.paparazzinews.com.br\/index.php?rest_route=\/wp\/v2\/posts\/1461\/revisions"}],"predecessor-version":[{"id":1463,"href":"https:\/\/www.paparazzinews.com.br\/index.php?rest_route=\/wp\/v2\/posts\/1461\/revisions\/1463"}],"wp:featuredmedia":[{"embeddable":true,"href":"https:\/\/www.paparazzinews.com.br\/index.php?rest_route=\/wp\/v2\/media\/1462"}],"wp:attachment":[{"href":"https:\/\/www.paparazzinews.com.br\/index.php?rest_route=%2Fwp%2Fv2%2Fmedia&parent=1461"}],"wp:term":[{"taxonomy":"category","embeddable":true,"href":"https:\/\/www.paparazzinews.com.br\/index.php?rest_route=%2Fwp%2Fv2%2Fcategories&post=1461"},{"taxonomy":"post_tag","embeddable":true,"href":"https:\/\/www.paparazzinews.com.br\/index.php?rest_route=%2Fwp%2Fv2%2Ftags&post=1461"}],"curies":[{"name":"wp","href":"https:\/\/api.w.org\/{rel}","templated":true}]}}