{"id":14598,"date":"2024-12-17T16:39:10","date_gmt":"2024-12-17T19:39:10","guid":{"rendered":"https:\/\/www.paparazzinews.com.br\/?p=14598"},"modified":"2024-12-17T16:39:12","modified_gmt":"2024-12-17T19:39:12","slug":"procon-sp-recebe-pedidos-de-renegociacao-de-dividas-ate-17-de-janeiro","status":"publish","type":"post","link":"https:\/\/www.paparazzinews.com.br\/?p=14598","title":{"rendered":"Procon-SP recebe pedidos de renegocia\u00e7\u00e3o de d\u00edvidas at\u00e9 17 de janeiro"},"content":{"rendered":"\n<p>O Procon-SP iniciou, no dia 16 de dezembro, o per\u00edodo de cadastramento para a segunda edi\u00e7\u00e3o do programa &#8220;Renegocia!&#8221;, que visa auxiliar consumidores endividados. Os interessados t\u00eam at\u00e9 o dia 17 de janeiro para registrar suas d\u00edvidas no site do Procon-SP ou presencialmente, mediante agendamento, em um dos tr\u00eas endere\u00e7os dispon\u00edveis na capital. A informa\u00e7\u00e3o \u00e9 do Roni Paparazzi e Foto: Governo de SP.<\/p>\n\n\n\n<p><strong>Tipos de d\u00edvidas que podem ser renegociadas<\/strong><\/p>\n\n\n\n<ul class=\"wp-block-list\">\n<li>D\u00edvidas de telefonia<\/li>\n\n\n\n<li>D\u00edvidas de \u00e1gua<\/li>\n\n\n\n<li>D\u00edvidas de luz e energia el\u00e9trica<\/li>\n\n\n\n<li>D\u00edvidas com planos de sa\u00fade<\/li>\n\n\n\n<li>D\u00edvidas banc\u00e1rias e n\u00e3o banc\u00e1rias (exceto financiamento de im\u00f3veis, aquelas que tenham bens como garantia e cr\u00e9dito rural)<\/li>\n<\/ul>\n\n\n\n<p><strong>Como participar<\/strong><\/p>\n\n\n\n<p>Os consumidores podem se cadastrar diretamente no site do Procon-SP, onde foi criado um atalho espec\u00edfico para o &#8220;Renegocia!&#8221;, ou presencialmente, mediante agendamento, em um dos seguintes endere\u00e7os:<\/p>\n\n\n\n<ul class=\"wp-block-list\">\n<li>Rua Conselheiro Furtado, 503, na Liberdade<\/li>\n\n\n\n<li>8\u00ba DP \u2013 Rua Sapucaia 206, Belenzinho<\/li>\n\n\n\n<li>44\u00ba DP \u2013 Rua Salvador Gianetti, 386, Guaianazes<\/li>\n<\/ul>\n\n\n\n<p>No interior e litoral, alguns Procons conveniados tamb\u00e9m estar\u00e3o participando do mutir\u00e3o, e todos poder\u00e3o auxiliar no registro na plataforma Procon SP Digital.<\/p>\n\n\n\n<p><strong>O que esperar ap\u00f3s o cadastramento<\/strong><\/p>\n\n\n\n<p>Um especialista analisar\u00e1 as propostas apresentadas, e, se necess\u00e1rio, encaminhar\u00e1 para o N\u00facleo de Atendimento ao Superendividado.<\/p>\n\n\n\n<p><strong><em><strong><em><strong><em><strong><em><strong><em><strong><em><strong><em><strong><em><strong><em><strong><em><strong><em><strong><em><strong><em><strong><em><strong><em><strong><em><strong><em><strong><em><strong><em><strong><em><strong><em><strong><em><strong><em><strong><em><strong><em><strong><em><strong><em><strong><em><strong><em><strong><em><strong><em><strong><em><strong><em><strong><em><strong><em><strong><em><strong><em><strong><em><strong><em><strong><em><strong><em><strong><em><strong><em><strong><em><strong><em><strong><em><strong><em><strong><em><strong><em><strong><em><strong><em><strong><em><strong><em><strong><em><strong><em><strong><em><strong><em><strong><em><strong><em><strong><em><strong><em><strong><em><strong><em><strong><em><strong>Siga nossas redes sociais no\u00a0<a href=\"https:\/\/www.instagram.com\/ronipaparazzi\/\">Instagram\u00a0<\/a>e\u00a0<a href=\"https:\/\/www.facebook.com\/ronipaparazzicomvoce\">Facebook<\/a>\u00a0participe da nossa comunidade do Canal Roni Paparazzi no Whatsapp e receba as principais not\u00edcias da regi\u00e3o de Ara\u00e7atuba do dia direto no seu celular.<\/strong>\u00a0<a href=\"https:\/\/chat.whatsapp.com\/GsG1XKo0jPOEfjzudWQcml\" target=\"_blank\" rel=\"noreferrer noopener\">\u00a0Clique aqui e se inscreva.<\/a><\/em><\/strong><\/em><\/strong><\/em><\/strong><\/em><\/strong><\/em><\/strong><\/em><\/strong><\/em><\/strong><\/em><\/strong><\/em><\/strong><\/em><\/strong><\/em><\/strong><\/em><\/strong><\/em><\/strong><\/em><\/strong><\/em><\/strong><\/em><\/strong><\/em><\/strong><\/em><\/strong><\/em><\/strong><\/em><\/strong><\/em><\/strong><\/em><\/strong><\/em><\/strong><\/em><\/strong><\/em><\/strong><\/em><\/strong><\/em><\/strong><\/em><\/strong><\/em><\/strong><\/em><\/strong><\/em><\/strong><\/em><\/strong><\/em><\/strong><\/em><\/strong><\/em><\/strong><\/em><\/strong><\/em><\/strong><\/em><\/strong><\/em><\/strong><\/em><\/strong><\/em><\/strong><\/em><\/strong><\/em><\/strong><\/em><\/strong><\/em><\/strong><\/em><\/strong><\/em><\/strong><\/em><\/strong><\/em><\/strong><\/em><\/strong><\/em><\/strong><\/em><\/strong><\/em><\/strong><\/em><\/strong><\/em><\/strong><\/em><\/strong><\/em><\/strong><\/em><\/strong><\/em><\/strong><\/em><\/strong><\/em><\/strong><\/em><\/strong><\/em><\/strong><\/em><\/strong><\/p>\n","protected":false},"excerpt":{"rendered":"<p>O Procon-SP iniciou, no dia 16 de dezembro, o per\u00edodo de cadastramento para a segunda edi\u00e7\u00e3o do programa &#8220;Renegocia!&#8221;, que visa auxiliar consumidores endividados. Os interessados t\u00eam at\u00e9 o dia 17 de janeiro para registrar suas d\u00edvidas no site do Procon-SP ou presencialmente, mediante agendamento, em um dos tr\u00eas endere\u00e7os dispon\u00edveis na capital. A informa\u00e7\u00e3o &hellip;<\/p>\n","protected":false},"author":1,"featured_media":14599,"comment_status":"open","ping_status":"open","sticky":false,"template":"","format":"standard","meta":{"_jetpack_memberships_contains_paid_content":false,"footnotes":"","jetpack_publicize_message":"","jetpack_publicize_feature_enabled":true,"jetpack_social_post_already_shared":false,"jetpack_social_options":{"image_generator_settings":{"template":"highway","default_image_id":0,"enabled":false},"version":2}},"categories":[4],"tags":[],"class_list":["post-14598","post","type-post","status-publish","format-standard","has-post-thumbnail","hentry","category-regiao"],"jetpack_publicize_connections":[],"jetpack_featured_media_url":"https:\/\/i0.wp.com\/www.paparazzinews.com.br\/wp-content\/uploads\/2024\/12\/Procon-4-1024x683-1.jpg?fit=1024%2C683&ssl=1","views":"694","jetpack_likes_enabled":true,"jetpack_sharing_enabled":true,"_links":{"self":[{"href":"https:\/\/www.paparazzinews.com.br\/index.php?rest_route=\/wp\/v2\/posts\/14598","targetHints":{"allow":["GET"]}}],"collection":[{"href":"https:\/\/www.paparazzinews.com.br\/index.php?rest_route=\/wp\/v2\/posts"}],"about":[{"href":"https:\/\/www.paparazzinews.com.br\/index.php?rest_route=\/wp\/v2\/types\/post"}],"author":[{"embeddable":true,"href":"https:\/\/www.paparazzinews.com.br\/index.php?rest_route=\/wp\/v2\/users\/1"}],"replies":[{"embeddable":true,"href":"https:\/\/www.paparazzinews.com.br\/index.php?rest_route=%2Fwp%2Fv2%2Fcomments&post=14598"}],"version-history":[{"count":1,"href":"https:\/\/www.paparazzinews.com.br\/index.php?rest_route=\/wp\/v2\/posts\/14598\/revisions"}],"predecessor-version":[{"id":14600,"href":"https:\/\/www.paparazzinews.com.br\/index.php?rest_route=\/wp\/v2\/posts\/14598\/revisions\/14600"}],"wp:featuredmedia":[{"embeddable":true,"href":"https:\/\/www.paparazzinews.com.br\/index.php?rest_route=\/wp\/v2\/media\/14599"}],"wp:attachment":[{"href":"https:\/\/www.paparazzinews.com.br\/index.php?rest_route=%2Fwp%2Fv2%2Fmedia&parent=14598"}],"wp:term":[{"taxonomy":"category","embeddable":true,"href":"https:\/\/www.paparazzinews.com.br\/index.php?rest_route=%2Fwp%2Fv2%2Fcategories&post=14598"},{"taxonomy":"post_tag","embeddable":true,"href":"https:\/\/www.paparazzinews.com.br\/index.php?rest_route=%2Fwp%2Fv2%2Ftags&post=14598"}],"curies":[{"name":"wp","href":"https:\/\/api.w.org\/{rel}","templated":true}]}}