{"id":14585,"date":"2024-12-17T16:24:16","date_gmt":"2024-12-17T19:24:16","guid":{"rendered":"https:\/\/www.paparazzinews.com.br\/?p=14585"},"modified":"2024-12-17T16:24:17","modified_gmt":"2024-12-17T19:24:17","slug":"policia-militar-de-sp-forma-199-novos-aspirantes-e-atinge-maior-efetivo-em-14-anos","status":"publish","type":"post","link":"https:\/\/www.paparazzinews.com.br\/?p=14585","title":{"rendered":"Pol\u00edcia Militar de SP forma 199 novos aspirantes e atinge maior efetivo em 14 anos"},"content":{"rendered":"\n<p>O governador Tarc\u00edsio de Freitas participou na sexta-feira (13\/12) da formatura de 199 alunos-oficiais na Academia de Pol\u00edcia Militar do Barro Branco. Os novos aspirantes, que se tornar\u00e3o 2\u00ba tenentes, ser\u00e3o distribu\u00eddos em todas as regi\u00f5es do estado. A informa\u00e7\u00e3o \u00e9 do Roni Paparazzi e Foto: Celso Silva\/Governo do Estado de SP.<\/p>\n\n\n\n<p>Durante a cerim\u00f4nia, o governador destacou a import\u00e2ncia do esfor\u00e7o e dedica\u00e7\u00e3o dos formandos e suas fam\u00edlias. &#8220;Esse \u00e9 um dia especial, de celebra\u00e7\u00e3o e de sentimentos onde passado, presente e futuro se interceptam&#8221;, afirmou.<\/p>\n\n\n\n<p>Com essa formatura, a Pol\u00edcia Militar de SP atinge o maior efetivo em 14 anos, com 5,5 mil novos agentes. Outros 2,3 mil policiais militares est\u00e3o em forma\u00e7\u00e3o.<\/p>\n\n\n\n<p>Os formandos conclu\u00edram o Bacharelado em Ci\u00eancias Policiais de Seguran\u00e7a e Ordem P\u00fablica, com notas expressivas: Luiz Eduardo Coimbra (1\u00ba lugar, nota 9,7), Jo\u00e3o Marcos Santos (2\u00ba lugar) e Kau\u00ea Henrique Castro (3\u00ba lugar).<\/p>\n\n\n\n<p><strong><em><strong><em><strong><em><strong><em><strong><em><strong><em><strong><em><strong><em><strong><em><strong><em><strong><em><strong><em><strong><em><strong><em><strong><em><strong><em><strong><em><strong><em><strong><em><strong><em><strong><em><strong><em><strong><em><strong><em><strong><em><strong><em><strong><em><strong><em><strong><em><strong><em><strong><em><strong><em><strong><em><strong><em><strong><em><strong><em><strong><em><strong><em><strong><em><strong><em><strong><em><strong><em><strong><em><strong><em><strong><em><strong><em><strong><em><strong><em><strong><em><strong><em><strong><em><strong><em><strong><em><strong><em><strong><em><strong><em><strong><em><strong><em><strong><em><strong><em><strong><em><strong><em><strong><em><strong><em><strong>Siga nossas redes sociais no\u00a0<a href=\"https:\/\/www.instagram.com\/ronipaparazzi\/\">Instagram\u00a0<\/a>e\u00a0<a href=\"https:\/\/www.facebook.com\/ronipaparazzicomvoce\">Facebook<\/a>\u00a0participe da nossa comunidade do Canal Roni Paparazzi no Whatsapp e receba as principais not\u00edcias da regi\u00e3o de Ara\u00e7atuba do dia direto no seu celular.<\/strong>\u00a0<a href=\"https:\/\/chat.whatsapp.com\/GsG1XKo0jPOEfjzudWQcml\" target=\"_blank\" rel=\"noreferrer noopener\">\u00a0Clique aqui e se inscreva.<\/a><\/em><\/strong><\/em><\/strong><\/em><\/strong><\/em><\/strong><\/em><\/strong><\/em><\/strong><\/em><\/strong><\/em><\/strong><\/em><\/strong><\/em><\/strong><\/em><\/strong><\/em><\/strong><\/em><\/strong><\/em><\/strong><\/em><\/strong><\/em><\/strong><\/em><\/strong><\/em><\/strong><\/em><\/strong><\/em><\/strong><\/em><\/strong><\/em><\/strong><\/em><\/strong><\/em><\/strong><\/em><\/strong><\/em><\/strong><\/em><\/strong><\/em><\/strong><\/em><\/strong><\/em><\/strong><\/em><\/strong><\/em><\/strong><\/em><\/strong><\/em><\/strong><\/em><\/strong><\/em><\/strong><\/em><\/strong><\/em><\/strong><\/em><\/strong><\/em><\/strong><\/em><\/strong><\/em><\/strong><\/em><\/strong><\/em><\/strong><\/em><\/strong><\/em><\/strong><\/em><\/strong><\/em><\/strong><\/em><\/strong><\/em><\/strong><\/em><\/strong><\/em><\/strong><\/em><\/strong><\/em><\/strong><\/em><\/strong><\/em><\/strong><\/em><\/strong><\/em><\/strong><\/em><\/strong><\/em><\/strong><\/em><\/strong><\/em><\/strong><\/em><\/strong><\/em><\/strong><\/p>\n","protected":false},"excerpt":{"rendered":"<p>O governador Tarc\u00edsio de Freitas participou na sexta-feira (13\/12) da formatura de 199 alunos-oficiais na Academia de Pol\u00edcia Militar do Barro Branco. Os novos aspirantes, que se tornar\u00e3o 2\u00ba tenentes, ser\u00e3o distribu\u00eddos em todas as regi\u00f5es do estado. A informa\u00e7\u00e3o \u00e9 do Roni Paparazzi e Foto: Celso Silva\/Governo do Estado de SP. Durante a cerim\u00f4nia, &hellip;<\/p>\n","protected":false},"author":1,"featured_media":14590,"comment_status":"open","ping_status":"open","sticky":false,"template":"","format":"standard","meta":{"_jetpack_memberships_contains_paid_content":false,"footnotes":"","jetpack_publicize_message":"","jetpack_publicize_feature_enabled":true,"jetpack_social_post_already_shared":false,"jetpack_social_options":{"image_generator_settings":{"template":"highway","default_image_id":0,"enabled":false},"version":2}},"categories":[3],"tags":[],"class_list":["post-14585","post","type-post","status-publish","format-standard","has-post-thumbnail","hentry","category-policial"],"jetpack_publicize_connections":[],"jetpack_featured_media_url":"https:\/\/i0.wp.com\/www.paparazzinews.com.br\/wp-content\/uploads\/2024\/12\/Formatura-Barro-Branco-2024-1024x683-1.jpg?fit=1024%2C683&ssl=1","views":"717","jetpack_likes_enabled":true,"jetpack_sharing_enabled":true,"_links":{"self":[{"href":"https:\/\/www.paparazzinews.com.br\/index.php?rest_route=\/wp\/v2\/posts\/14585","targetHints":{"allow":["GET"]}}],"collection":[{"href":"https:\/\/www.paparazzinews.com.br\/index.php?rest_route=\/wp\/v2\/posts"}],"about":[{"href":"https:\/\/www.paparazzinews.com.br\/index.php?rest_route=\/wp\/v2\/types\/post"}],"author":[{"embeddable":true,"href":"https:\/\/www.paparazzinews.com.br\/index.php?rest_route=\/wp\/v2\/users\/1"}],"replies":[{"embeddable":true,"href":"https:\/\/www.paparazzinews.com.br\/index.php?rest_route=%2Fwp%2Fv2%2Fcomments&post=14585"}],"version-history":[{"count":1,"href":"https:\/\/www.paparazzinews.com.br\/index.php?rest_route=\/wp\/v2\/posts\/14585\/revisions"}],"predecessor-version":[{"id":14591,"href":"https:\/\/www.paparazzinews.com.br\/index.php?rest_route=\/wp\/v2\/posts\/14585\/revisions\/14591"}],"wp:featuredmedia":[{"embeddable":true,"href":"https:\/\/www.paparazzinews.com.br\/index.php?rest_route=\/wp\/v2\/media\/14590"}],"wp:attachment":[{"href":"https:\/\/www.paparazzinews.com.br\/index.php?rest_route=%2Fwp%2Fv2%2Fmedia&parent=14585"}],"wp:term":[{"taxonomy":"category","embeddable":true,"href":"https:\/\/www.paparazzinews.com.br\/index.php?rest_route=%2Fwp%2Fv2%2Fcategories&post=14585"},{"taxonomy":"post_tag","embeddable":true,"href":"https:\/\/www.paparazzinews.com.br\/index.php?rest_route=%2Fwp%2Fv2%2Ftags&post=14585"}],"curies":[{"name":"wp","href":"https:\/\/api.w.org\/{rel}","templated":true}]}}