{"id":14544,"date":"2024-12-13T13:00:45","date_gmt":"2024-12-13T16:00:45","guid":{"rendered":"https:\/\/www.paparazzinews.com.br\/?p=14544"},"modified":"2024-12-13T13:00:47","modified_gmt":"2024-12-13T16:00:47","slug":"policia-militar-ambiental-de-sao-paulo-comemora-75-anos-de-atuacao","status":"publish","type":"post","link":"https:\/\/www.paparazzinews.com.br\/?p=14544","title":{"rendered":"Pol\u00edcia Militar Ambiental de S\u00e3o Paulo comemora 75 anos de atua\u00e7\u00e3o"},"content":{"rendered":"\n<p>A Pol\u00edcia Militar Ambiental de S\u00e3o Paulo completou 75 anos de atua\u00e7\u00e3o na preserva\u00e7\u00e3o do meio ambiente paulista. A comemora\u00e7\u00e3o ocorreu na sede do Comando de Policiamento Ambiental, na zona norte da capital, com a presen\u00e7a do secret\u00e1rio da Seguran\u00e7a P\u00fablica, Guilherme Derrite. A informa\u00e7\u00e3o \u00e9 do Roni Paparazzi e Foto: Divulga\u00e7\u00e3o.<\/p>\n\n\n\n<p><strong>Principais conquistas em 2024<\/strong><\/p>\n\n\n\n<ul class=\"wp-block-list\">\n<li>A\u00e7\u00f5es em unidades de conserva\u00e7\u00e3o aumentaram 148%, passando de 1,9 mil para 4,7 mil.<\/li>\n\n\n\n<li>Fiscaliza\u00e7\u00f5es de pesca ilegal subiram 83%, de 7,1 mil para 13 mil.<\/li>\n\n\n\n<li>Armas de fogo ilegais apreendidas cresceram 15%, de 308 para 353.<\/li>\n\n\n\n<li>Resgate de mais de 10 mil animais silvestres.<\/li>\n\n\n\n<li>Fiscaliza\u00e7\u00e3o de 570 com\u00e9rcios e transporte de madeira ilegal.<\/li>\n\n\n\n<li>Apreens\u00e3o de 4,1 mil palmitos in natura, 124 caminh\u00f5es ou m\u00e1quinas agr\u00edcolas e 34 bal\u00f5es.<\/li>\n\n\n\n<li>Elabora\u00e7\u00e3o de 12,7 mil autos de infra\u00e7\u00e3o.<\/li>\n<\/ul>\n\n\n\n<p><strong>Atua\u00e7\u00e3o do Copom Ambiental<\/strong><\/p>\n\n\n\n<p>O Copom Ambiental, criado este ano, atendeu 1,7 mil chamados em cerca de dois meses, relacionados a:<\/p>\n\n\n\n<ul class=\"wp-block-list\">\n<li>Resgate de animais<\/li>\n\n\n\n<li>Tr\u00e1fico e com\u00e9rcio de animais silvestres<\/li>\n\n\n\n<li>Maus-tratos a animais dom\u00e9sticos<\/li>\n\n\n\n<li>Corte de \u00e1rvores<\/li>\n\n\n\n<li>Desmatamento<\/li>\n\n\n\n<li>Orienta\u00e7\u00f5es de inc\u00eandio<\/li>\n<\/ul>\n\n\n\n<p><strong>Participa\u00e7\u00e3o em a\u00e7\u00f5es humanit\u00e1rias<\/strong><\/p>\n\n\n\n<p>A Pol\u00edcia Militar Ambiental tamb\u00e9m participou da ajuda humanit\u00e1ria ao Rio Grande do Sul, com 46 agentes, 12 viaturas, nove embarca\u00e7\u00f5es e dois caminh\u00f5es de log\u00edstica.<\/p>\n\n\n\n<p><strong>Compromisso \u00e0 popula\u00e7\u00e3o<\/strong><\/p>\n\n\n\n<p>Durante o evento, foi assinada uma carta de servi\u00e7os da PM Ambiental, reiterando o compromisso \u00e0 popula\u00e7\u00e3o paulista sobre informa\u00e7\u00f5es e servi\u00e7os dispon\u00edveis da unidade.<\/p>\n\n\n\n<p><strong><em><strong><em><strong><em><strong><em><strong><em><strong><em><strong><em><strong><em><strong><em><strong><em><strong><em><strong><em><strong><em><strong><em><strong><em><strong><em><strong><em><strong><em><strong><em><strong><em><strong><em><strong><em><strong><em><strong><em><strong><em><strong><em><strong><em><strong><em><strong><em><strong><em><strong><em><strong><em><strong><em><strong><em><strong><em><strong><em><strong><em><strong><em><strong><em><strong><em><strong><em><strong><em><strong><em><strong><em><strong><em><strong><em><strong><em><strong><em><strong><em><strong><em><strong><em><strong><em><strong><em><strong><em><strong><em><strong><em><strong><em><strong><em><strong><em><strong><em><strong><em><strong><em><strong><em><strong><em><strong>Siga nossas redes sociais no\u00a0<a href=\"https:\/\/www.instagram.com\/ronipaparazzi\/\">Instagram\u00a0<\/a>e\u00a0<a href=\"https:\/\/www.facebook.com\/ronipaparazzicomvoce\">Facebook<\/a>\u00a0participe da nossa comunidade do Canal Roni Paparazzi no Whatsapp e receba as principais not\u00edcias da regi\u00e3o de Ara\u00e7atuba do dia direto no seu celular.<\/strong>\u00a0<a href=\"https:\/\/chat.whatsapp.com\/GsG1XKo0jPOEfjzudWQcml\" target=\"_blank\" rel=\"noreferrer noopener\">\u00a0Clique aqui e se inscreva.<\/a><\/em><\/strong><\/em><\/strong><\/em><\/strong><\/em><\/strong><\/em><\/strong><\/em><\/strong><\/em><\/strong><\/em><\/strong><\/em><\/strong><\/em><\/strong><\/em><\/strong><\/em><\/strong><\/em><\/strong><\/em><\/strong><\/em><\/strong><\/em><\/strong><\/em><\/strong><\/em><\/strong><\/em><\/strong><\/em><\/strong><\/em><\/strong><\/em><\/strong><\/em><\/strong><\/em><\/strong><\/em><\/strong><\/em><\/strong><\/em><\/strong><\/em><\/strong><\/em><\/strong><\/em><\/strong><\/em><\/strong><\/em><\/strong><\/em><\/strong><\/em><\/strong><\/em><\/strong><\/em><\/strong><\/em><\/strong><\/em><\/strong><\/em><\/strong><\/em><\/strong><\/em><\/strong><\/em><\/strong><\/em><\/strong><\/em><\/strong><\/em><\/strong><\/em><\/strong><\/em><\/strong><\/em><\/strong><\/em><\/strong><\/em><\/strong><\/em><\/strong><\/em><\/strong><\/em><\/strong><\/em><\/strong><\/em><\/strong><\/em><\/strong><\/em><\/strong><\/em><\/strong><\/em><\/strong><\/em><\/strong><\/em><\/strong><\/em><\/strong><\/em><\/strong><\/em><\/strong><\/p>\n","protected":false},"excerpt":{"rendered":"<p>A Pol\u00edcia Militar Ambiental de S\u00e3o Paulo completou 75 anos de atua\u00e7\u00e3o na preserva\u00e7\u00e3o do meio ambiente paulista. A comemora\u00e7\u00e3o ocorreu na sede do Comando de Policiamento Ambiental, na zona norte da capital, com a presen\u00e7a do secret\u00e1rio da Seguran\u00e7a P\u00fablica, Guilherme Derrite. A informa\u00e7\u00e3o \u00e9 do Roni Paparazzi e Foto: Divulga\u00e7\u00e3o. Principais conquistas em &hellip;<\/p>\n","protected":false},"author":1,"featured_media":14546,"comment_status":"open","ping_status":"open","sticky":false,"template":"","format":"standard","meta":{"_jetpack_memberships_contains_paid_content":false,"footnotes":"","jetpack_publicize_message":"","jetpack_publicize_feature_enabled":true,"jetpack_social_post_already_shared":false,"jetpack_social_options":{"image_generator_settings":{"template":"highway","default_image_id":0,"enabled":false},"version":2}},"categories":[3],"tags":[],"class_list":["post-14544","post","type-post","status-publish","format-standard","has-post-thumbnail","hentry","category-policial"],"jetpack_publicize_connections":[],"jetpack_featured_media_url":"https:\/\/i0.wp.com\/www.paparazzinews.com.br\/wp-content\/uploads\/2024\/12\/00057476.jpeg?fit=1600%2C1066&ssl=1","views":"731","jetpack_likes_enabled":true,"jetpack_sharing_enabled":true,"_links":{"self":[{"href":"https:\/\/www.paparazzinews.com.br\/index.php?rest_route=\/wp\/v2\/posts\/14544","targetHints":{"allow":["GET"]}}],"collection":[{"href":"https:\/\/www.paparazzinews.com.br\/index.php?rest_route=\/wp\/v2\/posts"}],"about":[{"href":"https:\/\/www.paparazzinews.com.br\/index.php?rest_route=\/wp\/v2\/types\/post"}],"author":[{"embeddable":true,"href":"https:\/\/www.paparazzinews.com.br\/index.php?rest_route=\/wp\/v2\/users\/1"}],"replies":[{"embeddable":true,"href":"https:\/\/www.paparazzinews.com.br\/index.php?rest_route=%2Fwp%2Fv2%2Fcomments&post=14544"}],"version-history":[{"count":1,"href":"https:\/\/www.paparazzinews.com.br\/index.php?rest_route=\/wp\/v2\/posts\/14544\/revisions"}],"predecessor-version":[{"id":14547,"href":"https:\/\/www.paparazzinews.com.br\/index.php?rest_route=\/wp\/v2\/posts\/14544\/revisions\/14547"}],"wp:featuredmedia":[{"embeddable":true,"href":"https:\/\/www.paparazzinews.com.br\/index.php?rest_route=\/wp\/v2\/media\/14546"}],"wp:attachment":[{"href":"https:\/\/www.paparazzinews.com.br\/index.php?rest_route=%2Fwp%2Fv2%2Fmedia&parent=14544"}],"wp:term":[{"taxonomy":"category","embeddable":true,"href":"https:\/\/www.paparazzinews.com.br\/index.php?rest_route=%2Fwp%2Fv2%2Fcategories&post=14544"},{"taxonomy":"post_tag","embeddable":true,"href":"https:\/\/www.paparazzinews.com.br\/index.php?rest_route=%2Fwp%2Fv2%2Ftags&post=14544"}],"curies":[{"name":"wp","href":"https:\/\/api.w.org\/{rel}","templated":true}]}}