{"id":14528,"date":"2024-12-13T10:25:12","date_gmt":"2024-12-13T13:25:12","guid":{"rendered":"https:\/\/www.paparazzinews.com.br\/?p=14528"},"modified":"2024-12-13T10:25:14","modified_gmt":"2024-12-13T13:25:14","slug":"numero-de-pessoas-em-situacao-de-rua-no-brasil-cresce-163-em-seis-anos","status":"publish","type":"post","link":"https:\/\/www.paparazzinews.com.br\/?p=14528","title":{"rendered":"N\u00famero de pessoas em situa\u00e7\u00e3o de rua no Brasil cresce 163% em seis anos"},"content":{"rendered":"\n<p>O n\u00famero de pessoas em situa\u00e7\u00e3o de rua no Brasil cresceu 163% em apenas seis anos. Em 2018, eram 116.799 pessoas, enquanto em agosto de 2024, esse n\u00famero saltou para 308.277, de acordo com dados do Cadastro \u00danico (Cad\u00danico). Essa popula\u00e7\u00e3o representa 298.071 fam\u00edlias, em um universo de 94.587.894 indiv\u00edduos inscritos, pertencentes a 40.811.422 fam\u00edlias. A informa\u00e7\u00e3o \u00e9 do Roni Paparazzi e Foto: T\u00e2nia R\u00eago\/Ag\u00eancia Brasil.<br><\/p>\n\n\n\n<p>A pesquisa, divulgada pelo Minist\u00e9rio do Desenvolvimento e Assist\u00eancia Social, Fam\u00edlia e Combate \u00e0 Fome, aponta que jovens, analfabetos, negros e ind\u00edgenas s\u00e3o os mais afetados. Al\u00e9m disso, mulheres, idosos, pessoas com defici\u00eancia, crian\u00e7as, adolescentes, fam\u00edlias e popula\u00e7\u00e3o LGBTQIA+ tamb\u00e9m enfrentam diferentes graus de vulnerabilidade.<\/p>\n\n\n\n<p>Para o ministro Wellington Dias, os dados devem ser usados para tornar as pol\u00edticas p\u00fablicas mais eficazes. &#8220;A gente hoje n\u00e3o s\u00f3 est\u00e1 trazendo esse importante caderno, mas tamb\u00e9m a oportunidade de que tenhamos uma atualiza\u00e7\u00e3o&#8221;, destacou.<\/p>\n\n\n\n<p>A ministra Maca\u00e9 Evaristo ressaltou que a popula\u00e7\u00e3o em situa\u00e7\u00e3o de rua n\u00e3o \u00e9 um fen\u00f4meno exclusivamente brasileiro. &#8220;\u00c9 um fen\u00f4meno de in\u00fameros pa\u00edses, que tem na sua raiz tamb\u00e9m as quest\u00f5es raciais, as disputas e os debates \u00e9ticos e \u00e9tnicos que o racismo produz.&#8221;<\/p>\n\n\n\n<p>Os pesquisadores defendem a realiza\u00e7\u00e3o de um censo nacional da popula\u00e7\u00e3o em situa\u00e7\u00e3o de rua para garantir pol\u00edticas p\u00fablicas baseadas em evid\u00eancias concretas.<\/p>\n\n\n\n<p><strong><em><strong><em><strong><em><strong><em><strong><em><strong><em><strong><em><strong><em><strong><em><strong><em><strong><em><strong><em><strong><em><strong><em><strong><em><strong><em><strong><em><strong><em><strong><em><strong><em><strong><em><strong><em><strong><em><strong><em><strong><em><strong><em><strong><em><strong><em><strong><em><strong><em><strong><em><strong><em><strong><em><strong><em><strong><em><strong><em><strong><em><strong><em><strong><em><strong><em><strong><em><strong><em><strong><em><strong><em><strong><em><strong><em><strong><em><strong><em><strong><em><strong><em><strong><em><strong><em><strong><em><strong><em><strong><em><strong><em><strong><em><strong><em><strong><em><strong><em><strong><em><strong><em><strong><em><strong><em><strong>Siga nossas redes sociais no\u00a0<a href=\"https:\/\/www.instagram.com\/ronipaparazzi\/\">Instagram\u00a0<\/a>e\u00a0<a href=\"https:\/\/www.facebook.com\/ronipaparazzicomvoce\">Facebook<\/a>\u00a0participe da nossa comunidade do Canal Roni Paparazzi no Whatsapp e receba as principais not\u00edcias da regi\u00e3o de Ara\u00e7atuba do dia direto no seu celular.<\/strong>\u00a0<a href=\"https:\/\/chat.whatsapp.com\/GsG1XKo0jPOEfjzudWQcml\" target=\"_blank\" rel=\"noreferrer noopener\">\u00a0Clique aqui e se inscreva.<\/a><\/em><\/strong><\/em><\/strong><\/em><\/strong><\/em><\/strong><\/em><\/strong><\/em><\/strong><\/em><\/strong><\/em><\/strong><\/em><\/strong><\/em><\/strong><\/em><\/strong><\/em><\/strong><\/em><\/strong><\/em><\/strong><\/em><\/strong><\/em><\/strong><\/em><\/strong><\/em><\/strong><\/em><\/strong><\/em><\/strong><\/em><\/strong><\/em><\/strong><\/em><\/strong><\/em><\/strong><\/em><\/strong><\/em><\/strong><\/em><\/strong><\/em><\/strong><\/em><\/strong><\/em><\/strong><\/em><\/strong><\/em><\/strong><\/em><\/strong><\/em><\/strong><\/em><\/strong><\/em><\/strong><\/em><\/strong><\/em><\/strong><\/em><\/strong><\/em><\/strong><\/em><\/strong><\/em><\/strong><\/em><\/strong><\/em><\/strong><\/em><\/strong><\/em><\/strong><\/em><\/strong><\/em><\/strong><\/em><\/strong><\/em><\/strong><\/em><\/strong><\/em><\/strong><\/em><\/strong><\/em><\/strong><\/em><\/strong><\/em><\/strong><\/em><\/strong><\/em><\/strong><\/em><\/strong><\/em><\/strong><\/em><\/strong><\/em><\/strong><\/em><\/strong><\/em><\/strong><\/p>\n","protected":false},"excerpt":{"rendered":"<p>O n\u00famero de pessoas em situa\u00e7\u00e3o de rua no Brasil cresceu 163% em apenas seis anos. Em 2018, eram 116.799 pessoas, enquanto em agosto de 2024, esse n\u00famero saltou para 308.277, de acordo com dados do Cadastro \u00danico (Cad\u00danico). Essa popula\u00e7\u00e3o representa 298.071 fam\u00edlias, em um universo de 94.587.894 indiv\u00edduos inscritos, pertencentes a 40.811.422 fam\u00edlias. &hellip;<\/p>\n","protected":false},"author":1,"featured_media":14529,"comment_status":"open","ping_status":"open","sticky":false,"template":"","format":"standard","meta":{"_jetpack_memberships_contains_paid_content":false,"footnotes":"","jetpack_publicize_message":"","jetpack_publicize_feature_enabled":true,"jetpack_social_post_already_shared":false,"jetpack_social_options":{"image_generator_settings":{"template":"highway","default_image_id":0,"enabled":false},"version":2}},"categories":[4],"tags":[],"class_list":["post-14528","post","type-post","status-publish","format-standard","has-post-thumbnail","hentry","category-regiao"],"jetpack_publicize_connections":[],"jetpack_featured_media_url":"https:\/\/i0.wp.com\/www.paparazzinews.com.br\/wp-content\/uploads\/2024\/12\/populacao-em-situacao-de-rua-soma-308-mil-pessoas-no-pais-diz-estudo-121224_120143.jpg?fit=698%2C408&ssl=1","views":"740","jetpack_likes_enabled":true,"jetpack_sharing_enabled":true,"_links":{"self":[{"href":"https:\/\/www.paparazzinews.com.br\/index.php?rest_route=\/wp\/v2\/posts\/14528","targetHints":{"allow":["GET"]}}],"collection":[{"href":"https:\/\/www.paparazzinews.com.br\/index.php?rest_route=\/wp\/v2\/posts"}],"about":[{"href":"https:\/\/www.paparazzinews.com.br\/index.php?rest_route=\/wp\/v2\/types\/post"}],"author":[{"embeddable":true,"href":"https:\/\/www.paparazzinews.com.br\/index.php?rest_route=\/wp\/v2\/users\/1"}],"replies":[{"embeddable":true,"href":"https:\/\/www.paparazzinews.com.br\/index.php?rest_route=%2Fwp%2Fv2%2Fcomments&post=14528"}],"version-history":[{"count":1,"href":"https:\/\/www.paparazzinews.com.br\/index.php?rest_route=\/wp\/v2\/posts\/14528\/revisions"}],"predecessor-version":[{"id":14530,"href":"https:\/\/www.paparazzinews.com.br\/index.php?rest_route=\/wp\/v2\/posts\/14528\/revisions\/14530"}],"wp:featuredmedia":[{"embeddable":true,"href":"https:\/\/www.paparazzinews.com.br\/index.php?rest_route=\/wp\/v2\/media\/14529"}],"wp:attachment":[{"href":"https:\/\/www.paparazzinews.com.br\/index.php?rest_route=%2Fwp%2Fv2%2Fmedia&parent=14528"}],"wp:term":[{"taxonomy":"category","embeddable":true,"href":"https:\/\/www.paparazzinews.com.br\/index.php?rest_route=%2Fwp%2Fv2%2Fcategories&post=14528"},{"taxonomy":"post_tag","embeddable":true,"href":"https:\/\/www.paparazzinews.com.br\/index.php?rest_route=%2Fwp%2Fv2%2Ftags&post=14528"}],"curies":[{"name":"wp","href":"https:\/\/api.w.org\/{rel}","templated":true}]}}