{"id":145,"date":"2022-06-23T16:08:50","date_gmt":"2022-06-23T19:08:50","guid":{"rendered":"https:\/\/www.paparazzinews.com.br\/?p=145"},"modified":"2022-06-23T16:08:52","modified_gmt":"2022-06-23T19:08:52","slug":"sarau-o-centenario-da-semana-de-22-presenteia-castilho","status":"publish","type":"post","link":"https:\/\/www.paparazzinews.com.br\/?p=145","title":{"rendered":"Sarau \u201cO Centen\u00e1rio da Semana de 22\u201d presenteia Castilho"},"content":{"rendered":"\n<p>Os castilhenses e visitantes que compareceram ao Anfiteatro do CIEC na noite desta ter\u00e7a-feira (21) para prestigiar a apresenta\u00e7\u00e3o in\u00e9dita do Grupo de Refer\u00eancia do Projeto Guri de Ara\u00e7atuba foi presenteado com uma surpresa que n\u00e3o constava na programa\u00e7\u00e3o original do evento.<\/p>\n\n\n\n<p>Sob a reg\u00eancia do maestro Paulo Renato Louren\u00e7o, os alunos que comp\u00f5em a Camerata de Viol\u00f5es de Ara\u00e7atuba apresentaram a Su\u00edte completa do Sarau Musical \u201cO Centen\u00e1rio da Semana de 22\u201d, com pe\u00e7as de autoria pr\u00f3pria dos alunos e professor.<\/p>\n\n\n\n<p>\u201cCada m\u00fasica desta Su\u00edte representa um trabalho mundialmente conhecido da pintora brasileira Tarsila do Amaral, que foi uma das maiores refer\u00eancias nacionais da Semana de Arte Moderna realizada em 1922. Este \u00e9 o segundo espet\u00e1culo de uma s\u00e9rie de concertos que acontecer\u00e3o neste ano\u201d, destacou Paulo Renato ao apresentar o espet\u00e1culo.<\/p>\n\n\n\n<p>Outro detalhe interessante sobre a obra \u00e9 que a su\u00edte foi inteiramente composta de forma coletiva e remotamente (n\u00e3o presencial) durante este longo per\u00edodo de pandemia causado pela Covid-19. O resultado foi surpreendente, com uma miscel\u00e2nea de sons que realmente fazem lembrar alguns dos principais trabalhos de Tarsila do Amaral, como as obras \u201cA Lua\u201d, \u201cII Oper\u00e1rios\u201d e \u201cProciss\u00e3o\u201d.<\/p>\n\n\n\n<p>Al\u00e9m da Su\u00edte autoral completa, o Grupo de Refer\u00eancia tamb\u00e9m brindou Castilho com apresenta\u00e7\u00f5es dos solistas Eric Junji e Welton Ferreira, que abriram o evento j\u00e1 anunciando o qu\u00ea o p\u00fablico castilhense contemplaria a seguir.<\/p>\n\n\n\n<p>Em agradecimento aos presentes recebidos, a secret\u00e1ria municipal de Educa\u00e7\u00e3o, Cultura e Desporto \u2013 Silv\u00e2nia Cintra, convidou a assessora de Cultura \u201cN\u00ea Adono\u201d, a coordenadora do Polo Guri de Castilho \u2013 Cidinha, e os professores que ministram aulas no Guri de Castilho para anunciar que o Munic\u00edpio n\u00e3o tem medido esfor\u00e7os para promover a inclus\u00e3o social e crescimento cultural dos jovens talentos castilhenses que, num futuro n\u00e3o muito distante, poder\u00e3o at\u00e9 mesmo compor a pr\u00f3pria Camerata de Viol\u00f5es de Ara\u00e7atuba.<\/p>\n\n\n\n<p>O prefeito Paulo Boaventura, que tamb\u00e9m prestigiou o evento, parabenizou o brilhante trabalho dos alunos e o Maestro Paulo Renato pela excel\u00eancia da composi\u00e7\u00e3o:<\/p>\n\n\n\n<p>\u201cEu nunca imaginei que fosse poss\u00edvel tirar tantos sons diferentes e provocar tantas emo\u00e7\u00f5es fortes utilizando um viol\u00e3o. Todos voc\u00eas do Projeto Guri e especialmente do Grupo de Refer\u00eancia est\u00e3o de parab\u00e9ns e s\u00e3o um modelo que Castilho pretende seguir para alcan\u00e7ar tamanha excel\u00eancia\u201d, afirmou o prefeito Paulinho.<\/p>\n\n\n\n<p>Para aqueles que perderam o espet\u00e1culo, o setor de Cultura de Castilho registrou a \u00edntegra do Sarau e disponibilizou em uma playlist que os internautas podem assistir e divulgar para familiares e amigos acessando nosso canal no Youtube atrav\u00e9s do link: <a href=\"https:\/\/youtube.com\/playlist?list=PLJEfB2lihjvQouQdIQ5ZrKExSWsr-_Oo-.\">https:\/\/youtube.com\/playlist?list=PLJEfB2lihjvQouQdIQ5ZrKExSWsr-_Oo-.<\/a><\/p>\n","protected":false},"excerpt":{"rendered":"<p>Os castilhenses e visitantes que compareceram ao Anfiteatro do CIEC na noite desta ter\u00e7a-feira (21) para prestigiar a apresenta\u00e7\u00e3o in\u00e9dita do Grupo de Refer\u00eancia do Projeto Guri de Ara\u00e7atuba foi presenteado com uma surpresa que n\u00e3o constava na programa\u00e7\u00e3o original do evento. Sob a reg\u00eancia do maestro Paulo Renato Louren\u00e7o, os alunos que comp\u00f5em a &hellip;<\/p>\n","protected":false},"author":1,"featured_media":146,"comment_status":"open","ping_status":"open","sticky":false,"template":"","format":"standard","meta":{"_jetpack_memberships_contains_paid_content":false,"footnotes":"","jetpack_publicize_message":"","jetpack_publicize_feature_enabled":true,"jetpack_social_post_already_shared":false,"jetpack_social_options":{"image_generator_settings":{"template":"highway","default_image_id":0,"enabled":false},"version":2}},"categories":[6],"tags":[],"class_list":["post-145","post","type-post","status-publish","format-standard","has-post-thumbnail","hentry","category-entretenimento"],"jetpack_publicize_connections":[],"jetpack_featured_media_url":"https:\/\/i0.wp.com\/www.paparazzinews.com.br\/wp-content\/uploads\/2022\/06\/131fd5fe-fa97-4e12-99f1-e97c3b76def5.jpg?fit=1280%2C576&ssl=1","views":"3036","jetpack_likes_enabled":true,"jetpack_sharing_enabled":true,"_links":{"self":[{"href":"https:\/\/www.paparazzinews.com.br\/index.php?rest_route=\/wp\/v2\/posts\/145","targetHints":{"allow":["GET"]}}],"collection":[{"href":"https:\/\/www.paparazzinews.com.br\/index.php?rest_route=\/wp\/v2\/posts"}],"about":[{"href":"https:\/\/www.paparazzinews.com.br\/index.php?rest_route=\/wp\/v2\/types\/post"}],"author":[{"embeddable":true,"href":"https:\/\/www.paparazzinews.com.br\/index.php?rest_route=\/wp\/v2\/users\/1"}],"replies":[{"embeddable":true,"href":"https:\/\/www.paparazzinews.com.br\/index.php?rest_route=%2Fwp%2Fv2%2Fcomments&post=145"}],"version-history":[{"count":1,"href":"https:\/\/www.paparazzinews.com.br\/index.php?rest_route=\/wp\/v2\/posts\/145\/revisions"}],"predecessor-version":[{"id":147,"href":"https:\/\/www.paparazzinews.com.br\/index.php?rest_route=\/wp\/v2\/posts\/145\/revisions\/147"}],"wp:featuredmedia":[{"embeddable":true,"href":"https:\/\/www.paparazzinews.com.br\/index.php?rest_route=\/wp\/v2\/media\/146"}],"wp:attachment":[{"href":"https:\/\/www.paparazzinews.com.br\/index.php?rest_route=%2Fwp%2Fv2%2Fmedia&parent=145"}],"wp:term":[{"taxonomy":"category","embeddable":true,"href":"https:\/\/www.paparazzinews.com.br\/index.php?rest_route=%2Fwp%2Fv2%2Fcategories&post=145"},{"taxonomy":"post_tag","embeddable":true,"href":"https:\/\/www.paparazzinews.com.br\/index.php?rest_route=%2Fwp%2Fv2%2Ftags&post=145"}],"curies":[{"name":"wp","href":"https:\/\/api.w.org\/{rel}","templated":true}]}}