{"id":14498,"date":"2024-12-12T14:50:22","date_gmt":"2024-12-12T17:50:22","guid":{"rendered":"https:\/\/www.paparazzinews.com.br\/?p=14498"},"modified":"2024-12-12T14:50:23","modified_gmt":"2024-12-12T17:50:23","slug":"policia-militar-de-castilho-captura-homem-foragido-envolvido-em-trafico-de-drogas","status":"publish","type":"post","link":"https:\/\/www.paparazzinews.com.br\/?p=14498","title":{"rendered":"Pol\u00edcia Militar de Castilho captura homem foragido envolvido em tr\u00e1fico de drogas"},"content":{"rendered":"\n<p>Na manh\u00e3 desta quinta-feira (12\/12), por volta das 8h57, a Pol\u00edcia Militar de Castilho realizou a pris\u00e3o de um homem foragido da Justi\u00e7a e envolvido em tr\u00e1fico de drogas. O suspeito foi localizado em uma resid\u00eancia conhecida como ponto de tr\u00e1fico. A informa\u00e7\u00e3o \u00e9 do Roni Paparazzi e Foto: Divulga\u00e7\u00e3o.<\/p>\n\n\n\n<p>Durante a abordagem, o homem tentou se esconder em um arm\u00e1rio, mas foi encontrado e preso. Ele resistiu \u00e0 pris\u00e3o, necessitando o uso de for\u00e7a moderada para cont\u00ea-lo e algem\u00e1-lo.<\/p>\n\n\n\n<p>Foram encontrados 0,016 kg de crack no local. O suspeito foi informado de seus direitos constitucionais e conduzido \u00e0 delegacia. O delegado confirmou a pris\u00e3o com base no artigo 33 do C\u00f3digo Penal.<\/p>\n\n\n\n<p>O suspeito permanece \u00e0 disposi\u00e7\u00e3o da Justi\u00e7a.<\/p>\n\n\n\n<p><strong><em><strong><em><strong><em><strong><em><strong><em><strong><em><strong><em><strong><em><strong><em><strong><em><strong><em><strong><em><strong><em><strong><em><strong><em><strong><em><strong><em><strong><em><strong><em><strong><em><strong><em><strong><em><strong><em><strong><em><strong><em><strong><em><strong><em><strong><em><strong><em><strong><em><strong><em><strong><em><strong><em><strong><em><strong><em><strong><em><strong><em><strong><em><strong><em><strong><em><strong><em><strong><em><strong><em><strong><em><strong><em><strong><em><strong><em><strong><em><strong><em><strong><em><strong><em><strong><em><strong><em><strong><em><strong><em><strong><em><strong><em><strong><em><strong><em><strong><em><strong><em><strong><em><strong><em><strong><em><strong>Siga nossas redes sociais no\u00a0<a href=\"https:\/\/www.instagram.com\/ronipaparazzi\/\">Instagram\u00a0<\/a>e\u00a0<a href=\"https:\/\/www.facebook.com\/ronipaparazzicomvoce\">Facebook<\/a>\u00a0participe da nossa comunidade do Canal Roni Paparazzi no Whatsapp e receba as principais not\u00edcias da regi\u00e3o de Ara\u00e7atuba do dia direto no seu celular.<\/strong>\u00a0<a href=\"https:\/\/chat.whatsapp.com\/GsG1XKo0jPOEfjzudWQcml\" target=\"_blank\" rel=\"noreferrer noopener\">\u00a0Clique aqui e se inscreva.<\/a><\/em><\/strong><\/em><\/strong><\/em><\/strong><\/em><\/strong><\/em><\/strong><\/em><\/strong><\/em><\/strong><\/em><\/strong><\/em><\/strong><\/em><\/strong><\/em><\/strong><\/em><\/strong><\/em><\/strong><\/em><\/strong><\/em><\/strong><\/em><\/strong><\/em><\/strong><\/em><\/strong><\/em><\/strong><\/em><\/strong><\/em><\/strong><\/em><\/strong><\/em><\/strong><\/em><\/strong><\/em><\/strong><\/em><\/strong><\/em><\/strong><\/em><\/strong><\/em><\/strong><\/em><\/strong><\/em><\/strong><\/em><\/strong><\/em><\/strong><\/em><\/strong><\/em><\/strong><\/em><\/strong><\/em><\/strong><\/em><\/strong><\/em><\/strong><\/em><\/strong><\/em><\/strong><\/em><\/strong><\/em><\/strong><\/em><\/strong><\/em><\/strong><\/em><\/strong><\/em><\/strong><\/em><\/strong><\/em><\/strong><\/em><\/strong><\/em><\/strong><\/em><\/strong><\/em><\/strong><\/em><\/strong><\/em><\/strong><\/em><\/strong><\/em><\/strong><\/em><\/strong><\/em><\/strong><\/em><\/strong><\/em><\/strong><\/em><\/strong><\/em><\/strong><\/em><\/strong><\/p>\n","protected":false},"excerpt":{"rendered":"<p>Na manh\u00e3 desta quinta-feira (12\/12), por volta das 8h57, a Pol\u00edcia Militar de Castilho realizou a pris\u00e3o de um homem foragido da Justi\u00e7a e envolvido em tr\u00e1fico de drogas. O suspeito foi localizado em uma resid\u00eancia conhecida como ponto de tr\u00e1fico. A informa\u00e7\u00e3o \u00e9 do Roni Paparazzi e Foto: Divulga\u00e7\u00e3o. Durante a abordagem, o homem &hellip;<\/p>\n","protected":false},"author":1,"featured_media":14499,"comment_status":"open","ping_status":"open","sticky":false,"template":"","format":"standard","meta":{"_jetpack_memberships_contains_paid_content":false,"footnotes":"","jetpack_publicize_message":"","jetpack_publicize_feature_enabled":true,"jetpack_social_post_already_shared":false,"jetpack_social_options":{"image_generator_settings":{"template":"highway","default_image_id":0,"enabled":false},"version":2}},"categories":[3],"tags":[],"class_list":["post-14498","post","type-post","status-publish","format-standard","has-post-thumbnail","hentry","category-policial"],"jetpack_publicize_connections":[],"jetpack_featured_media_url":"https:\/\/i0.wp.com\/www.paparazzinews.com.br\/wp-content\/uploads\/2024\/12\/0ea25333-1489-47a1-85d6-a80f9a1697bd.jpeg?fit=1201%2C1600&ssl=1","views":"913","jetpack_likes_enabled":true,"jetpack_sharing_enabled":true,"_links":{"self":[{"href":"https:\/\/www.paparazzinews.com.br\/index.php?rest_route=\/wp\/v2\/posts\/14498","targetHints":{"allow":["GET"]}}],"collection":[{"href":"https:\/\/www.paparazzinews.com.br\/index.php?rest_route=\/wp\/v2\/posts"}],"about":[{"href":"https:\/\/www.paparazzinews.com.br\/index.php?rest_route=\/wp\/v2\/types\/post"}],"author":[{"embeddable":true,"href":"https:\/\/www.paparazzinews.com.br\/index.php?rest_route=\/wp\/v2\/users\/1"}],"replies":[{"embeddable":true,"href":"https:\/\/www.paparazzinews.com.br\/index.php?rest_route=%2Fwp%2Fv2%2Fcomments&post=14498"}],"version-history":[{"count":1,"href":"https:\/\/www.paparazzinews.com.br\/index.php?rest_route=\/wp\/v2\/posts\/14498\/revisions"}],"predecessor-version":[{"id":14500,"href":"https:\/\/www.paparazzinews.com.br\/index.php?rest_route=\/wp\/v2\/posts\/14498\/revisions\/14500"}],"wp:featuredmedia":[{"embeddable":true,"href":"https:\/\/www.paparazzinews.com.br\/index.php?rest_route=\/wp\/v2\/media\/14499"}],"wp:attachment":[{"href":"https:\/\/www.paparazzinews.com.br\/index.php?rest_route=%2Fwp%2Fv2%2Fmedia&parent=14498"}],"wp:term":[{"taxonomy":"category","embeddable":true,"href":"https:\/\/www.paparazzinews.com.br\/index.php?rest_route=%2Fwp%2Fv2%2Fcategories&post=14498"},{"taxonomy":"post_tag","embeddable":true,"href":"https:\/\/www.paparazzinews.com.br\/index.php?rest_route=%2Fwp%2Fv2%2Ftags&post=14498"}],"curies":[{"name":"wp","href":"https:\/\/api.w.org\/{rel}","templated":true}]}}