{"id":1448,"date":"2022-12-12T16:25:44","date_gmt":"2022-12-12T19:25:44","guid":{"rendered":"https:\/\/www.paparazzinews.com.br\/?p=1448"},"modified":"2022-12-12T16:25:45","modified_gmt":"2022-12-12T19:25:45","slug":"homem-sera-julgado-por-morte-de-cadela-em-andradina","status":"publish","type":"post","link":"https:\/\/www.paparazzinews.com.br\/?p=1448","title":{"rendered":"<strong>Homem ser\u00e1 julgado por morte de cadela em Andradina<\/strong>"},"content":{"rendered":"\n<p><em>Colabora\u00e7\u00e3o: Disnei Ferreira Rodrigues*<\/em><\/p>\n\n\n\n<p>&nbsp;&nbsp;&nbsp;&nbsp;&nbsp;&nbsp;&nbsp;&nbsp;&nbsp;&nbsp;&nbsp; A Promotoria de Justi\u00e7a de Andradina denunciou um aut\u00f4nomo de 29 anos por maus-tratos a animal que levou \u00e0 morte uma cadela filhote.<\/p>\n\n\n\n<p>&nbsp;&nbsp;&nbsp;&nbsp;&nbsp;&nbsp;&nbsp;&nbsp;&nbsp;&nbsp;&nbsp; De acordo com a acusa\u00e7\u00e3o, em setembro de 2021 um investigador de pol\u00edcia recebeu den\u00fancia an\u00f4nima de que um c\u00e3o sem ra\u00e7a definida, com 6 meses de idade, estava recebendo maus-tratos de um morador do Parque S\u00e3o Gabriel, em Andradina.<\/p>\n\n\n\n<p>&nbsp;&nbsp;&nbsp;&nbsp;&nbsp;&nbsp;&nbsp;&nbsp;&nbsp;&nbsp;&nbsp; O policial esteve na resid\u00eancia apontada e o morador permitiu a entrada.<\/p>\n\n\n\n<p>&nbsp;&nbsp;&nbsp;&nbsp;&nbsp;&nbsp;&nbsp;&nbsp;&nbsp;&nbsp;&nbsp; Conforme a den\u00fancia do Minist\u00e9rio P\u00fablico, o animal estava em estado deplor\u00e1vel, faminto, muito magro e infestado de pulgas e carrapatos.<\/p>\n\n\n\n<p>&nbsp;&nbsp;&nbsp;&nbsp;&nbsp;&nbsp;&nbsp;&nbsp;&nbsp;&nbsp;&nbsp; O morador do im\u00f3vel contou ao investigador que estava com a cadela h\u00e1 cerca de 20 dias, ap\u00f3s ganh\u00e1-la em um bar, e que iria trat\u00e1-la, mas o investigador a levou at\u00e9 uma cl\u00ednica veterin\u00e1ria, onde foram diagnosticadas subnutri\u00e7\u00e3o grave, doen\u00e7a do carrapato e anemia profunda.<\/p>\n\n\n\n<p>&nbsp;&nbsp;&nbsp;&nbsp;&nbsp;&nbsp;&nbsp;&nbsp;&nbsp;&nbsp;&nbsp; Posteriormente, o animal foi levado para um lar tempor\u00e1rio, onde passou a receber tratamento com medica\u00e7\u00e3o para recuperar-se. Contudo, o animal n\u00e3o resistiu e morreu de parada cardiorrespirat\u00f3ria decorrente dos maus-tratos, conforme laudo m\u00e9dico veterin\u00e1rio.<\/p>\n\n\n\n<p>&nbsp;&nbsp;&nbsp;&nbsp;&nbsp;&nbsp;&nbsp;&nbsp;&nbsp;&nbsp;&nbsp; Se condenado, o aut\u00f4nomo poder\u00e1 ter pena de 2 a 5 anos de pris\u00e3o.<\/p>\n\n\n\n<p>&nbsp;&nbsp;&nbsp;&nbsp;&nbsp;&nbsp;&nbsp;&nbsp;&nbsp;&nbsp;&nbsp; A audi\u00eancia de julgamento ser\u00e1 no dia 16 de mar\u00e7o de 2023.<\/p>\n\n\n\n<p><em>* \u00c9 jornalista, advogado e professor de L\u00edngua Portuguesa e Sociologia<\/em><\/p>\n","protected":false},"excerpt":{"rendered":"<p>Colabora\u00e7\u00e3o: Disnei Ferreira Rodrigues* &nbsp;&nbsp;&nbsp;&nbsp;&nbsp;&nbsp;&nbsp;&nbsp;&nbsp;&nbsp;&nbsp; A Promotoria de Justi\u00e7a de Andradina denunciou um aut\u00f4nomo de 29 anos por maus-tratos a animal que levou \u00e0 morte uma cadela filhote. &nbsp;&nbsp;&nbsp;&nbsp;&nbsp;&nbsp;&nbsp;&nbsp;&nbsp;&nbsp;&nbsp; De acordo com a acusa\u00e7\u00e3o, em setembro de 2021 um investigador de pol\u00edcia recebeu den\u00fancia an\u00f4nima de que um c\u00e3o sem ra\u00e7a definida, com 6 meses &hellip;<\/p>\n","protected":false},"author":1,"featured_media":1449,"comment_status":"open","ping_status":"open","sticky":false,"template":"","format":"standard","meta":{"_jetpack_memberships_contains_paid_content":false,"footnotes":"","jetpack_publicize_message":"","jetpack_publicize_feature_enabled":true,"jetpack_social_post_already_shared":false,"jetpack_social_options":{"image_generator_settings":{"template":"highway","default_image_id":0,"enabled":false},"version":2}},"categories":[3],"tags":[],"class_list":["post-1448","post","type-post","status-publish","format-standard","has-post-thumbnail","hentry","category-policial"],"jetpack_publicize_connections":[],"jetpack_featured_media_url":"https:\/\/i0.wp.com\/www.paparazzinews.com.br\/wp-content\/uploads\/2022\/12\/PM.png?fit=940%2C788&ssl=1","views":"3760","jetpack_likes_enabled":true,"jetpack_sharing_enabled":true,"_links":{"self":[{"href":"https:\/\/www.paparazzinews.com.br\/index.php?rest_route=\/wp\/v2\/posts\/1448","targetHints":{"allow":["GET"]}}],"collection":[{"href":"https:\/\/www.paparazzinews.com.br\/index.php?rest_route=\/wp\/v2\/posts"}],"about":[{"href":"https:\/\/www.paparazzinews.com.br\/index.php?rest_route=\/wp\/v2\/types\/post"}],"author":[{"embeddable":true,"href":"https:\/\/www.paparazzinews.com.br\/index.php?rest_route=\/wp\/v2\/users\/1"}],"replies":[{"embeddable":true,"href":"https:\/\/www.paparazzinews.com.br\/index.php?rest_route=%2Fwp%2Fv2%2Fcomments&post=1448"}],"version-history":[{"count":1,"href":"https:\/\/www.paparazzinews.com.br\/index.php?rest_route=\/wp\/v2\/posts\/1448\/revisions"}],"predecessor-version":[{"id":1450,"href":"https:\/\/www.paparazzinews.com.br\/index.php?rest_route=\/wp\/v2\/posts\/1448\/revisions\/1450"}],"wp:featuredmedia":[{"embeddable":true,"href":"https:\/\/www.paparazzinews.com.br\/index.php?rest_route=\/wp\/v2\/media\/1449"}],"wp:attachment":[{"href":"https:\/\/www.paparazzinews.com.br\/index.php?rest_route=%2Fwp%2Fv2%2Fmedia&parent=1448"}],"wp:term":[{"taxonomy":"category","embeddable":true,"href":"https:\/\/www.paparazzinews.com.br\/index.php?rest_route=%2Fwp%2Fv2%2Fcategories&post=1448"},{"taxonomy":"post_tag","embeddable":true,"href":"https:\/\/www.paparazzinews.com.br\/index.php?rest_route=%2Fwp%2Fv2%2Ftags&post=1448"}],"curies":[{"name":"wp","href":"https:\/\/api.w.org\/{rel}","templated":true}]}}