{"id":14367,"date":"2024-12-10T11:36:17","date_gmt":"2024-12-10T14:36:17","guid":{"rendered":"https:\/\/www.paparazzinews.com.br\/?p=14367"},"modified":"2024-12-10T11:36:18","modified_gmt":"2024-12-10T14:36:18","slug":"inscricoes-para-almoco-nas-ferias-escolares-terminam-na-sexta","status":"publish","type":"post","link":"https:\/\/www.paparazzinews.com.br\/?p=14367","title":{"rendered":"Inscri\u00e7\u00f5es para almo\u00e7o nas F\u00e9rias Escolares terminam na sexta"},"content":{"rendered":"\n<p>As escolas da rede estadual de ensino est\u00e3o recebendo inscri\u00e7\u00f5es para o almo\u00e7o nas f\u00e9rias at\u00e9 a pr\u00f3xima sexta-feira, dia 13 de dezembro. A iniciativa \u00e9 da Secretaria da Educa\u00e7\u00e3o do Estado de S\u00e3o Paulo (Seduc-SP), que oferecer\u00e1 alimenta\u00e7\u00e3o escolar de forma centralizada em unidades de ensino espec\u00edficas. A informa\u00e7\u00e3o \u00e9 do Roni Paparazzi e Foto: Divulga\u00e7\u00e3o\/Governo de SP.<\/p>\n\n\n\n<p>Durante o recesso escolar, nos dias de semana, o almo\u00e7o ser\u00e1 servido entre as 11h e 13h30, entre os dias 2 e 31 de janeiro. Para participar, pais e familiares devem manifestar interesse por meio da Secretaria Escolar Digital (SED) ou diretamente na unidade de ensino de origem do estudante.<\/p>\n\n\n\n<p>De acordo com Tatiane Domingos, diretora t\u00e9cnica do Departamento de Alimenta\u00e7\u00e3o Escolar da Educa\u00e7\u00e3o de SP, as refei\u00e7\u00f5es ser\u00e3o oferecidas mediante demanda, evitando desperd\u00edcio de alimentos, e respeitar\u00e3o o padr\u00e3o de qualidade, sendo balanceadas e sem alimentos enlatados.<\/p>\n\n\n\n<p><strong><em><strong><em><strong><em><strong><em><strong><em><strong><em><strong><em><strong><em><strong><em><strong><em><strong><em><strong><em><strong><em><strong><em><strong><em><strong><em><strong><em><strong><em><strong><em><strong><em><strong><em><strong><em><strong><em><strong><em><strong><em><strong><em><strong><em><strong><em><strong><em><strong><em><strong><em><strong><em><strong>Siga nossas redes sociais no\u00a0<a href=\"https:\/\/www.instagram.com\/ronipaparazzi\/\">Instagram\u00a0<\/a>e\u00a0<a href=\"https:\/\/www.facebook.com\/ronipaparazzicomvoce\">Facebook<\/a>\u00a0participe da nossa comunidade do Canal Roni Paparazzi no Whatsapp e receba as principais not\u00edcias da regi\u00e3o de Ara\u00e7atuba do dia direto no seu celular.<\/strong>\u00a0<a href=\"https:\/\/chat.whatsapp.com\/GsG1XKo0jPOEfjzudWQcml\" target=\"_blank\" rel=\"noreferrer noopener\">\u00a0Clique aqui e se inscreva.<\/a><\/em><\/strong><\/em><\/strong><\/em><\/strong><\/em><\/strong><\/em><\/strong><\/em><\/strong><\/em><\/strong><\/em><\/strong><\/em><\/strong><\/em><\/strong><\/em><\/strong><\/em><\/strong><\/em><\/strong><\/em><\/strong><\/em><\/strong><\/em><\/strong><\/em><\/strong><\/em><\/strong><\/em><\/strong><\/em><\/strong><\/em><\/strong><\/em><\/strong><\/em><\/strong><\/em><\/strong><\/em><\/strong><\/em><\/strong><\/em><\/strong><\/em><\/strong><\/em><\/strong><\/em><\/strong><\/em><\/strong><\/em><\/strong><\/p>\n\n\n\n<p><\/p>\n","protected":false},"excerpt":{"rendered":"<p>As escolas da rede estadual de ensino est\u00e3o recebendo inscri\u00e7\u00f5es para o almo\u00e7o nas f\u00e9rias at\u00e9 a pr\u00f3xima sexta-feira, dia 13 de dezembro. A iniciativa \u00e9 da Secretaria da Educa\u00e7\u00e3o do Estado de S\u00e3o Paulo (Seduc-SP), que oferecer\u00e1 alimenta\u00e7\u00e3o escolar de forma centralizada em unidades de ensino espec\u00edficas. A informa\u00e7\u00e3o \u00e9 do Roni Paparazzi e &hellip;<\/p>\n","protected":false},"author":1,"featured_media":14368,"comment_status":"open","ping_status":"open","sticky":false,"template":"","format":"standard","meta":{"_jetpack_memberships_contains_paid_content":false,"footnotes":"","jetpack_publicize_message":"","jetpack_publicize_feature_enabled":true,"jetpack_social_post_already_shared":false,"jetpack_social_options":{"image_generator_settings":{"template":"highway","default_image_id":0,"enabled":false},"version":2}},"categories":[4],"tags":[],"class_list":["post-14367","post","type-post","status-publish","format-standard","has-post-thumbnail","hentry","category-regiao"],"jetpack_publicize_connections":[],"jetpack_featured_media_url":"https:\/\/i0.wp.com\/www.paparazzinews.com.br\/wp-content\/uploads\/2024\/12\/8125-e1727698220284-1024x592-1.jpg?fit=1024%2C592&ssl=1","views":"797","jetpack_likes_enabled":true,"jetpack_sharing_enabled":true,"_links":{"self":[{"href":"https:\/\/www.paparazzinews.com.br\/index.php?rest_route=\/wp\/v2\/posts\/14367","targetHints":{"allow":["GET"]}}],"collection":[{"href":"https:\/\/www.paparazzinews.com.br\/index.php?rest_route=\/wp\/v2\/posts"}],"about":[{"href":"https:\/\/www.paparazzinews.com.br\/index.php?rest_route=\/wp\/v2\/types\/post"}],"author":[{"embeddable":true,"href":"https:\/\/www.paparazzinews.com.br\/index.php?rest_route=\/wp\/v2\/users\/1"}],"replies":[{"embeddable":true,"href":"https:\/\/www.paparazzinews.com.br\/index.php?rest_route=%2Fwp%2Fv2%2Fcomments&post=14367"}],"version-history":[{"count":1,"href":"https:\/\/www.paparazzinews.com.br\/index.php?rest_route=\/wp\/v2\/posts\/14367\/revisions"}],"predecessor-version":[{"id":14369,"href":"https:\/\/www.paparazzinews.com.br\/index.php?rest_route=\/wp\/v2\/posts\/14367\/revisions\/14369"}],"wp:featuredmedia":[{"embeddable":true,"href":"https:\/\/www.paparazzinews.com.br\/index.php?rest_route=\/wp\/v2\/media\/14368"}],"wp:attachment":[{"href":"https:\/\/www.paparazzinews.com.br\/index.php?rest_route=%2Fwp%2Fv2%2Fmedia&parent=14367"}],"wp:term":[{"taxonomy":"category","embeddable":true,"href":"https:\/\/www.paparazzinews.com.br\/index.php?rest_route=%2Fwp%2Fv2%2Fcategories&post=14367"},{"taxonomy":"post_tag","embeddable":true,"href":"https:\/\/www.paparazzinews.com.br\/index.php?rest_route=%2Fwp%2Fv2%2Ftags&post=14367"}],"curies":[{"name":"wp","href":"https:\/\/api.w.org\/{rel}","templated":true}]}}