{"id":14364,"date":"2024-12-10T11:27:22","date_gmt":"2024-12-10T14:27:22","guid":{"rendered":"https:\/\/www.paparazzinews.com.br\/?p=14364"},"modified":"2024-12-10T11:27:23","modified_gmt":"2024-12-10T14:27:23","slug":"secretaria-da-educacao-de-sao-paulo-abre-processo-de-atribuicao-de-classes-e-aulas-para-2025","status":"publish","type":"post","link":"https:\/\/www.paparazzinews.com.br\/?p=14364","title":{"rendered":"Secretaria da Educa\u00e7\u00e3o de S\u00e3o Paulo abre processo de atribui\u00e7\u00e3o de classes e aulas para 2025"},"content":{"rendered":"\n<p>A Secretaria da Educa\u00e7\u00e3o do Estado de S\u00e3o Paulo (Seduc-SP) iniciou nesta ter\u00e7a-feira (10\/12) o processo de atribui\u00e7\u00e3o de classes e aulas para o ano letivo de 2025. O processo ser\u00e1 realizado em duas etapas e fases, seguindo a classifica\u00e7\u00e3o definida pela Resolu\u00e7\u00e3o Seduc-70, de 7 de outubro de 2024. A informa\u00e7\u00e3o \u00e9 do Roni Paparazzi e Foto: Secretaria de Educa\u00e7\u00e3o\/Governo de SP.<\/p>\n\n\n\n<p><strong>As datas importantes s\u00e3o:<\/strong><\/p>\n\n\n\n<p>Etapa I<\/p>\n\n\n\n<ol class=\"wp-block-list\">\n<li>Fases 1 e 2 (10 e 11 de dezembro): Manifesta\u00e7\u00e3o de interesse e atribui\u00e7\u00e3o de docentes titulares de cargo em n\u00edvel de unidade escolar.<\/li>\n\n\n\n<li>Fases 3 e 4 (12 e 13 de dezembro): Manifesta\u00e7\u00e3o de interesse e atribui\u00e7\u00e3o de classes e aulas em n\u00edvel de diretoria de ensino.<\/li>\n\n\n\n<li>Fase 5 (16 de dezembro): Atribui\u00e7\u00e3o para titulares de cargo que optaram pela designa\u00e7\u00e3o pelo artigo 22.<\/li>\n<\/ol>\n\n\n\n<p><strong>Etapa II<\/strong><\/p>\n\n\n\n<ol class=\"wp-block-list\">\n<li>Fases 6 e 7 (17 a 20 de dezembro): Atribui\u00e7\u00e3o para docentes n\u00e3o efetivos (categoria P, N, F) interessados em composi\u00e7\u00e3o de jornada\/carga hor\u00e1ria.<\/li>\n\n\n\n<li>Fase 8 (23 a 26 de dezembro): Atribui\u00e7\u00e3o para docentes n\u00e3o efetivos (categoria P, N, F) habilitados e qualificados que optaram pela mudan\u00e7a de Diretoria de Ensino.<\/li>\n\n\n\n<li>A partir de 17 de janeiro: Atribui\u00e7\u00e3o de aulas para docentes contratos e candidatos a contrata\u00e7\u00e3o classificados e inscritos.<\/li>\n<\/ol>\n\n\n\n<p>O processo ser\u00e1 realizado online na Secretaria Escolar Digital (SED), no endere\u00e7o (<a href=\"http:\/\/www.sed.educacao.sp.gov.br\/inicio\" data-type=\"link\" data-id=\"www.sed.educacao.sp.gov.br\/inicio\">www.sed.educacao.sp.gov.br\/inicio<\/a>).<\/p>\n\n\n\n<p><strong><em><strong><em><strong><em><strong><em><strong><em><strong><em><strong><em><strong><em><strong><em><strong><em><strong><em><strong><em><strong><em><strong><em><strong><em><strong><em><strong><em><strong><em><strong><em><strong><em><strong><em><strong><em><strong><em><strong><em><strong><em><strong><em><strong><em><strong><em><strong><em><strong><em><strong><em><strong><em><strong>Siga nossas redes sociais no&nbsp;<a href=\"https:\/\/www.instagram.com\/ronipaparazzi\/\">Instagram&nbsp;<\/a>e&nbsp;<a href=\"https:\/\/www.facebook.com\/ronipaparazzicomvoce\">Facebook<\/a>&nbsp;participe da nossa comunidade do Canal Roni Paparazzi no Whatsapp e receba as principais not\u00edcias da regi\u00e3o de Ara\u00e7atuba do dia direto no seu celular.<\/strong>&nbsp;<a href=\"https:\/\/chat.whatsapp.com\/GsG1XKo0jPOEfjzudWQcml\" target=\"_blank\" rel=\"noreferrer noopener\">&nbsp;Clique aqui e se inscreva.<\/a><\/em><\/strong><\/em><\/strong><\/em><\/strong><\/em><\/strong><\/em><\/strong><\/em><\/strong><\/em><\/strong><\/em><\/strong><\/em><\/strong><\/em><\/strong><\/em><\/strong><\/em><\/strong><\/em><\/strong><\/em><\/strong><\/em><\/strong><\/em><\/strong><\/em><\/strong><\/em><\/strong><\/em><\/strong><\/em><\/strong><\/em><\/strong><\/em><\/strong><\/em><\/strong><\/em><\/strong><\/em><\/strong><\/em><\/strong><\/em><\/strong><\/em><\/strong><\/em><\/strong><\/em><\/strong><\/em><\/strong><\/em><\/strong><\/p>\n\n\n\n<p><a href=\"https:\/\/www.paparazzinews.com.br\/wp-admin\/post.php?post=14353&amp;action=edit\"><\/a><\/p>\n","protected":false},"excerpt":{"rendered":"<p>A Secretaria da Educa\u00e7\u00e3o do Estado de S\u00e3o Paulo (Seduc-SP) iniciou nesta ter\u00e7a-feira (10\/12) o processo de atribui\u00e7\u00e3o de classes e aulas para o ano letivo de 2025. O processo ser\u00e1 realizado em duas etapas e fases, seguindo a classifica\u00e7\u00e3o definida pela Resolu\u00e7\u00e3o Seduc-70, de 7 de outubro de 2024. A informa\u00e7\u00e3o \u00e9 do Roni &hellip;<\/p>\n","protected":false},"author":1,"featured_media":14365,"comment_status":"open","ping_status":"open","sticky":false,"template":"","format":"standard","meta":{"_jetpack_memberships_contains_paid_content":false,"footnotes":"","jetpack_publicize_message":"","jetpack_publicize_feature_enabled":true,"jetpack_social_post_already_shared":false,"jetpack_social_options":{"image_generator_settings":{"template":"highway","default_image_id":0,"enabled":false},"version":2}},"categories":[4],"tags":[],"class_list":["post-14364","post","type-post","status-publish","format-standard","has-post-thumbnail","hentry","category-regiao"],"jetpack_publicize_connections":[],"jetpack_featured_media_url":"https:\/\/i0.wp.com\/www.paparazzinews.com.br\/wp-content\/uploads\/2024\/12\/Credito_SeducSP_Ciete-Silverio-1024x744-1.jpg?fit=1024%2C744&ssl=1","views":"768","jetpack_likes_enabled":true,"jetpack_sharing_enabled":true,"_links":{"self":[{"href":"https:\/\/www.paparazzinews.com.br\/index.php?rest_route=\/wp\/v2\/posts\/14364","targetHints":{"allow":["GET"]}}],"collection":[{"href":"https:\/\/www.paparazzinews.com.br\/index.php?rest_route=\/wp\/v2\/posts"}],"about":[{"href":"https:\/\/www.paparazzinews.com.br\/index.php?rest_route=\/wp\/v2\/types\/post"}],"author":[{"embeddable":true,"href":"https:\/\/www.paparazzinews.com.br\/index.php?rest_route=\/wp\/v2\/users\/1"}],"replies":[{"embeddable":true,"href":"https:\/\/www.paparazzinews.com.br\/index.php?rest_route=%2Fwp%2Fv2%2Fcomments&post=14364"}],"version-history":[{"count":1,"href":"https:\/\/www.paparazzinews.com.br\/index.php?rest_route=\/wp\/v2\/posts\/14364\/revisions"}],"predecessor-version":[{"id":14366,"href":"https:\/\/www.paparazzinews.com.br\/index.php?rest_route=\/wp\/v2\/posts\/14364\/revisions\/14366"}],"wp:featuredmedia":[{"embeddable":true,"href":"https:\/\/www.paparazzinews.com.br\/index.php?rest_route=\/wp\/v2\/media\/14365"}],"wp:attachment":[{"href":"https:\/\/www.paparazzinews.com.br\/index.php?rest_route=%2Fwp%2Fv2%2Fmedia&parent=14364"}],"wp:term":[{"taxonomy":"category","embeddable":true,"href":"https:\/\/www.paparazzinews.com.br\/index.php?rest_route=%2Fwp%2Fv2%2Fcategories&post=14364"},{"taxonomy":"post_tag","embeddable":true,"href":"https:\/\/www.paparazzinews.com.br\/index.php?rest_route=%2Fwp%2Fv2%2Ftags&post=14364"}],"curies":[{"name":"wp","href":"https:\/\/api.w.org\/{rel}","templated":true}]}}