{"id":1433,"date":"2022-12-12T15:34:26","date_gmt":"2022-12-12T18:34:26","guid":{"rendered":"https:\/\/www.paparazzinews.com.br\/?p=1433"},"modified":"2022-12-12T15:34:27","modified_gmt":"2022-12-12T18:34:27","slug":"ala-sus-da-santa-casa-de-andradina-recebe-26-ar-condicionado","status":"publish","type":"post","link":"https:\/\/www.paparazzinews.com.br\/?p=1433","title":{"rendered":"Ala SUS da Santa Casa de Andradina recebe 26 ar-condicionado"},"content":{"rendered":"\n<p>O prefeito de Andradina, M\u00e1rio Celso Lopes realizou a entrega de 26 aparelhos de ares-condicionados que ser\u00e3o utilizados na climatiza\u00e7\u00e3o da ala SUS (Sistema \u00danico de Sa\u00fade) e sala de parto da Santa Casa de Andradina.<\/p>\n\n\n\n<p>A entrega aconteceu na manh\u00e3 desta quinta-feira (08) com a presen\u00e7a do secret\u00e1rio de Governo, Ernesto J\u00fanior, dos vereadores Fabr\u00edcio Mazotti, Rodarte dos Anjos e Elaine Vogel, que foram recebidos pelo presidente da Santa Casa, Geraldo Shiomi J\u00fanior, o superintendente, Sebasti\u00e3o S\u00e9rgio da Silva, al\u00e9m de outros diretores da entidade.<\/p>\n\n\n\n<p>\u201cEsses aparelhos representam melhoria na qualidade de vida das pessoas em um momento de tratamento de sa\u00fade. Um justo pedido da C\u00e2mara que temos a grata satisfa\u00e7\u00e3o de tornar realidade\u201d, disse o prefeito.<br>Em nome da Santa Casa de Andradina, Geraldo Shiomi agradeceu o prefeito M\u00e1rio Celso Lopes pela entrega dos equipamentos e aos vereadores pela importante contribui\u00e7\u00e3o dada aos pacientes menos favorecidos.<\/p>\n\n\n\n<p>A aquisi\u00e7\u00e3o dos aparelhos foi um compromisso feito entre o prefeito e vereadores quando da devolu\u00e7\u00e3o da economia do duod\u00e9cimo da C\u00e2mara de Andradina ao longo de 2021, sob a presid\u00eancia do vereador Helton Rodrigo Prando \u2013 Coxinha Prando, que proporcionou a devolu\u00e7\u00e3o de R$ 1,7 milh\u00e3o no final do ano passado, Com essa devolu\u00e7\u00e3o tamb\u00e9m est\u00e1 sendo poss\u00edvel a implanta\u00e7\u00e3o do projeto da Paes Leme Mall Street que est\u00e1 promovendo a transforma\u00e7\u00e3o da mais tradicional rua do com\u00e9rcio regional num novo conceito arquitet\u00f4nico e funcional.<\/p>\n\n\n\n<p>\u201cEssa doa\u00e7\u00e3o dos aparelhos \u00e9 fruto da economia do dinheiro p\u00fablico que fizemos em nossa gest\u00e3o. Todos n\u00f3s quinze vereadores ficamos sensibilizados com a situa\u00e7\u00e3o dos pacientes e acompanhantes que utilizaram as acomoda\u00e7\u00f5es do SUS, pois em nossa regi\u00e3o o forte calor prevalece praticamente o ano todo. Ao tomarmos conhecimento das dificuldades que a Santa Casa tinha para poder bancar a compra os equipamentos, n\u00f3s propusemos de devolver o dinheiro e em comum acordo com a prefeito M\u00e1rio e dire\u00e7\u00e3o da Santa Casa, que parte dos recursos fossem aplicados na compra dos aparelhos de ar condicionado para que fossem instalados nos quartos que n\u00e3o possu\u00edam esse tipo de climatiza\u00e7\u00e3o\u201d, comentou Coxinha Prando, que por outros compromissos n\u00e3o pode comparecer no ato da entrega dos aparelhos.<\/p>\n\n\n\n<p>Os 26 aparelhos foram adquiridos por meio de Preg\u00e3o Eletr\u00f4nico realizado pela Prefeitura de Andradina no dia 10 de junho e custou R$ 1.765,00 a unidade de 12.000 Btus, totalizando R$ 45.890,00 e entregues pela empresa vencedora do certame, Ventisol da Amaz\u00f4nia Industria de Aparelhos El\u00e9tricos Ltda.<\/p>\n","protected":false},"excerpt":{"rendered":"<p>O prefeito de Andradina, M\u00e1rio Celso Lopes realizou a entrega de 26 aparelhos de ares-condicionados que ser\u00e3o utilizados na climatiza\u00e7\u00e3o da ala SUS (Sistema \u00danico de Sa\u00fade) e sala de parto da Santa Casa de Andradina. A entrega aconteceu na manh\u00e3 desta quinta-feira (08) com a presen\u00e7a do secret\u00e1rio de Governo, Ernesto J\u00fanior, dos vereadores &hellip;<\/p>\n","protected":false},"author":1,"featured_media":1434,"comment_status":"open","ping_status":"open","sticky":false,"template":"","format":"standard","meta":{"_jetpack_memberships_contains_paid_content":false,"footnotes":"","jetpack_publicize_message":"","jetpack_publicize_feature_enabled":true,"jetpack_social_post_already_shared":false,"jetpack_social_options":{"image_generator_settings":{"template":"highway","default_image_id":0,"enabled":false},"version":2}},"categories":[4],"tags":[],"class_list":["post-1433","post","type-post","status-publish","format-standard","has-post-thumbnail","hentry","category-regiao"],"jetpack_publicize_connections":[],"jetpack_featured_media_url":"https:\/\/i0.wp.com\/www.paparazzinews.com.br\/wp-content\/uploads\/2022\/12\/0a492408-eacf-4cbb-b517-cc6b6aa4c0be-e1670870043346.jpg?fit=1000%2C555&ssl=1","views":"2443","jetpack_likes_enabled":true,"jetpack_sharing_enabled":true,"_links":{"self":[{"href":"https:\/\/www.paparazzinews.com.br\/index.php?rest_route=\/wp\/v2\/posts\/1433","targetHints":{"allow":["GET"]}}],"collection":[{"href":"https:\/\/www.paparazzinews.com.br\/index.php?rest_route=\/wp\/v2\/posts"}],"about":[{"href":"https:\/\/www.paparazzinews.com.br\/index.php?rest_route=\/wp\/v2\/types\/post"}],"author":[{"embeddable":true,"href":"https:\/\/www.paparazzinews.com.br\/index.php?rest_route=\/wp\/v2\/users\/1"}],"replies":[{"embeddable":true,"href":"https:\/\/www.paparazzinews.com.br\/index.php?rest_route=%2Fwp%2Fv2%2Fcomments&post=1433"}],"version-history":[{"count":1,"href":"https:\/\/www.paparazzinews.com.br\/index.php?rest_route=\/wp\/v2\/posts\/1433\/revisions"}],"predecessor-version":[{"id":1435,"href":"https:\/\/www.paparazzinews.com.br\/index.php?rest_route=\/wp\/v2\/posts\/1433\/revisions\/1435"}],"wp:featuredmedia":[{"embeddable":true,"href":"https:\/\/www.paparazzinews.com.br\/index.php?rest_route=\/wp\/v2\/media\/1434"}],"wp:attachment":[{"href":"https:\/\/www.paparazzinews.com.br\/index.php?rest_route=%2Fwp%2Fv2%2Fmedia&parent=1433"}],"wp:term":[{"taxonomy":"category","embeddable":true,"href":"https:\/\/www.paparazzinews.com.br\/index.php?rest_route=%2Fwp%2Fv2%2Fcategories&post=1433"},{"taxonomy":"post_tag","embeddable":true,"href":"https:\/\/www.paparazzinews.com.br\/index.php?rest_route=%2Fwp%2Fv2%2Ftags&post=1433"}],"curies":[{"name":"wp","href":"https:\/\/api.w.org\/{rel}","templated":true}]}}