{"id":14267,"date":"2024-12-06T17:05:19","date_gmt":"2024-12-06T20:05:19","guid":{"rendered":"https:\/\/www.paparazzinews.com.br\/?p=14267"},"modified":"2024-12-06T17:05:19","modified_gmt":"2024-12-06T20:05:19","slug":"concurso-publico-da-prefeitura-de-andradina-orientacoes-para-candidatos","status":"publish","type":"post","link":"https:\/\/www.paparazzinews.com.br\/?p=14267","title":{"rendered":"Concurso P\u00fablico da Prefeitura de Andradina: Orienta\u00e7\u00f5es para Candidatos"},"content":{"rendered":"\n<p>A Prefeitura Municipal de Andradina divulgou orienta\u00e7\u00f5es importantes para candidatos que se inscreveram para o Concurso P\u00fablico N\u00ba 002\/2024. Confira: A informa\u00e7\u00e3o \u00e9 do Roni Paparazzi e Foto: Divulga\u00e7\u00e3o.<\/p>\n\n\n\n<p><strong>Orienta\u00e7\u00f5es para Candidatos<\/strong><\/p>\n\n\n\n<ol class=\"wp-block-list\">\n<li>Candidatos que j\u00e1 pagaram: N\u00e3o precisam realizar nova inscri\u00e7\u00e3o. Aguardem a divulga\u00e7\u00e3o da lista de inscritos conforme cronograma.<\/li>\n\n\n\n<li>Candidatos que n\u00e3o pagaram: Acessar o site da Prefeitura, ir at\u00e9 a p\u00e1gina do Concurso P\u00fablico N\u00ba 002\/2024 e clicar em &#8220;imprimir boleto&#8221;.<\/li>\n\n\n\n<li>Candidatos que solicitaram isen\u00e7\u00e3o: N\u00e3o precisam solicitar novamente. Aguardem a divulga\u00e7\u00e3o da lista de isentos.<\/li>\n\n\n\n<li>Candidatos que n\u00e3o solicitaram isen\u00e7\u00e3o: Podem fazer o requerimento conforme Edital de Abertura, item 2.17, no prazo estabelecido.<\/li>\n<\/ol>\n\n\n\n<p>O concurso oferece 61 vagas para cargos na sa\u00fade.\u00b9 Para mais informa\u00e7\u00f5es, acessar o site da Prefeitura Municipal de Andradina ou da CONSCAM.<\/p>\n\n\n\n<p><strong><em><strong><em><strong><em><strong><em><strong><em><strong><em><strong><em><strong><em><strong><em><strong><em><strong><em><strong><em><strong><em><strong><em><strong><em><strong><em><strong><em><strong><em><strong><em><strong><em><strong><em><strong><em><strong><em><strong><em><strong><em><strong><em><strong><em><strong><em><strong><em><strong><em><strong><em><strong><em><strong>Siga nossas redes sociais no&nbsp;<a href=\"https:\/\/www.instagram.com\/ronipaparazzi\/\">Instagram&nbsp;<\/a>e&nbsp;<a href=\"https:\/\/www.facebook.com\/ronipaparazzicomvoce\">Facebook<\/a>&nbsp;participe da nossa comunidade do Canal Roni Paparazzi no Whatsapp e receba as principais not\u00edcias da regi\u00e3o de Ara\u00e7atuba do dia direto no seu celular.<\/strong>&nbsp;<a href=\"https:\/\/chat.whatsapp.com\/GsG1XKo0jPOEfjzudWQcml\" target=\"_blank\" rel=\"noreferrer noopener\">&nbsp;Clique aqui e se inscreva.<\/a><\/em><\/strong><\/em><\/strong><\/em><\/strong><\/em><\/strong><\/em><\/strong><\/em><\/strong><\/em><\/strong><\/em><\/strong><\/em><\/strong><\/em><\/strong><\/em><\/strong><\/em><\/strong><\/em><\/strong><\/em><\/strong><\/em><\/strong><\/em><\/strong><\/em><\/strong><\/em><\/strong><\/em><\/strong><\/em><\/strong><\/em><\/strong><\/em><\/strong><\/em><\/strong><\/em><\/strong><\/em><\/strong><\/em><\/strong><\/em><\/strong><\/em><\/strong><\/em><\/strong><\/em><\/strong><\/em><\/strong><\/em><\/strong><\/p>\n\n\n\n<p><a href=\"https:\/\/www.paparazzinews.com.br\/wp-admin\/post.php?post=14261&amp;action=edit\"><\/a><\/p>\n","protected":false},"excerpt":{"rendered":"<p>A Prefeitura Municipal de Andradina divulgou orienta\u00e7\u00f5es importantes para candidatos que se inscreveram para o Concurso P\u00fablico N\u00ba 002\/2024. Confira: A informa\u00e7\u00e3o \u00e9 do Roni Paparazzi e Foto: Divulga\u00e7\u00e3o. Orienta\u00e7\u00f5es para Candidatos Candidatos que j\u00e1 pagaram: N\u00e3o precisam realizar nova inscri\u00e7\u00e3o. Aguardem a divulga\u00e7\u00e3o da lista de inscritos conforme cronograma. Candidatos que n\u00e3o pagaram: Acessar &hellip;<\/p>\n","protected":false},"author":1,"featured_media":14268,"comment_status":"open","ping_status":"open","sticky":false,"template":"","format":"standard","meta":{"_jetpack_memberships_contains_paid_content":false,"footnotes":"","jetpack_publicize_message":"","jetpack_publicize_feature_enabled":true,"jetpack_social_post_already_shared":false,"jetpack_social_options":{"image_generator_settings":{"template":"highway","default_image_id":0,"enabled":false},"version":2}},"categories":[4],"tags":[],"class_list":["post-14267","post","type-post","status-publish","format-standard","has-post-thumbnail","hentry","category-regiao"],"jetpack_publicize_connections":[],"jetpack_featured_media_url":"https:\/\/i0.wp.com\/www.paparazzinews.com.br\/wp-content\/uploads\/2024\/12\/concurso-prefeitura-andradina-foto-divulgacao_widemd.jpg?fit=590%2C331&ssl=1","views":"845","jetpack_likes_enabled":true,"jetpack_sharing_enabled":true,"_links":{"self":[{"href":"https:\/\/www.paparazzinews.com.br\/index.php?rest_route=\/wp\/v2\/posts\/14267","targetHints":{"allow":["GET"]}}],"collection":[{"href":"https:\/\/www.paparazzinews.com.br\/index.php?rest_route=\/wp\/v2\/posts"}],"about":[{"href":"https:\/\/www.paparazzinews.com.br\/index.php?rest_route=\/wp\/v2\/types\/post"}],"author":[{"embeddable":true,"href":"https:\/\/www.paparazzinews.com.br\/index.php?rest_route=\/wp\/v2\/users\/1"}],"replies":[{"embeddable":true,"href":"https:\/\/www.paparazzinews.com.br\/index.php?rest_route=%2Fwp%2Fv2%2Fcomments&post=14267"}],"version-history":[{"count":1,"href":"https:\/\/www.paparazzinews.com.br\/index.php?rest_route=\/wp\/v2\/posts\/14267\/revisions"}],"predecessor-version":[{"id":14269,"href":"https:\/\/www.paparazzinews.com.br\/index.php?rest_route=\/wp\/v2\/posts\/14267\/revisions\/14269"}],"wp:featuredmedia":[{"embeddable":true,"href":"https:\/\/www.paparazzinews.com.br\/index.php?rest_route=\/wp\/v2\/media\/14268"}],"wp:attachment":[{"href":"https:\/\/www.paparazzinews.com.br\/index.php?rest_route=%2Fwp%2Fv2%2Fmedia&parent=14267"}],"wp:term":[{"taxonomy":"category","embeddable":true,"href":"https:\/\/www.paparazzinews.com.br\/index.php?rest_route=%2Fwp%2Fv2%2Fcategories&post=14267"},{"taxonomy":"post_tag","embeddable":true,"href":"https:\/\/www.paparazzinews.com.br\/index.php?rest_route=%2Fwp%2Fv2%2Ftags&post=14267"}],"curies":[{"name":"wp","href":"https:\/\/api.w.org\/{rel}","templated":true}]}}