{"id":1423,"date":"2022-12-08T17:01:19","date_gmt":"2022-12-08T20:01:19","guid":{"rendered":"https:\/\/www.paparazzinews.com.br\/?p=1423"},"modified":"2022-12-08T17:01:20","modified_gmt":"2022-12-08T20:01:20","slug":"homem-que-matou-irmao-em-castilho-vai-a-juri-popular","status":"publish","type":"post","link":"https:\/\/www.paparazzinews.com.br\/?p=1423","title":{"rendered":"<strong>Homem que matou irm\u00e3o em Castilho vai a j\u00fari popular<\/strong>"},"content":{"rendered":"\n<blockquote class=\"wp-block-quote is-layout-flow wp-block-quote-is-layout-flow\">\n<p><em>Colabora\u00e7\u00e3o: Disnei Ferreira Rodrigues*<\/em><\/p>\n<\/blockquote>\n\n\n\n<p>&nbsp;&nbsp;&nbsp;&nbsp;&nbsp;&nbsp;&nbsp;&nbsp;&nbsp;&nbsp;&nbsp; Um homic\u00eddio ocorrido no dia 28 de outubro de 2021 em Castilho vai a j\u00fari popular no dia 5 de abril de 2023, a partir das 9h, no F\u00f3rum de Andradina.<\/p>\n\n\n\n<p>&nbsp;&nbsp;&nbsp;&nbsp;&nbsp;&nbsp;&nbsp;&nbsp;&nbsp;&nbsp;&nbsp; Jo\u00e3o Natalino Dias, de 39 anos, vai responder pela acusa\u00e7\u00e3o de ter matado a facada seu irm\u00e3o, Elso Ferreira Dias, ent\u00e3o com 44 anos.<\/p>\n\n\n\n<p>&nbsp;&nbsp;&nbsp;&nbsp;&nbsp;&nbsp;&nbsp;&nbsp;&nbsp;&nbsp;&nbsp; O crime ocorreu na Avenida Samira Zar, n\u00ba 764, por volta das 17h.<\/p>\n\n\n\n<p>&nbsp;&nbsp;&nbsp;&nbsp;&nbsp;&nbsp;&nbsp;&nbsp;&nbsp;&nbsp;&nbsp; De acordo com a den\u00fancia do Minist\u00e9rio P\u00fablico de Andradina, os irm\u00e3os se desentenderam quando Natalino esfaqueou o irm\u00e3o no t\u00f3rax.<\/p>\n\n\n\n<p>&nbsp;&nbsp;&nbsp;&nbsp;&nbsp;&nbsp;&nbsp;&nbsp;&nbsp;&nbsp;&nbsp; Conforme os autos do processo, quando a pol\u00edcia chegou ao local dos fatos, o acusado estava sentado a poucos metros da v\u00edtima, calmo e confessou o crime. Ele alegou que apanhava constantemente do irm\u00e3o e que j\u00e1 havia avisado que o mataria caso n\u00e3o parasse com as agress\u00f5es.<\/p>\n\n\n\n<p>&nbsp;&nbsp;&nbsp;&nbsp;&nbsp;&nbsp;&nbsp;&nbsp;&nbsp;&nbsp;&nbsp; Uma policial que atendeu a ocorr\u00eancia relatou que o acusado disse ter levado um tapa no rosto e por isso revidou com a faca.<\/p>\n\n\n\n<p>&nbsp;&nbsp;&nbsp;&nbsp;&nbsp;&nbsp;&nbsp;&nbsp;&nbsp;&nbsp;&nbsp; Na decis\u00e3o do juiz que determinou o julgamento, consta ainda que \u201c<em>Interrogado, o r\u00e9u disse que estava cortando cebola com uma faca e o seu irm\u00e3o chegou lhe agredindo. Foi virar-se para se defender, com a faca na m\u00e3o, e a faca acidentalmente feriu seu irm\u00e3o na barriga. Virou-se apenas para se defender, com a faca na m\u00e3o, mas sua inten\u00e7\u00e3o de esfaque\u00e1-lo\u201d.<\/em><\/p>\n\n\n\n<p>&nbsp;&nbsp;&nbsp;&nbsp;&nbsp;&nbsp;&nbsp;&nbsp;&nbsp;&nbsp;&nbsp; A defesa do r\u00e9u alega que ele agiu em leg\u00edtima defesa e que o esfaqueamento teria sido acidental, mas a decis\u00e3o caber\u00e1 ao Tribunal do J\u00fari que se reunir\u00e1 no dia 5 de abril.<\/p>\n\n\n\n<blockquote class=\"wp-block-quote is-layout-flow wp-block-quote-is-layout-flow\">\n<p><em>* \u00c9 jornalista, advogado e professor de L\u00edngua Portuguesa e Sociologia<\/em><\/p>\n<\/blockquote>\n","protected":false},"excerpt":{"rendered":"<p>Colabora\u00e7\u00e3o: Disnei Ferreira Rodrigues* &nbsp;&nbsp;&nbsp;&nbsp;&nbsp;&nbsp;&nbsp;&nbsp;&nbsp;&nbsp;&nbsp; Um homic\u00eddio ocorrido no dia 28 de outubro de 2021 em Castilho vai a j\u00fari popular no dia 5 de abril de 2023, a partir das 9h, no F\u00f3rum de Andradina. &nbsp;&nbsp;&nbsp;&nbsp;&nbsp;&nbsp;&nbsp;&nbsp;&nbsp;&nbsp;&nbsp; Jo\u00e3o Natalino Dias, de 39 anos, vai responder pela acusa\u00e7\u00e3o de ter matado a facada seu irm\u00e3o, Elso &hellip;<\/p>\n","protected":false},"author":1,"featured_media":1424,"comment_status":"open","ping_status":"open","sticky":false,"template":"","format":"standard","meta":{"_jetpack_memberships_contains_paid_content":false,"footnotes":"","jetpack_publicize_message":"","jetpack_publicize_feature_enabled":true,"jetpack_social_post_already_shared":false,"jetpack_social_options":{"image_generator_settings":{"template":"highway","default_image_id":0,"enabled":false},"version":2}},"categories":[3],"tags":[],"class_list":["post-1423","post","type-post","status-publish","format-standard","has-post-thumbnail","hentry","category-policial"],"jetpack_publicize_connections":[],"jetpack_featured_media_url":"https:\/\/i0.wp.com\/www.paparazzinews.com.br\/wp-content\/uploads\/2022\/12\/318982381_855817369081550_1606515824308433184_n.jpg?fit=640%2C371&ssl=1","views":"4064","jetpack_likes_enabled":true,"jetpack_sharing_enabled":true,"_links":{"self":[{"href":"https:\/\/www.paparazzinews.com.br\/index.php?rest_route=\/wp\/v2\/posts\/1423","targetHints":{"allow":["GET"]}}],"collection":[{"href":"https:\/\/www.paparazzinews.com.br\/index.php?rest_route=\/wp\/v2\/posts"}],"about":[{"href":"https:\/\/www.paparazzinews.com.br\/index.php?rest_route=\/wp\/v2\/types\/post"}],"author":[{"embeddable":true,"href":"https:\/\/www.paparazzinews.com.br\/index.php?rest_route=\/wp\/v2\/users\/1"}],"replies":[{"embeddable":true,"href":"https:\/\/www.paparazzinews.com.br\/index.php?rest_route=%2Fwp%2Fv2%2Fcomments&post=1423"}],"version-history":[{"count":1,"href":"https:\/\/www.paparazzinews.com.br\/index.php?rest_route=\/wp\/v2\/posts\/1423\/revisions"}],"predecessor-version":[{"id":1425,"href":"https:\/\/www.paparazzinews.com.br\/index.php?rest_route=\/wp\/v2\/posts\/1423\/revisions\/1425"}],"wp:featuredmedia":[{"embeddable":true,"href":"https:\/\/www.paparazzinews.com.br\/index.php?rest_route=\/wp\/v2\/media\/1424"}],"wp:attachment":[{"href":"https:\/\/www.paparazzinews.com.br\/index.php?rest_route=%2Fwp%2Fv2%2Fmedia&parent=1423"}],"wp:term":[{"taxonomy":"category","embeddable":true,"href":"https:\/\/www.paparazzinews.com.br\/index.php?rest_route=%2Fwp%2Fv2%2Fcategories&post=1423"},{"taxonomy":"post_tag","embeddable":true,"href":"https:\/\/www.paparazzinews.com.br\/index.php?rest_route=%2Fwp%2Fv2%2Ftags&post=1423"}],"curies":[{"name":"wp","href":"https:\/\/api.w.org\/{rel}","templated":true}]}}