{"id":14166,"date":"2024-12-05T10:43:36","date_gmt":"2024-12-05T13:43:36","guid":{"rendered":"https:\/\/www.paparazzinews.com.br\/?p=14166"},"modified":"2024-12-05T10:43:37","modified_gmt":"2024-12-05T13:43:37","slug":"concurso-publico-da-prefeitura-de-andradina-4a-retificacao-do-edital-e-novo-cronograma","status":"publish","type":"post","link":"https:\/\/www.paparazzinews.com.br\/?p=14166","title":{"rendered":"Concurso P\u00fablico da Prefeitura de Andradina: 4\u00aa Retifica\u00e7\u00e3o do Edital e Novo Cronograma"},"content":{"rendered":"\n<p>A Prefeitura Municipal de Andradina publicou a 4\u00aa retifica\u00e7\u00e3o do edital do Concurso P\u00fablico n\u00ba 002\/2024. As principais altera\u00e7\u00f5es incluem: A informa\u00e7\u00e3o \u00e9 do Roni Paparazzi e Foto: Divulga\u00e7\u00e3o.<\/p>\n\n\n\n<p><strong>Altera\u00e7\u00f5es<\/strong><\/p>\n\n\n\n<ol class=\"wp-block-list\">\n<li>Item 2.3: Os candidatos devem ter conhecimento dos requisitos exigidos e comprov\u00e1-los no ato da posse.<\/li>\n\n\n\n<li>Cronograma: O novo cronograma inclui:<\/li>\n<\/ol>\n\n\n\n<ul class=\"wp-block-list\">\n<li>Per\u00edodo de inscri\u00e7\u00f5es: 05\/12\/2024 a 27\/12\/2024<\/li>\n\n\n\n<li>Prazo de solicita\u00e7\u00e3o de isen\u00e7\u00e3o: 05\/12\/2024 a 09\/12\/2024<\/li>\n\n\n\n<li>Divulga\u00e7\u00e3o dos pedidos de isen\u00e7\u00e3o deferidos e indeferidos: 12\/12\/2024<\/li>\n\n\n\n<li>Realiza\u00e7\u00e3o das Provas Objetivas: 26\/01\/2025<\/li>\n<\/ul>\n\n\n\n<p><strong>Pr\u00f3ximos Passos<\/strong><\/p>\n\n\n\n<ul class=\"wp-block-list\">\n<li>Divulga\u00e7\u00e3o da retifica\u00e7\u00e3o da rela\u00e7\u00e3o dos candidatos inscritos: 16\/01\/2025<\/li>\n\n\n\n<li>Divulga\u00e7\u00e3o do gabarito das provas: 27\/01\/2025<\/li>\n\n\n\n<li>Publica\u00e7\u00e3o da retifica\u00e7\u00e3o e\/ou homologa\u00e7\u00e3o do resultado final: 26\/02\/2025<\/li>\n<\/ul>\n\n\n\n<p><strong><em><strong><em><strong><em><strong><em><strong><em><strong><em><strong><em><strong><em><strong><em><strong><em><strong><em><strong><em><strong><em><strong><em><strong><em><strong><em><strong><em><strong><em><strong><em><strong><em><strong><em><strong><em><strong><em><strong><em><strong><em><strong><em><strong><em><strong><em><strong><em><strong><em><strong><em><strong><em><strong>Siga nossas redes sociais no\u00a0<a href=\"https:\/\/www.instagram.com\/ronipaparazzi\/\">Instagram\u00a0<\/a>e\u00a0<a href=\"https:\/\/www.facebook.com\/ronipaparazzicomvoce\">Facebook<\/a>\u00a0participe da nossa comunidade do Canal Roni Paparazzi no Whatsapp e receba as principais not\u00edcias da regi\u00e3o de Ara\u00e7atuba do dia direto no seu celular.<\/strong>\u00a0<a href=\"https:\/\/chat.whatsapp.com\/GsG1XKo0jPOEfjzudWQcml\" target=\"_blank\" rel=\"noreferrer noopener\">\u00a0Clique aqui e se inscreva.<\/a><\/em><\/strong><\/em><\/strong><\/em><\/strong><\/em><\/strong><\/em><\/strong><\/em><\/strong><\/em><\/strong><\/em><\/strong><\/em><\/strong><\/em><\/strong><\/em><\/strong><\/em><\/strong><\/em><\/strong><\/em><\/strong><\/em><\/strong><\/em><\/strong><\/em><\/strong><\/em><\/strong><\/em><\/strong><\/em><\/strong><\/em><\/strong><\/em><\/strong><\/em><\/strong><\/em><\/strong><\/em><\/strong><\/em><\/strong><\/em><\/strong><\/em><\/strong><\/em><\/strong><\/em><\/strong><\/em><\/strong><\/em><\/strong><\/p>\n","protected":false},"excerpt":{"rendered":"<p>A Prefeitura Municipal de Andradina publicou a 4\u00aa retifica\u00e7\u00e3o do edital do Concurso P\u00fablico n\u00ba 002\/2024. As principais altera\u00e7\u00f5es incluem: A informa\u00e7\u00e3o \u00e9 do Roni Paparazzi e Foto: Divulga\u00e7\u00e3o. Altera\u00e7\u00f5es Item 2.3: Os candidatos devem ter conhecimento dos requisitos exigidos e comprov\u00e1-los no ato da posse. Cronograma: O novo cronograma inclui: Per\u00edodo de inscri\u00e7\u00f5es: 05\/12\/2024 &hellip;<\/p>\n","protected":false},"author":1,"featured_media":14167,"comment_status":"open","ping_status":"open","sticky":false,"template":"","format":"standard","meta":{"_jetpack_memberships_contains_paid_content":false,"footnotes":"","jetpack_publicize_message":"","jetpack_publicize_feature_enabled":true,"jetpack_social_post_already_shared":false,"jetpack_social_options":{"image_generator_settings":{"template":"highway","default_image_id":0,"enabled":false},"version":2}},"categories":[4],"tags":[],"class_list":["post-14166","post","type-post","status-publish","format-standard","has-post-thumbnail","hentry","category-regiao"],"jetpack_publicize_connections":[],"jetpack_featured_media_url":"https:\/\/i0.wp.com\/www.paparazzinews.com.br\/wp-content\/uploads\/2024\/12\/images-3.jpg?fit=275%2C183&ssl=1","views":"941","jetpack_likes_enabled":true,"jetpack_sharing_enabled":true,"_links":{"self":[{"href":"https:\/\/www.paparazzinews.com.br\/index.php?rest_route=\/wp\/v2\/posts\/14166","targetHints":{"allow":["GET"]}}],"collection":[{"href":"https:\/\/www.paparazzinews.com.br\/index.php?rest_route=\/wp\/v2\/posts"}],"about":[{"href":"https:\/\/www.paparazzinews.com.br\/index.php?rest_route=\/wp\/v2\/types\/post"}],"author":[{"embeddable":true,"href":"https:\/\/www.paparazzinews.com.br\/index.php?rest_route=\/wp\/v2\/users\/1"}],"replies":[{"embeddable":true,"href":"https:\/\/www.paparazzinews.com.br\/index.php?rest_route=%2Fwp%2Fv2%2Fcomments&post=14166"}],"version-history":[{"count":1,"href":"https:\/\/www.paparazzinews.com.br\/index.php?rest_route=\/wp\/v2\/posts\/14166\/revisions"}],"predecessor-version":[{"id":14168,"href":"https:\/\/www.paparazzinews.com.br\/index.php?rest_route=\/wp\/v2\/posts\/14166\/revisions\/14168"}],"wp:featuredmedia":[{"embeddable":true,"href":"https:\/\/www.paparazzinews.com.br\/index.php?rest_route=\/wp\/v2\/media\/14167"}],"wp:attachment":[{"href":"https:\/\/www.paparazzinews.com.br\/index.php?rest_route=%2Fwp%2Fv2%2Fmedia&parent=14166"}],"wp:term":[{"taxonomy":"category","embeddable":true,"href":"https:\/\/www.paparazzinews.com.br\/index.php?rest_route=%2Fwp%2Fv2%2Fcategories&post=14166"},{"taxonomy":"post_tag","embeddable":true,"href":"https:\/\/www.paparazzinews.com.br\/index.php?rest_route=%2Fwp%2Fv2%2Ftags&post=14166"}],"curies":[{"name":"wp","href":"https:\/\/api.w.org\/{rel}","templated":true}]}}